{"id":64004,"date":"2026-02-21T04:10:15","date_gmt":"2026-02-21T07:10:15","guid":{"rendered":"https:\/\/mussicom.com\/camara-do-milho-avalia-safra-e-define-sede-da-abertura-2027\/"},"modified":"2026-02-21T04:10:15","modified_gmt":"2026-02-21T07:10:15","slug":"camara-do-milho-avalia-safra-e-define-sede-da-abertura-2027","status":"publish","type":"post","link":"https:\/\/mussicom.com\/noticias\/camara-do-milho-avalia-safra-e-define-sede-da-abertura-2027\/","title":{"rendered":"C\u00e2mara do Milho avalia safra e define sede da abertura 2027"},"content":{"rendered":"<p> <br \/>\n<\/p>\n<div>\n<p style=\"text-align:justify\">Avalia\u00e7\u00e3o da safra, perspectivas e defini\u00e7\u00e3o do munic\u00edpio-sede da abertura oficial da colheita de 2027 estiveram na pauta da primeira reuni\u00e3o da C\u00e2mara Setorial do Milho de 2026, realizada de forma online na manh\u00e3 de hoje (19\/02).<\/p>\n<p style=\"text-align:justify\">Os dados do Informativo Conjuntural publicado pela Emater\/RS-Ascar, na \u00faltima semana, apontam que o Rio Grande do Sul j\u00e1 tem hoje cerca de 50% do milho colhido. Uma avalia\u00e7\u00e3o desta safra ainda \u00e9 prematura, segundo as entidades que participaram da reuni\u00e3o.&#13;\n<\/p>\n<p style=\"text-align:justify\">De acordo com o assistente t\u00e9cnico da Emater\/RS-Ascar, engenheiro agr\u00f4nomo Alencar Rugeri, este foi um ano bastante peculiar, com \u00e1reas que tiveram boa produ\u00e7\u00e3o e outras nem tanto. \u201cAs regi\u00f5es que tiveram boa produtividade foram associadas a um bom manejo e a boas cultivares\u201d, avaliou Rugeri. Segundo ele, a produtividade m\u00e9dia deve chegar aos mesmos n\u00fameros do ano passado, em torno de 7 toneladas\/hectare, em uma \u00e1rea total de 785 mil hectares. Uma nova proje\u00e7\u00e3o deve ser divulgada no in\u00edcio de mar\u00e7o pela Emater.<\/p>\n<p style=\"text-align:justify\">O gerente de Desenvolvimento e Suporte Estrat\u00e9gico da Conab\/RS, Matias Jos\u00e9 Fuhr, destacou como um dos pontos positivos desta safra o aumento de 9,31% da \u00e1rea cultivada, passando de 718 mil ha para 780 mil ha. \u201cEstes n\u00fameros mostram o potencial que o milho tem para a economia do Rio Grande do Sul\u201d, afirmou Fuhr. A Companhia, informou o gerente, faz estimativas mensais da safra, sendo a \u00faltima publicada na semana passada.&#13;\n<\/p>\n<p style=\"text-align:justify\"><strong>Abertura da Colheita<\/strong><\/p>\n<p style=\"text-align:justify\">A \u00faltima cerim\u00f4nia de Abertura da Colheita do Milho 2025\/2026 ocorreu em janeiro deste ano, em S\u00e3o Borja, na propriedade da fam\u00edlia Sallet. E na reuni\u00e3o,\u00a0a C\u00e2mara aprovou pedido apresentado pelo munic\u00edpio de Santo \u00c2ngelo e pelos dirigentes da Fenamilho Internacional, para que a Abertura Oficial da Safra de Milho 2026\/2027 seja realizada na cidade e fa\u00e7a parte da programa\u00e7\u00e3o da Feira. A Abertura ser\u00e1 realizada nos meses de janeiro ou fevereiro, em data a ser definida.<\/p>\n<p style=\"text-align:justify\">Uma nova reuni\u00e3o da C\u00e2mara est\u00e1 prevista para o m\u00eas de maio, tendo como pauta o Plano Safra, uma avalia\u00e7\u00e3o da safra 2025\/2026 e perspectivas para o plantio.<\/p>\n<p style=\"text-align:justify\">Participaram da reuni\u00e3o: Emater\/RS-Ascar, Apromilho, Famurs, Farsul, Sistema Ocergs, SIPS, Conab\/RS, Sindilat e da Secretaria da Agricultura, Pecu\u00e1ria, Produ\u00e7\u00e3o Sustent\u00e1vel e Irriga\u00e7\u00e3o (Seapi).<\/p>\n<\/p><\/div>\n<p><script data-cfasync=\"false\">\n    !function (f, b, e, v, n, t, s) {\n        if (f.fbq) return; n = f.fbq = function () {\n            n.callMethod ?\n                n.callMethod.apply(n, arguments) : n.queue.push(arguments)\n        };\n        if (!f._fbq) f._fbq = n; n.push = n; n.loaded = !0; n.version = '2.0';\n        n.queue = []; t = b.createElement(e); t.async = !0;\n        t.src = v; s = b.getElementsByTagName(e)[0];\n        s.parentNode.insertBefore(t, s)\n    }(window, document, 'script',\n        'https:\/\/connect.facebook.net\/en_US\/fbevents.js');\n    fbq('init', '522546078623747');\n    fbq('track', 'PageView');\n<\/script><br \/>\n<br \/><br \/>\n<br \/>Fonte: <a href=\"https:\/\/www.agrolink.com.br\/noticias\/reuniao-da-camara-setorial-do-milho-avalia-safra-e-define-cidade-sede-da-abertura-de-2027_511183.html\">AGROLINK<\/a><\/p>\n","protected":false},"excerpt":{"rendered":"<p>Avalia\u00e7\u00e3o da safra, perspectivas e defini\u00e7\u00e3o do munic\u00edpio-sede da abertura oficial da colheita de 2027 estiveram na pauta da primeira reuni\u00e3o da C\u00e2mara Setorial do Milho de 2026, realizada de forma online na manh\u00e3 de hoje (19\/02). Os dados do Informativo Conjuntural publicado pela Emater\/RS-Ascar, na \u00faltima semana, apontam que o Rio Grande do Sul [&hellip;]<\/p>\n","protected":false},"author":5,"featured_media":31426,"comment_status":"open","ping_status":"open","sticky":false,"template":"","format":"standard","meta":{"_seopress_robots_primary_cat":"","_seopress_titles_title":"","_seopress_titles_desc":"","_seopress_robots_index":"","footnotes":""},"categories":[53],"tags":[],"class_list":["post-64004","post","type-post","status-publish","format-standard","has-post-thumbnail","hentry","category-agronegocio"],"_links":{"self":[{"href":"https:\/\/mussicom.com\/noticias\/wp-json\/wp\/v2\/posts\/64004","targetHints":{"allow":["GET"]}}],"collection":[{"href":"https:\/\/mussicom.com\/noticias\/wp-json\/wp\/v2\/posts"}],"about":[{"href":"https:\/\/mussicom.com\/noticias\/wp-json\/wp\/v2\/types\/post"}],"author":[{"embeddable":true,"href":"https:\/\/mussicom.com\/noticias\/wp-json\/wp\/v2\/users\/5"}],"replies":[{"embeddable":true,"href":"https:\/\/mussicom.com\/noticias\/wp-json\/wp\/v2\/comments?post=64004"}],"version-history":[{"count":0,"href":"https:\/\/mussicom.com\/noticias\/wp-json\/wp\/v2\/posts\/64004\/revisions"}],"wp:featuredmedia":[{"embeddable":true,"href":"https:\/\/mussicom.com\/noticias\/wp-json\/wp\/v2\/media\/31426"}],"wp:attachment":[{"href":"https:\/\/mussicom.com\/noticias\/wp-json\/wp\/v2\/media?parent=64004"}],"wp:term":[{"taxonomy":"category","embeddable":true,"href":"https:\/\/mussicom.com\/noticias\/wp-json\/wp\/v2\/categories?post=64004"},{"taxonomy":"post_tag","embeddable":true,"href":"https:\/\/mussicom.com\/noticias\/wp-json\/wp\/v2\/tags?post=64004"}],"curies":[{"name":"wp","href":"https:\/\/api.w.org\/{rel}","templated":true}]}}