{"id":6389,"date":"2025-03-17T13:55:07","date_gmt":"2025-03-17T16:55:07","guid":{"rendered":"https:\/\/www.mussicom.com\/foragido-da-justica-evo-morales-planeja-retorno-a-presidencia\/"},"modified":"2025-03-17T13:55:07","modified_gmt":"2025-03-17T16:55:07","slug":"foragido-da-justica-evo-morales-planeja-retorno-a-presidencia","status":"publish","type":"post","link":"https:\/\/mussicom.com\/noticias\/foragido-da-justica-evo-morales-planeja-retorno-a-presidencia\/","title":{"rendered":"Foragido da Justi\u00e7a, Evo Morales planeja retorno \u00e0 Presid\u00eancia"},"content":{"rendered":"<p> <br \/>\n<\/p>\n<div id=\"hd80s9wa1h892edh8192\">\n<p>O ex-presidente boliviano Evo Morales est\u00e1 atualmente refugiado em um esconderijo na selva boliviana e enfrenta acusa\u00e7\u00f5es graves de tr\u00e1fico humano e estupro de menor, as quais ele nega. As informa\u00e7\u00f5es s\u00e3o do jornal <em>Bloomberg<\/em>.<\/p>\n<p>Morales est\u00e1 entrincheirado em um <em>bunker<\/em> cercado por aproximadamente 2 mil apoiadores armados com peda\u00e7os de pau, prontos para resistir a qualquer tentativa de captura. Um membro da seguran\u00e7a local declarou: \u201cQuem entrar para prend\u00ea-lo n\u00e3o sair\u00e1 vivo\u201d.<\/p>\n<p>O local, um complexo pertencente a uma esta\u00e7\u00e3o de r\u00e1dio que apoia os produtores de coca, planta usada na produ\u00e7\u00e3o de coca\u00edna, serve como ref\u00fagio de Morales. Ele planeja retornar \u00e0 Presid\u00eancia nas elei\u00e7\u00f5es de agosto, apesar de ter sido declarado ineleg\u00edvel pelos tribunais bolivianos.<\/p>\n<p>Morales, no entanto, se mant\u00e9m firme em sua cren\u00e7a de que pode recuperar o cargo, especialmente em meio \u00e0 crescente infla\u00e7\u00e3o, que desperta nostalgia pelos seus 14 anos de governo.<\/p>\n<h2 class=\"wp-block-heading\">O governo de Evo Morales<\/h2>\n<figure class=\"wp-block-image aligncenter size-full is-resized\"><picture><source data-srcset=\"https:\/\/medias.revistaoeste.com\/wp-content\/uploads\/2023\/09\/morales.jpg.webp 861w, https:\/\/medias.revistaoeste.com\/wp-content\/uploads\/2023\/09\/morales-300x169.jpg.webp 300w, https:\/\/medias.revistaoeste.com\/wp-content\/uploads\/2023\/09\/morales-400x225.jpg.webp 400w, https:\/\/medias.revistaoeste.com\/wp-content\/uploads\/2023\/09\/morales-216x121.jpg.webp 216w\" data-sizes=\"(max-width: 861px) 100vw, 861px\" type=\"image\/webp\"><img alt=\"\" fetchpriority=\"high\" decoding=\"async\" width=\"861\" height=\"486\" src=\"https:\/\/medias.revistaoeste.com\/wp-content\/uploads\/2023\/09\/morales.jpg\" alt=\"\" class=\"wp-image-1092617\" style=\"width:576px;height:auto\" srcset=\"https:\/\/medias.revistaoeste.com\/wp-content\/uploads\/2023\/09\/morales.jpg 861w, https:\/\/medias.revistaoeste.com\/wp-content\/uploads\/2023\/09\/morales-300x169.jpg 300w, https:\/\/medias.revistaoeste.com\/wp-content\/uploads\/2023\/09\/morales-400x225.jpg 400w, https:\/\/medias.revistaoeste.com\/wp-content\/uploads\/2023\/09\/morales-216x121.jpg 216w\" sizes=\"(max-width: 861px) 100vw, 861px\" data-eio=\"p\"\/><\/source><\/picture><figcaption class=\"wp-element-caption\">Ex-presidente da Bol\u00edvia entre 2006 e 2019. Evo Morales quer disputar novamente o cargo em 2025 | Foto: Reprodu\u00e7\u00e3o\/X\/@evoespueblo<\/figcaption><\/figure>\n<p>Durante seu mandato, de 2006 a 2019, Morales nacionalizou a ind\u00fastria de g\u00e1s e defendeu os direitos dos ind\u00edgenas, o que lhe garantiu reconhecimento internacional. Contudo, seu governo tamb\u00e9m foi marcado por controv\u00e9rsias, como a acusa\u00e7\u00e3o de fraude eleitoral em 2019, que o levou a fugir para o M\u00e9xico depois de protestos violentos. <\/p>\n<p>Ele retornou \u00e0 Bol\u00edvia em 2020, depois da elei\u00e7\u00e3o de Luis Arce, que era seu aliado, mas se tornou um opositor ao assumir o controle do partido Movimento ao Socialismo.<\/p>\n<p>Em meio a essas tens\u00f5es pol\u00edticas, Morales continua a liderar sua campanha de uma propriedade murada, cheia de fotos e livros que celebram sua trajet\u00f3ria. Ele insiste em que sua candidatura n\u00e3o \u00e9 por ambi\u00e7\u00e3o pessoal, mas, sim, um desejo do povo boliviano.<\/p>\n<p>\u201cN\u00e3o h\u00e1 plano B, \u00e9 p\u00e1tria ou morte\u201d, afirmou Morales, referindo-se \u00e0 necessidade de sua participa\u00e7\u00e3o nas elei\u00e7\u00f5es.<\/p>\n<h2 class=\"wp-block-heading\">Cen\u00e1rio pol\u00edtico da Bol\u00edvia<\/h2>\n<p>A regi\u00e3o de Cochabamba, onde Morales est\u00e1 escondido, sempre foi uma fortaleza pol\u00edtica devido ao apoio dos produtores de coca. Seus apoiadores estabeleceram postos de controle e bloqueios para proteg\u00ea-lo e alegam que as acusa\u00e7\u00f5es contra ele t\u00eam motiva\u00e7\u00e3o pol\u00edtica.<\/p>\n<p>Enquanto isso, as autoridades bolivianas buscam evitar confrontos violentos ao considerar a execu\u00e7\u00e3o da ordem de pris\u00e3o contra ele.<\/p>\n<p>O cen\u00e1rio pol\u00edtico boliviano permanece complexo, com Morales confiante em sua vit\u00f3ria nas elei\u00e7\u00f5es, caso possa concorrer. Ele apresentou documentos que indicam pesquisas internas favor\u00e1veis, insistindo em que sua candidatura \u00e9 um reflexo do desejo popular por seu retorno.<\/p>\n<p><strong>+ Leia mais not\u00edcias do Mundo em Oeste<\/strong><\/p>\n<\/p><\/div>\n<p><br \/>\n<br \/>Fonte: <a href=\"https:\/\/revistaoeste.com\/mundo\/foragido-da-justica-evo-morales-planeja-retorno-a-presidencia-da-bolivia\/\">Revista Oeste<\/a><\/p>\n","protected":false},"excerpt":{"rendered":"<p>O ex-presidente boliviano Evo Morales est\u00e1 atualmente refugiado em um esconderijo na selva boliviana e enfrenta acusa\u00e7\u00f5es graves de tr\u00e1fico humano e estupro de menor, as quais ele nega. As informa\u00e7\u00f5es s\u00e3o do jornal Bloomberg. Morales est\u00e1 entrincheirado em um bunker cercado por aproximadamente 2 mil apoiadores armados com peda\u00e7os de pau, prontos para resistir [&hellip;]<\/p>\n","protected":false},"author":5,"featured_media":6390,"comment_status":"open","ping_status":"open","sticky":false,"template":"","format":"standard","meta":{"_seopress_robots_primary_cat":"","_seopress_titles_title":"","_seopress_titles_desc":"","_seopress_robots_index":"","footnotes":""},"categories":[48],"tags":[],"class_list":["post-6389","post","type-post","status-publish","format-standard","has-post-thumbnail","hentry","category-internacional"],"_links":{"self":[{"href":"https:\/\/mussicom.com\/noticias\/wp-json\/wp\/v2\/posts\/6389","targetHints":{"allow":["GET"]}}],"collection":[{"href":"https:\/\/mussicom.com\/noticias\/wp-json\/wp\/v2\/posts"}],"about":[{"href":"https:\/\/mussicom.com\/noticias\/wp-json\/wp\/v2\/types\/post"}],"author":[{"embeddable":true,"href":"https:\/\/mussicom.com\/noticias\/wp-json\/wp\/v2\/users\/5"}],"replies":[{"embeddable":true,"href":"https:\/\/mussicom.com\/noticias\/wp-json\/wp\/v2\/comments?post=6389"}],"version-history":[{"count":0,"href":"https:\/\/mussicom.com\/noticias\/wp-json\/wp\/v2\/posts\/6389\/revisions"}],"wp:featuredmedia":[{"embeddable":true,"href":"https:\/\/mussicom.com\/noticias\/wp-json\/wp\/v2\/media\/6390"}],"wp:attachment":[{"href":"https:\/\/mussicom.com\/noticias\/wp-json\/wp\/v2\/media?parent=6389"}],"wp:term":[{"taxonomy":"category","embeddable":true,"href":"https:\/\/mussicom.com\/noticias\/wp-json\/wp\/v2\/categories?post=6389"},{"taxonomy":"post_tag","embeddable":true,"href":"https:\/\/mussicom.com\/noticias\/wp-json\/wp\/v2\/tags?post=6389"}],"curies":[{"name":"wp","href":"https:\/\/api.w.org\/{rel}","templated":true}]}}