{"id":63846,"date":"2026-02-20T09:48:16","date_gmt":"2026-02-20T12:48:16","guid":{"rendered":"https:\/\/mussicom.com\/bancada-de-oposicao-ao-prefeito-felipe-bernardo-cresce-na-camara\/"},"modified":"2026-02-20T09:48:16","modified_gmt":"2026-02-20T12:48:16","slug":"bancada-de-oposicao-ao-prefeito-felipe-bernardo-cresce-na-camara","status":"publish","type":"post","link":"https:\/\/mussicom.com\/noticias\/bancada-de-oposicao-ao-prefeito-felipe-bernardo-cresce-na-camara\/","title":{"rendered":"Bancada de oposi\u00e7\u00e3o ao prefeito Felipe Bernardo cresce na C\u00e2mara"},"content":{"rendered":"<p> <br \/>\n<\/p>\n<div id=\"texto\">\n<p><strong>Oposi\u00e7\u00e3o refor\u00e7ada<\/strong><br \/>&#13;<br \/>\nO vereador de Peru\u00edbe F\u00e1bio Mariano (PL) afirmou ontem, durante a sess\u00e3o da C\u00e2mara, que passou a fazer parte da bancada de oposi\u00e7\u00e3o ao prefeito Felipe Bernardo (PSD), ao lado de Cristen na Mira (MDB) e J\u00falio Cesar dos Santos, o Julinho (Uni\u00e3o).\u00a0<\/p>\n<p><strong>Mudan\u00e7a de cen\u00e1rio<\/strong><br \/>&#13;<br \/>\nEm janeiro do ano passado, Cristen era o \u00fanico opositor do chefe do Executivo. O parlamentar est\u00e1 confiante de que o grupo possa ganhar mais dois ou tr\u00eas refor\u00e7os at\u00e9 o final do primeiro semestre. Caso esse cen\u00e1rio se confirme, Bernardo poder\u00e1 encontrar dificuldades para aprovar alguns projetos de lei e at\u00e9 mesmo para ter as contas do governo aprovadas.\u00a0<\/p>\n<p><strong>Homenagem a Bolsonaro<\/strong><br \/>&#13;<br \/>\nHoje, \u00e0s 19 horas, o Legislativo de Peru\u00edbe realiza sess\u00e3o solene em comemora\u00e7\u00e3o ao 67\u00ba anivers\u00e1rio de emancipa\u00e7\u00e3o do Munic\u00edpio. Durante a solenidade, Mariano far\u00e1 a entrega do Diploma Amigo de Peru\u00edbe ao ex-vereador de Praia Grande e pr\u00e9-candidato a deputado federal Renato Bolsonaro (PL), um dos irm\u00e3os do ex-presidente Jair Bolsonaro (PL).<\/p>\n<p><strong>Cobran\u00e7a<\/strong><br \/>&#13;<br \/>\nL\u00edder da Oposi\u00e7\u00e3o na C\u00e2mara de Santos, o vereador Rui De Rosis Jr. (PL) cobrou ontem do governo municipal a defini\u00e7\u00e3o de uma data para que o secret\u00e1rio de Cultura, Rafael Leal, compare\u00e7a ao Legislativo. O convite foi feito para que o titular da pasta explique os gastos com contrata\u00e7\u00f5es de pessoas f\u00edsicas por meio de Recibo de Pagamento Aut\u00f4nomo (RPA), que somam cerca de R$ 30 milh\u00f5es nos \u00faltimos cinco anos.<\/p>\n<p><strong>Compromisso fechado<\/strong><br \/>&#13;<br \/>\nO vice-l\u00edder do Governo, Lincoln Reis (Pode), disse que que j\u00e1 havia conversado com o secret\u00e1rio, que ter\u00e1 uma reuni\u00e3o com o l\u00edder do Governo, Cac\u00e1 Teixeira (PSDB), na pr\u00f3xima semana para definir a melhor data para dar as devidas explica\u00e7\u00f5es aos parlamentares dentro do prazo estabelecido.\u00a0<\/p>\n<p><strong>F\u00e9rias comprometidas?<\/strong><br \/>&#13;<br \/>\nA edi\u00e7\u00e3o de ontem do Di\u00e1rio Oficial do Munic\u00edpio trouxe a informa\u00e7\u00e3o que Leal entrou de f\u00e9rias e retornar\u00e1 ao cargo apenas no dia 20 do pr\u00f3ximo m\u00eas. &#8220;Espero que o secret\u00e1rio n\u00e3o esteja fugindo de dar explica\u00e7\u00f5es nesta Casa e colocar algu\u00e9m aqui para responder. N\u00e3o \u00e9 poss\u00edvel que a Cidade esteja passando por isso&#8221;, desabafou De Rosis Jr..\u00a0<\/p>\n<p><strong>De volta \u00e0s origens<\/strong><br \/>&#13;<br \/>\nNa \u00faltima sexta-feira, o Tribunal Superior Eleitoral (TSE) ratificou a decis\u00e3o de segunda inst\u00e2ncia, de junho do ano passado, determinando que o juiz da 177\u00aa Zona Eleitoral de S\u00e3o Vicente, Artur Martinho de Oliveira J\u00fanior, analise as provas apresentadas em um processo que trata de uma poss\u00edvel fraude \u00e0 cota de g\u00eanero cometida pelo MDB nas elei\u00e7\u00f5es de 2024 (o suposto lan\u00e7amento de candidaturas femininas &#8220;laranjas&#8221; ao Legislativo) e julgue o m\u00e9rito dessa a\u00e7\u00e3o. O pedido foi protocolado na Justi\u00e7a Eleitoral pelos candidatos a vereador Perivaldo do G\u00e1s (PV) e Aninha Ferreira (PL).<\/p>\n<p><strong>Possibilidades<\/strong><br \/>&#13;<br \/>\nSe a a\u00e7\u00e3o for julgada procedente, ambos ir\u00e3o assumir o mandato, porque a chapa do MDB seria cassada e o parlamentar Edivaldo da Auto Escola (MDB) perderia o cargo. A decis\u00e3o tamb\u00e9m implicaria recontagem dos votos para o novo c\u00e1lculo do quociente eleitoral. Nesse cen\u00e1rio, o Uni\u00e3o Brasil seria prejudicado, ficando com tr\u00eas vereadores. Higor Ferreira, que hoje est\u00e1 licenciado do Legislativo para comandar a Secretaria Municipal de Habita\u00e7\u00e3o e Regulariza\u00e7\u00e3o Fundi\u00e1ria, teria de deixar a C\u00e2mara.\u00a0<\/p>\n<p><strong>Nada muda<\/strong><br \/>&#13;<br \/>\nO presidente do MDB de S\u00e3o Vicente, Caio Borelli Zeller, ressaltou que n\u00e3o h\u00e1 qualquer decis\u00e3o judicial determinando a cassa\u00e7\u00e3o da chapa da legenda. &#8220;O processo est\u00e1 apenas se iniciando nesta fase de apura\u00e7\u00e3o dos fatos. Confiamos plenamente na Justi\u00e7a e apresentaremos todas as provas necess\u00e1rias, certos de que a verdade prevalecer\u00e1&#8221;, disse. \u00a0<\/p>\n<p><strong>Agenda no Litoral Sul<\/strong><br \/>&#13;<br \/>\nO deputado federal e coordenador do PP na Baixada Santista, Delegado da Cunha, teve ontem uma agenda de compromissos no Litoral Sul. O parlamentar esteve reunido com integrantes das Guardas Civis Municipais (GCMs) de Itanha\u00e9m e de Mongagu\u00e1. Durante o di\u00e1logo, ele defendeu a import\u00e2ncia de mudan\u00e7as na proposta de emenda \u00e0 Constitui\u00e7\u00e3o (PEC) 18\/2025, a PEC da Seguran\u00e7a P\u00fablica, para garantir que as corpora\u00e7\u00f5es sejam reconhecidas como pol\u00edcias municipais.\u00a0<\/p>\n<p><strong>Balan\u00e7o positivo<\/strong><br \/>&#13;<br \/>\nEm Itanha\u00e9m, Da Cunha esteve com o vice-prefeito Z\u00e9 Renato Oliva (Uni\u00e3o Brasil) e anunciou a destina\u00e7\u00e3o de R$ 2 milh\u00f5es em emendas para a sa\u00fade do Munic\u00edpio. Ao longo do mandado, o deputado j\u00e1 encaminhou R$ 150 mil para a compra de armamentos para a GCM, R$ 1,5 milh\u00e3o para a constru\u00e7\u00e3o de um centro esportivo e R$ 1 milh\u00e3o para a reforma do Convento Nossa Senhora da Concei\u00e7\u00e3o.\u00a0<\/p>\n<p><strong>Refor\u00e7o \u00e0 sa\u00fade e \u00e0 seguran\u00e7a<\/strong><br \/>&#13;<br \/>\nEm Mongagu\u00e1, o parlamentar foi recebido pela prefeita Cristina Wiazowski (PP) e confirmou que, em breve, a Cidade receber\u00e1 duas novas viaturas para refor\u00e7ar a GCM, al\u00e9m de R$ 500 mil em emendas para a sa\u00fade. &#8220;Vagabundo aqui n\u00e3o vai se criar, porque eu estarei aqui apoiando o seu mandato&#8221;, destacou Da Cunha, que j\u00e1 atuou como delegado da Pol\u00edcia Civil no Munic\u00edpio.\u00a0<br \/>&#13;<br \/>\n\u00a0<\/p>\n<\/p><\/div>\n<p><script async defer crossorigin=\"anonymous\" src=\"https:\/\/connect.facebook.net\/pt_BR\/sdk.js#xfbml=1&#038;version=v12.0&#038;appId=&#038;autoLogAppEvents=1\" nonce=\"ou0fI1lo\"><\/script><br \/>\n<br \/><br \/>\n<br \/>Fonte: <a href=\"https:\/\/www.bs9.com.br\/politica\/bancada-de-oposicao-ao-prefeito-felipe-bernardo-cresce-na-camara\/37788\/\">BS9<\/a><\/p>\n","protected":false},"excerpt":{"rendered":"<p>Oposi\u00e7\u00e3o refor\u00e7ada&#13; O vereador de Peru\u00edbe F\u00e1bio Mariano (PL) afirmou ontem, durante a sess\u00e3o da C\u00e2mara, que passou a fazer parte da bancada de oposi\u00e7\u00e3o ao prefeito Felipe Bernardo (PSD), ao lado de Cristen na Mira (MDB) e J\u00falio Cesar dos Santos, o Julinho (Uni\u00e3o).\u00a0 Mudan\u00e7a de cen\u00e1rio&#13; Em janeiro do ano passado, Cristen era [&hellip;]<\/p>\n","protected":false},"author":5,"featured_media":13096,"comment_status":"open","ping_status":"open","sticky":false,"template":"","format":"standard","meta":{"_seopress_robots_primary_cat":"","_seopress_titles_title":"","_seopress_titles_desc":"","_seopress_robots_index":"","footnotes":""},"categories":[52],"tags":[],"class_list":["post-63846","post","type-post","status-publish","format-standard","has-post-thumbnail","hentry","category-santoseregiao"],"_links":{"self":[{"href":"https:\/\/mussicom.com\/noticias\/wp-json\/wp\/v2\/posts\/63846","targetHints":{"allow":["GET"]}}],"collection":[{"href":"https:\/\/mussicom.com\/noticias\/wp-json\/wp\/v2\/posts"}],"about":[{"href":"https:\/\/mussicom.com\/noticias\/wp-json\/wp\/v2\/types\/post"}],"author":[{"embeddable":true,"href":"https:\/\/mussicom.com\/noticias\/wp-json\/wp\/v2\/users\/5"}],"replies":[{"embeddable":true,"href":"https:\/\/mussicom.com\/noticias\/wp-json\/wp\/v2\/comments?post=63846"}],"version-history":[{"count":0,"href":"https:\/\/mussicom.com\/noticias\/wp-json\/wp\/v2\/posts\/63846\/revisions"}],"wp:featuredmedia":[{"embeddable":true,"href":"https:\/\/mussicom.com\/noticias\/wp-json\/wp\/v2\/media\/13096"}],"wp:attachment":[{"href":"https:\/\/mussicom.com\/noticias\/wp-json\/wp\/v2\/media?parent=63846"}],"wp:term":[{"taxonomy":"category","embeddable":true,"href":"https:\/\/mussicom.com\/noticias\/wp-json\/wp\/v2\/categories?post=63846"},{"taxonomy":"post_tag","embeddable":true,"href":"https:\/\/mussicom.com\/noticias\/wp-json\/wp\/v2\/tags?post=63846"}],"curies":[{"name":"wp","href":"https:\/\/api.w.org\/{rel}","templated":true}]}}