{"id":63816,"date":"2026-02-20T00:45:14","date_gmt":"2026-02-20T03:45:14","guid":{"rendered":"https:\/\/mussicom.com\/santos-faz-treino-tatico-e-pode-ter-neymar-como-titular-contra-o-novorizontino\/"},"modified":"2026-02-20T00:45:14","modified_gmt":"2026-02-20T03:45:14","slug":"santos-faz-treino-tatico-e-pode-ter-neymar-como-titular-contra-o-novorizontino","status":"publish","type":"post","link":"https:\/\/mussicom.com\/noticias\/santos-faz-treino-tatico-e-pode-ter-neymar-como-titular-contra-o-novorizontino\/","title":{"rendered":"Santos faz treino t\u00e1tico e pode ter Neymar como titular contra o Novorizontino"},"content":{"rendered":"<p> <br \/>\n<\/p>\n<div>\n<div id=\"attachment_179476\" style=\"width: 989px\" class=\"wp-caption aligncenter\"><\/p>\n<p id=\"caption-attachment-179476\" class=\"wp-caption-text\">Neymar pode ser titular contra o Novorizontino (Foto: Raul Baretta \/ Santos FC)<\/p>\n<\/div>\n<p>O Santos deu sequ\u00eancia \u00e0 prepara\u00e7\u00e3o para enfrentar o Novorizontino, domingo, \u00e0s 16h, em Novo Horizonte, pelas quartas de final do Campeonato Paulista. Nesta quinta-feira, o elenco realizou atividades t\u00e1ticas e t\u00e9cnicas no CT Rei Pel\u00e9, dando continuidade ao trabalho iniciado na reapresenta\u00e7\u00e3o de quarta.<\/p>\n<p>O foco da semana tem sido a intensidade. Sob forte calor em Santos, os treinamentos v\u00eam sendo realizados integralmente no campo, j\u00e1 que os jogadores cumpriram o cronograma de recupera\u00e7\u00e3o f\u00edsica durante a folga. Nesse cen\u00e1rio, Neymar tem treinado normalmente e apresentado boa resposta f\u00edsica, o que aumenta a possibilidade de atuar por mais minutos no domingo \u2013 inclusive com chances de come\u00e7ar entre os titulares.<\/p>\n<p>A comiss\u00e3o t\u00e9cnica avalia que o duelo em Novo Horizonte, marcado para as 16h, tamb\u00e9m deve ocorrer sob temperatura elevada, cen\u00e1rio semelhante ou at\u00e9 mais intenso do que o enfrentado nos treinos no litoral. A participa\u00e7\u00e3o ativa de Neymar nas atividades em campo \u00e9 vista como um indicativo positivo para suportar o ritmo da partida.<\/p>\n<p>Em rela\u00e7\u00e3o ao departamento f\u00edsico, Adonis Fr\u00edas e Z\u00e9 Rafael avan\u00e7aram na transi\u00e7\u00e3o e j\u00e1 participam normalmente das atividades com bola. Ambos ampliam as alternativas para o treinador na montagem da equipe para o confronto decisivo.<\/p>\n<p>Neste momento, o Peixe n\u00e3o tem jogadores no departamento m\u00e9dico e conta com todo o grupo \u00e0 disposi\u00e7\u00e3o para a fase final do Paulist\u00e3o. O t\u00e9cnico Juan Pablo Vojvoda tem promovido trabalhos t\u00e1ticos com equipes misturadas e testado varia\u00e7\u00f5es, sem indicar ainda uma forma\u00e7\u00e3o definida. A tend\u00eancia \u00e9 que a equipe titular seja definida nos dois \u00faltimos treinos antes da viagem.<\/p>\n<p><strong>Uma prov\u00e1vel escala\u00e7\u00e3o do Santos:<\/strong> Gabriel Braz\u00e3o; Igor Vin\u00edcius, Z\u00e9 Ivaldo (Adonis Fr\u00edas), Luan Peres e Vin\u00edcius Lira; Willian Ar\u00e3o, Gabriel Bontempo (Gabriel Menino), Barreal e Mois\u00e9s (Rony); Neymar e Gabriel Barbosa.<\/p>\n<\/p><\/div>\n<p><br \/>\n<br \/>Fonte: <a href=\"https:\/\/www.diariodopeixe.com.br\/noticias\/santos-faz-treino-tatico-e-pode-ter-neymar-como-titular-contra-o-novorizontino\/\">Di\u00e1rio do Peixe<\/a><\/p>\n","protected":false},"excerpt":{"rendered":"<p>Neymar pode ser titular contra o Novorizontino (Foto: Raul Baretta \/ Santos FC) O Santos deu sequ\u00eancia \u00e0 prepara\u00e7\u00e3o para enfrentar o Novorizontino, domingo, \u00e0s 16h, em Novo Horizonte, pelas quartas de final do Campeonato Paulista. Nesta quinta-feira, o elenco realizou atividades t\u00e1ticas e t\u00e9cnicas no CT Rei Pel\u00e9, dando continuidade ao trabalho iniciado na [&hellip;]<\/p>\n","protected":false},"author":5,"featured_media":63817,"comment_status":"open","ping_status":"open","sticky":false,"template":"","format":"standard","meta":{"_seopress_robots_primary_cat":"","_seopress_titles_title":"","_seopress_titles_desc":"","_seopress_robots_index":"","footnotes":""},"categories":[55],"tags":[],"class_list":["post-63816","post","type-post","status-publish","format-standard","has-post-thumbnail","hentry","category-santos-fc"],"_links":{"self":[{"href":"https:\/\/mussicom.com\/noticias\/wp-json\/wp\/v2\/posts\/63816","targetHints":{"allow":["GET"]}}],"collection":[{"href":"https:\/\/mussicom.com\/noticias\/wp-json\/wp\/v2\/posts"}],"about":[{"href":"https:\/\/mussicom.com\/noticias\/wp-json\/wp\/v2\/types\/post"}],"author":[{"embeddable":true,"href":"https:\/\/mussicom.com\/noticias\/wp-json\/wp\/v2\/users\/5"}],"replies":[{"embeddable":true,"href":"https:\/\/mussicom.com\/noticias\/wp-json\/wp\/v2\/comments?post=63816"}],"version-history":[{"count":0,"href":"https:\/\/mussicom.com\/noticias\/wp-json\/wp\/v2\/posts\/63816\/revisions"}],"wp:featuredmedia":[{"embeddable":true,"href":"https:\/\/mussicom.com\/noticias\/wp-json\/wp\/v2\/media\/63817"}],"wp:attachment":[{"href":"https:\/\/mussicom.com\/noticias\/wp-json\/wp\/v2\/media?parent=63816"}],"wp:term":[{"taxonomy":"category","embeddable":true,"href":"https:\/\/mussicom.com\/noticias\/wp-json\/wp\/v2\/categories?post=63816"},{"taxonomy":"post_tag","embeddable":true,"href":"https:\/\/mussicom.com\/noticias\/wp-json\/wp\/v2\/tags?post=63816"}],"curies":[{"name":"wp","href":"https:\/\/api.w.org\/{rel}","templated":true}]}}