{"id":63810,"date":"2026-02-19T23:43:26","date_gmt":"2026-02-20T02:43:26","guid":{"rendered":"https:\/\/mussicom.com\/pl-aciona-tse-por-abuso-economico-e-de-poder-em-desfile-de-lula\/"},"modified":"2026-02-19T23:43:26","modified_gmt":"2026-02-20T02:43:26","slug":"pl-aciona-tse-por-abuso-economico-e-de-poder-em-desfile-de-lula","status":"publish","type":"post","link":"https:\/\/mussicom.com\/noticias\/pl-aciona-tse-por-abuso-economico-e-de-poder-em-desfile-de-lula\/","title":{"rendered":"PL aciona TSE por abuso econ\u00f4mico e de poder em desfile de Lula"},"content":{"rendered":"<p> <br \/>\n<\/p>\n<div id=\"tp-post-content\">\n<p class=\"postParagraph_post-paragraph__juWZN postParagraph_post-paragraph-innerHtml__Q5vwc\">O Partido Liberal (PL) protocolou no Tribunal Superior Eleitoral (TSE), nesta quinta-feira (19), um pedido de investiga\u00e7\u00e3o sobre o desfile em homenagem a Lula na Sapuca\u00ed, durante o Carnaval do Rio. A agremia\u00e7\u00e3o alega \u201cuso da m\u00e1quina federal em ano eleitoral\u201d e aponta poss\u00edvel \u201cabuso de poder pol\u00edtico e econ\u00f4mico\u201d na apresenta\u00e7\u00e3o da escola de samba Acad\u00eamicos de Niter\u00f3i. Lula\u00a0acompanhou\u00a0o desfile do camarote da Prefeitura do Rio no \u00faltimo domingo (15).<\/p>\n<p class=\"postParagraph_post-paragraph__juWZN postParagraph_post-paragraph-innerHtml__Q5vwc\">A tese do partido \u00e9 de que o enredo serviu como uma \u201cexpl\u00edcita pe\u00e7a de propaganda pol\u00edtico-eleitoral\u201d em ano de pleito. Segundo a acusa\u00e7\u00e3o, al\u00e9m da exalta\u00e7\u00e3o ao atual presidente, o desfile trouxe provoca\u00e7\u00f5es a opositores, o que configuraria \u201ct\u00edpico comportamento eleitoreiro\u201d. O PL defende que, para al\u00e9m do uso de recursos p\u00fablicos, haveria ind\u00edcios de atua\u00e7\u00e3o direta do governo na produ\u00e7\u00e3o da escola \u2014 que acabou rebaixada para a divis\u00e3o intermedi\u00e1ria do Carnaval carioca.<\/p>\n<div class=\"postViewMore_post-view-more-container___5wai\" data-mrf-recirculation=\"Post - Veja tamb\u00e9m\">\n<p class=\"gp-styles-module-size-small-afeYRa gp-styles-module-font-family2-afeYRa gp-styles-module-color-secondary-afeYRa gp-styles-module-weight-bold-afeYRa\">VEJA TAMB\u00c9M:<\/p>\n<ul class=\"postViewMore_post-view-more-list__CU_CE\">\n<li class=\"postViewMore_post-view-more-item__2MzRb\">\n<div class=\"postViewMore_post-view-more-image__5gUSe\"><picture class=\"imageDefault_image-container__XGd8_\"><\/picture><\/div>\n<p>Imprensa internacional repercute rebaixamento de escola de samba que homenageou Lula<\/li>\n<li class=\"postViewMore_post-view-more-item__2MzRb\">\n<div class=\"postViewMore_post-view-more-image__5gUSe\"><picture class=\"imageDefault_image-container__XGd8_\"><img decoding=\"async\" class=\"imageDefault_image-item__lU2Dk\" src=\"https:\/\/media.gazetadopovo.com.br\/2026\/02\/02093209\/whatsapp-image-2026-02-02-at-82903-am-1-380x214.jpeg.webp\" alt=\"Lula ser\u00e1 homenageado e Bolsonaro criticado em apresenta\u00e7\u00e3o de escola de samba.\" width=\"72\" height=\"72\"\/><\/picture><\/div>\n<p>TSE rejeita a\u00e7\u00e3o contra Lula por homenagem de escola de samba do RJ<\/li>\n<\/ul>\n<\/div>\n<p class=\"postParagraph_post-paragraph__juWZN postParagraph_post-paragraph-innerHtml__Q5vwc\">A primeira-dama, Ros\u00e2ngela Silva (Janja), desistiu de desfilar como destaque em um dos carros aleg\u00f3ricos diante das sucessivas a\u00e7\u00f5es apresentadas na Justi\u00e7a Eleitoral. No entanto, o ator e humorista Paulo Vieira, que interpretou Lula na avenida, afirmou em v\u00eddeos nas redes sociais ter sido escolhido pelo pr\u00f3prio casal presidencial. \u201cN\u00e3o tinha como n\u00e3o aceitar o convite\u201d, declarou.<\/p>\n<p class=\"postParagraph_post-paragraph__juWZN postParagraph_post-paragraph-innerHtml__Q5vwc\">Assim como em outras representa\u00e7\u00f5es, o PL acusa a agremia\u00e7\u00e3o de utilizar elementos de campanha, como o jingle e o n\u00famero da urna do petista.<\/p>\n<p class=\"postParagraph_post-paragraph__juWZN postParagraph_post-paragraph-innerHtml__Q5vwc\">O samba-enredo mencionou o n\u00famero 13 \u2014 tradicionalmente associado ao PT \u2014 ao narrar que Lula levou \u201ctreze noites, treze dias\u201d para viajar de Pernambuco a S\u00e3o Paulo na inf\u00e2ncia. Embora contextualizada na biografia do presidente, a refer\u00eancia foi interpretada por advers\u00e1rios como alus\u00e3o direta \u00e0 identidade eleitoral do partido.<\/p>\n<p class=\"postParagraph_post-paragraph__juWZN postParagraph_post-paragraph-innerHtml__Q5vwc\">Outro trecho que gerou debate foi o verso: \u201cAssim que se firma a soberania \/ Sem mitos falsos, sem anistia\u201d. A express\u00e3o foi lida como uma cr\u00edtica ao ex-presidente Jair Bolsonaro, frequentemente chamado de \u201cmito\u201d por seus apoiadores. A men\u00e7\u00e3o, mesmo sem citar nomes, refor\u00e7ou o tom pol\u00edtico do enredo e intensificou os questionamentos sobre a conota\u00e7\u00e3o eleitoral da apresenta\u00e7\u00e3o.<\/p>\n<\/div>\n<p><br \/>\n<br \/>Fonte: <a href=\"https:\/\/www.gazetadopovo.com.br\/republica\/pl-aciona-tse-por-abuso-economico-e-de-poder-em-desfile-da-escola-de-lula-na-sapucai\/\">Revista Oeste<\/a><\/p>\n","protected":false},"excerpt":{"rendered":"<p>O Partido Liberal (PL) protocolou no Tribunal Superior Eleitoral (TSE), nesta quinta-feira (19), um pedido de investiga\u00e7\u00e3o sobre o desfile em homenagem a Lula na Sapuca\u00ed, durante o Carnaval do Rio. A agremia\u00e7\u00e3o alega \u201cuso da m\u00e1quina federal em ano eleitoral\u201d e aponta poss\u00edvel \u201cabuso de poder pol\u00edtico e econ\u00f4mico\u201d na apresenta\u00e7\u00e3o da escola de [&hellip;]<\/p>\n","protected":false},"author":5,"featured_media":63585,"comment_status":"open","ping_status":"open","sticky":false,"template":"","format":"standard","meta":{"_seopress_robots_primary_cat":"","_seopress_titles_title":"","_seopress_titles_desc":"","_seopress_robots_index":"","footnotes":""},"categories":[1],"tags":[],"class_list":["post-63810","post","type-post","status-publish","format-standard","has-post-thumbnail","hentry","category-ultimas-noticias"],"_links":{"self":[{"href":"https:\/\/mussicom.com\/noticias\/wp-json\/wp\/v2\/posts\/63810","targetHints":{"allow":["GET"]}}],"collection":[{"href":"https:\/\/mussicom.com\/noticias\/wp-json\/wp\/v2\/posts"}],"about":[{"href":"https:\/\/mussicom.com\/noticias\/wp-json\/wp\/v2\/types\/post"}],"author":[{"embeddable":true,"href":"https:\/\/mussicom.com\/noticias\/wp-json\/wp\/v2\/users\/5"}],"replies":[{"embeddable":true,"href":"https:\/\/mussicom.com\/noticias\/wp-json\/wp\/v2\/comments?post=63810"}],"version-history":[{"count":0,"href":"https:\/\/mussicom.com\/noticias\/wp-json\/wp\/v2\/posts\/63810\/revisions"}],"wp:featuredmedia":[{"embeddable":true,"href":"https:\/\/mussicom.com\/noticias\/wp-json\/wp\/v2\/media\/63585"}],"wp:attachment":[{"href":"https:\/\/mussicom.com\/noticias\/wp-json\/wp\/v2\/media?parent=63810"}],"wp:term":[{"taxonomy":"category","embeddable":true,"href":"https:\/\/mussicom.com\/noticias\/wp-json\/wp\/v2\/categories?post=63810"},{"taxonomy":"post_tag","embeddable":true,"href":"https:\/\/mussicom.com\/noticias\/wp-json\/wp\/v2\/tags?post=63810"}],"curies":[{"name":"wp","href":"https:\/\/api.w.org\/{rel}","templated":true}]}}