{"id":63746,"date":"2026-02-19T17:27:15","date_gmt":"2026-02-19T20:27:15","guid":{"rendered":"https:\/\/mussicom.com\/imprensa-mundial-destaca-queda-de-escola-que-homenageou-lula\/"},"modified":"2026-02-19T17:27:15","modified_gmt":"2026-02-19T20:27:15","slug":"imprensa-mundial-destaca-queda-de-escola-que-homenageou-lula","status":"publish","type":"post","link":"https:\/\/mussicom.com\/noticias\/imprensa-mundial-destaca-queda-de-escola-que-homenageou-lula\/","title":{"rendered":"Imprensa mundial destaca queda de escola que homenageou Lula"},"content":{"rendered":"<p> <br \/>\n<\/p>\n<div id=\"tp-post-content\">\n<p class=\"postParagraph_post-paragraph__juWZN postParagraph_post-paragraph-innerHtml__Q5vwc\">Jornais e emissoras de diversas partes do mundo repercutiram nesta quarta-feira (18) e quinta-feira (19) o rebaixamento, no Carnaval do Rio de Janeiro, da escola de samba Acad\u00eamicos de Niter\u00f3i, que homenageou o presidente Luiz In\u00e1cio Lula da Silva durante desfile no Samb\u00f3dromo da Marqu\u00eas de Sapuca\u00ed. A agremia\u00e7\u00e3o terminou em \u00faltimo lugar no Grupo Especial, com 264,6 pontos, e caiu para a S\u00e9rie Ouro.<\/p>\n<p class=\"postParagraph_post-paragraph__juWZN postParagraph_post-paragraph-innerHtml__Q5vwc\">Na Europa, a emissora <em>France 24<\/em> destacou o rebaixamento da escola e a rea\u00e7\u00e3o pol\u00edtica por trechos que zombaram dos conservadores. A emissora francesa destacou que cr\u00edticos classificaram a homenagem a Lula como um gesto de campanha antecipada antes das elei\u00e7\u00f5es de outubro, nas quais Lula, poder\u00e1 ser candidato \u00e0 reelei\u00e7\u00e3o. A reportagem tamb\u00e9m mencionou a representa\u00e7\u00e3o do ex-presidente Jair Bolsonaro como \u201cBozo, o palha\u00e7o\u201d, atr\u00e1s das grades.<\/p>\n<p class=\"postParagraph_post-paragraph__juWZN postParagraph_post-paragraph-innerHtml__Q5vwc\">Por sua vez, a <em>BBC<\/em> tamb\u00e9m repercutiu o rebaixamento da escola e destacou que a homenagem a Lula provocou controv\u00e9rsia ainda nos ensaios t\u00e9cnicos da Acad\u00eamicos de Niter\u00f3i. A emissora brit\u00e2nica tamb\u00e9m repercutiu que a\u00e7\u00f5es judiciais foram apresentadas por partidos de oposi\u00e7\u00e3o para tentar barrar o desfile, mas acabaram sendo rejeitadas pela Tribunal Superior Eleitoral (TSE).<\/p>\n<p class=\"postParagraph_post-paragraph__juWZN postParagraph_post-paragraph-innerHtml__Q5vwc\">A ag\u00eancia espanhola <em>EFE<\/em> informou que a Acad\u00eamicos de Niter\u00f3i n\u00e3o recebeu nota m\u00e1xima em nenhum dos quesitos avaliados e ficou com a pontua\u00e7\u00e3o mais baixa entre as 12 escolas do Grupo Especial. J\u00e1 a italiana <em>ANSA<\/em> destacou a vit\u00f3ria da escola Viradouro e registrou o rebaixamento da agremia\u00e7\u00e3o que levou o enredo sobre Lula \u00e0 avenida.<\/p>\n<p class=\"postParagraph_post-paragraph__juWZN postParagraph_post-paragraph-innerHtml__Q5vwc\">Na \u00c1sia, o jornal <em>The Straits Times<\/em>, de Cingapura, citando a ag\u00eancia <em>AFP<\/em>, tamb\u00e9m informou que a escola que homenageou Lula ficou \u201cem \u00faltimo lugar\u201d e que se tornou alvo de cr\u00edticas por zombar dos conservadores. O jornal deu destaque para a representa\u00e7\u00e3o da fam\u00edlia tradicional dentro de latas de conserva.<\/p>\n<p class=\"postParagraph_post-paragraph__juWZN postParagraph_post-paragraph-innerHtml__Q5vwc\">Na Am\u00e9rica Latina, a emissora uruguaia <em>Teledoce<\/em> e o jornal argentino <em>La Naci\u00f3n<\/em> tamb\u00e9m reproduziram informa\u00e7\u00f5es da <em>AFP<\/em> enfatizando que o desfile foi o primeiro a homenagear um presidente em exerc\u00edcio e que enfrentou cr\u00edticas da oposi\u00e7\u00e3o, que apontou poss\u00edvel campanha eleitoral antecipada. Ambas as publica\u00e7\u00f5es mencionaram que o Tribunal Superior Eleitoral rejeitou pedidos para impedir a apresenta\u00e7\u00e3o, mas alertou que poderia analisar eventuais desdobramentos ap\u00f3s o evento.<\/p>\n<\/div>\n<p><br \/>\n<br \/>Fonte: <a href=\"https:\/\/www.gazetadopovo.com.br\/mundo\/imprensa-internacional-repercute-rebaixamento-de-escola-de-samba-que-homenageou-lula\/\">Revista Oeste<\/a><\/p>\n","protected":false},"excerpt":{"rendered":"<p>Jornais e emissoras de diversas partes do mundo repercutiram nesta quarta-feira (18) e quinta-feira (19) o rebaixamento, no Carnaval do Rio de Janeiro, da escola de samba Acad\u00eamicos de Niter\u00f3i, que homenageou o presidente Luiz In\u00e1cio Lula da Silva durante desfile no Samb\u00f3dromo da Marqu\u00eas de Sapuca\u00ed. A agremia\u00e7\u00e3o terminou em \u00faltimo lugar no Grupo [&hellip;]<\/p>\n","protected":false},"author":5,"featured_media":63747,"comment_status":"open","ping_status":"open","sticky":false,"template":"","format":"standard","meta":{"_seopress_robots_primary_cat":"","_seopress_titles_title":"","_seopress_titles_desc":"","_seopress_robots_index":"","footnotes":""},"categories":[48],"tags":[],"class_list":["post-63746","post","type-post","status-publish","format-standard","has-post-thumbnail","hentry","category-internacional"],"_links":{"self":[{"href":"https:\/\/mussicom.com\/noticias\/wp-json\/wp\/v2\/posts\/63746","targetHints":{"allow":["GET"]}}],"collection":[{"href":"https:\/\/mussicom.com\/noticias\/wp-json\/wp\/v2\/posts"}],"about":[{"href":"https:\/\/mussicom.com\/noticias\/wp-json\/wp\/v2\/types\/post"}],"author":[{"embeddable":true,"href":"https:\/\/mussicom.com\/noticias\/wp-json\/wp\/v2\/users\/5"}],"replies":[{"embeddable":true,"href":"https:\/\/mussicom.com\/noticias\/wp-json\/wp\/v2\/comments?post=63746"}],"version-history":[{"count":0,"href":"https:\/\/mussicom.com\/noticias\/wp-json\/wp\/v2\/posts\/63746\/revisions"}],"wp:featuredmedia":[{"embeddable":true,"href":"https:\/\/mussicom.com\/noticias\/wp-json\/wp\/v2\/media\/63747"}],"wp:attachment":[{"href":"https:\/\/mussicom.com\/noticias\/wp-json\/wp\/v2\/media?parent=63746"}],"wp:term":[{"taxonomy":"category","embeddable":true,"href":"https:\/\/mussicom.com\/noticias\/wp-json\/wp\/v2\/categories?post=63746"},{"taxonomy":"post_tag","embeddable":true,"href":"https:\/\/mussicom.com\/noticias\/wp-json\/wp\/v2\/tags?post=63746"}],"curies":[{"name":"wp","href":"https:\/\/api.w.org\/{rel}","templated":true}]}}