{"id":63744,"date":"2026-02-19T17:24:20","date_gmt":"2026-02-19T20:24:20","guid":{"rendered":"https:\/\/mussicom.com\/azul-fecha-acordo-de-us-200-milhoes-com-american-e-united-airlines\/"},"modified":"2026-02-19T17:24:20","modified_gmt":"2026-02-19T20:24:20","slug":"azul-fecha-acordo-de-us-200-milhoes-com-american-e-united-airlines","status":"publish","type":"post","link":"https:\/\/mussicom.com\/noticias\/azul-fecha-acordo-de-us-200-milhoes-com-american-e-united-airlines\/","title":{"rendered":"Azul fecha acordo de US$ 200 milh\u00f5es com American e United Airlines"},"content":{"rendered":"<p> <br \/>\n<\/p>\n<div>\n<p><strong>A empresa\u00a0Azul Linhas A\u00e9reas anunciou\u00a0que fechou acordos de investimentos com as companhias a\u00e9reas estadunidenses American Airlines e United Airlines. Segundo comunicado divulgado nesta quarta-feira (18), as duas companhias se comprometeram a fazer investimentos de US$ 100 milh\u00f5es cada uma.<\/strong><img decoding=\"async\" src=\"https:\/\/agenciabrasil.ebc.com.br\/ebc.gif?id=1678726&amp;o=node\" style=\"width:1px; height:1px; display:inline;\"\/><\/p>\n<p><strong>O aporte ir\u00e1\u00a0apoiar a capitaliza\u00e7\u00e3o da Azul na sa\u00edda do processo de recupera\u00e7\u00e3o judicial da Azul nos Estados Unidos, chamado Chapter 11. <\/strong><\/p>\n<p>O acordo permite que, supervisionada por um tribunal norte-americano, a empresa inicie uma\u00a0reestrutura\u00e7\u00e3o financeira enquanto mant\u00eam suas atividades.<\/p>\n<p>\u201cNos termos dos respectivos EIAs (do ingl\u00eas\u00a0aditamentos aos acordos de investimento) e de seus respectivos termos e condi\u00e7\u00f5es, a American e a United se comprometeram individualmente a realizar investimentos em equity que apoiar\u00e3o a capitaliza\u00e7\u00e3o da Azul na sa\u00edda do Chapter 11 e est\u00e3o integrados ao plano de reorganiza\u00e7\u00e3o da companhia aprovado pela United States Bankruptcy Court for the Southern District of New York\u201d, diz o comunicado da empresa.<\/p>\n<p>De acordo com o\u00a0comunicado, <strong>o aporte feito pela United vai ser realizado no contexto da oferta p\u00fablica de a\u00e7\u00f5es, que foi divulgada ao mercado em 3 de fevereiro deste ano e que ter\u00e1 liquida\u00e7\u00e3o prevista para 20 de janeiro de 2026.<\/strong><\/p>\n<p><strong>J\u00e1 sobre o investimento feito pela American Airlines, a expectativa \u00e9 que ele seja realizado mediante a emiss\u00e3o de b\u00f4nus de subscri\u00e7\u00e3o, \u201cnos termos e condi\u00e7\u00f5es previstos em um contrato de subscri\u00e7\u00e3o de warrants\u201d. <\/strong>Os warrants s\u00e3o t\u00edtulos de garantia que permitem ao detentor comprar ou vender um ativo.<\/p>\n<p>Al\u00e9m disso, a companhia a\u00e9rea informou ter celebrado um Acordo de Investimento Adicional com \u201cdeterminados credores existentes\u201d, assegurando mais US$ 100 milh\u00f5es dentro da mesma oferta p\u00fablica.<\/p>\n<h2>Processo de reestrutura\u00e7\u00e3o<\/h2>\n<p>A Azul entrou com o pedido de recupera\u00e7\u00e3o judicial em 28 de maio de 2026\u00a0e o plano foi aprovado em dezembro por um tribunal dos Estados Unidos.<\/p>\n<p>Segundo a companhia, o Chapter 11, como \u00e9 chamado esse processo de reorganiza\u00e7\u00e3o financeira supervisionado pela Corte nos Estados Unidos, permite a reestrutura\u00e7\u00e3o do passivo da empresa, mas mantendo a opera\u00e7\u00e3o em curso.<\/p>\n<p>\u201cA Azul utilizar\u00e1 essa estrutura jur\u00eddica consolidada para eliminar mais de US$ 2 bilh\u00f5es de d\u00edvidas financeiras, readequar contratos de leasing e otimizar sua frota, com o objetivo de emergir com maior flexibilidade e sustentabilidade operacional e financeira\u201d, disse a empresa, na \u00e9poca.<\/p>\n<p>      <!-- Relacionada --><\/p>\n<p>            <!-- Relacionada -->\n    <\/div>\n<p><br \/>\n<br \/>Fonte: <a href=\"https:\/\/agenciabrasil.ebc.com.br\/economia\/noticia\/2026-02\/azul-fecha-acordo-de-us-200-milhoes-com-american-e-united-airlines\">Gazeta do Povo<\/a><\/p>\n","protected":false},"excerpt":{"rendered":"<p>A empresa\u00a0Azul Linhas A\u00e9reas anunciou\u00a0que fechou acordos de investimentos com as companhias a\u00e9reas estadunidenses American Airlines e United Airlines. Segundo comunicado divulgado nesta quarta-feira (18), as duas companhias se comprometeram a fazer investimentos de US$ 100 milh\u00f5es cada uma. O aporte ir\u00e1\u00a0apoiar a capitaliza\u00e7\u00e3o da Azul na sa\u00edda do processo de recupera\u00e7\u00e3o judicial da Azul [&hellip;]<\/p>\n","protected":false},"author":5,"featured_media":63745,"comment_status":"open","ping_status":"open","sticky":false,"template":"","format":"standard","meta":{"_seopress_robots_primary_cat":"","_seopress_titles_title":"","_seopress_titles_desc":"","_seopress_robots_index":"","footnotes":""},"categories":[45],"tags":[],"class_list":["post-63744","post","type-post","status-publish","format-standard","has-post-thumbnail","hentry","category-economia"],"_links":{"self":[{"href":"https:\/\/mussicom.com\/noticias\/wp-json\/wp\/v2\/posts\/63744","targetHints":{"allow":["GET"]}}],"collection":[{"href":"https:\/\/mussicom.com\/noticias\/wp-json\/wp\/v2\/posts"}],"about":[{"href":"https:\/\/mussicom.com\/noticias\/wp-json\/wp\/v2\/types\/post"}],"author":[{"embeddable":true,"href":"https:\/\/mussicom.com\/noticias\/wp-json\/wp\/v2\/users\/5"}],"replies":[{"embeddable":true,"href":"https:\/\/mussicom.com\/noticias\/wp-json\/wp\/v2\/comments?post=63744"}],"version-history":[{"count":0,"href":"https:\/\/mussicom.com\/noticias\/wp-json\/wp\/v2\/posts\/63744\/revisions"}],"wp:featuredmedia":[{"embeddable":true,"href":"https:\/\/mussicom.com\/noticias\/wp-json\/wp\/v2\/media\/63745"}],"wp:attachment":[{"href":"https:\/\/mussicom.com\/noticias\/wp-json\/wp\/v2\/media?parent=63744"}],"wp:term":[{"taxonomy":"category","embeddable":true,"href":"https:\/\/mussicom.com\/noticias\/wp-json\/wp\/v2\/categories?post=63744"},{"taxonomy":"post_tag","embeddable":true,"href":"https:\/\/mussicom.com\/noticias\/wp-json\/wp\/v2\/tags?post=63744"}],"curies":[{"name":"wp","href":"https:\/\/api.w.org\/{rel}","templated":true}]}}