{"id":6372,"date":"2025-03-17T12:37:50","date_gmt":"2025-03-17T15:37:50","guid":{"rendered":"https:\/\/www.mussicom.com\/conan-obrien-retorna-como-apresentador-do-oscar-2026\/"},"modified":"2025-03-17T12:37:50","modified_gmt":"2025-03-17T15:37:50","slug":"conan-obrien-retorna-como-apresentador-do-oscar-2026","status":"publish","type":"post","link":"https:\/\/mussicom.com\/noticias\/conan-obrien-retorna-como-apresentador-do-oscar-2026\/","title":{"rendered":"Conan O\u2019Brien retorna como apresentador do Oscar 2026"},"content":{"rendered":"<p> <br \/>\n<\/p>\n<div>\n<p data-end=\"529\" data-start=\"238\"><strong data-end=\"255\" data-start=\"238\">Conan O\u2019Brien<\/strong> foi confirmado como o apresentador do <strong data-end=\"308\" data-start=\"294\">Oscar 2026<\/strong>, que acontecer\u00e1 no dia 15 de mar\u00e7o no Dolby Theatre, em Hollywood. O an\u00fancio foi feito por <strong data-end=\"423\" data-start=\"408\">Bill Kramer<\/strong>, CEO da <strong data-end=\"481\" data-start=\"432\">Academia de Artes e Ci\u00eancias Cinematogr\u00e1ficas<\/strong>, e <strong data-end=\"499\" data-start=\"485\">Janet Yang<\/strong>, presidente da organiza\u00e7\u00e3o.<\/p>\n<blockquote class=\"citacao\" data-end=\"1082\" data-start=\"680\"><p><strong data-end=\"902\" data-start=\"778\">&#8220;A \u00fanica raz\u00e3o pela qual estou apresentando o Oscar no ano que vem \u00e9 que quero ouvir Adrien Brody terminar seu discurso&#8221;<\/strong>, disse O\u2019Brien em comunicado.<\/p><\/blockquote>\n<p data-end=\"1082\" data-start=\"680\">A refer\u00eancia foi ao discurso de <strong>Brody<\/strong> ao vencer o pr\u00eamio de <em>Melhor Ator<\/em> por <strong><em data-end=\"1020\" data-start=\"1005\">The Brutalist<\/em><\/strong>, que entrou para a hist\u00f3ria como o mais longo da premia\u00e7\u00e3o.<\/p>\n<p data-end=\"1082\" data-start=\"680\">A cerim\u00f4nia ser\u00e1 produzida pela equipe vencedora do <em>Emmy<\/em><strong data-end=\"602\" data-start=\"588\">Raj Kapoor<\/strong> e <strong data-end=\"620\" data-start=\"605\">Katy Mullan<\/strong>, que assumem a premia\u00e7\u00e3o pelo terceiro ano consecutivo.<\/p>\n<p data-end=\"1082\" data-start=\"680\">Nos bastidores, <strong data-end=\"1779\" data-start=\"1760\">Kapoor e Mullan<\/strong> prometeram mais um grande espet\u00e1culo. <strong data-end=\"2001\" data-start=\"1818\">&#8220;Estamos muito honrados em retornar ao Oscar. Mal podemos esperar para trabalhar com Conan e sua equipe para criar mais momentos especiais e celebrar o impacto do cinema no mundo&#8221;<\/strong>, declararam os produtores.<\/p>\n<p data-end=\"1699\" data-start=\"1439\"><strong>Craig Erwich<\/strong>, presidente do <strong data-end=\"1494\" data-start=\"1467\">Disney Television Group<\/strong>, elogiou a escolha de O\u2019Brien. <strong data-end=\"1687\" data-start=\"1526\">&#8220;A performance dele foi inesquec\u00edvel. Seu estilo c\u00f4mico \u00fanico capturou perfeitamente o momento, e estou animado para v\u00ea-lo novamente no palco no pr\u00f3ximo ano&#8221;<\/strong>, afirmou.<\/p>\n<p data-end=\"2399\" data-start=\"2283\">A premia\u00e7\u00e3o ser\u00e1 transmitida no dia <strong data-end=\"2350\" data-start=\"2327\">15 de mar\u00e7o de 2026.<\/strong><\/p>\n<p data-end=\"2399\" data-start=\"2283\"><em><span style=\"text-decoration: underline;\"><strong data-end=\"2350\" data-start=\"2327\">+++LEIA MAIS: Oscar 2025: Veja os melhores e piores momentos durante a cerim\u00f4nia<\/strong><\/span><\/em><\/p>\n<p data-end=\"2399\" data-start=\"2283\"><em><span style=\"text-decoration: underline;\"><strong data-end=\"2350\" data-start=\"2327\">+++ LEIA MAIS: Adrien Brody quebra recorde de discurso mais longo da hist\u00f3ria do Oscar<\/strong><\/span><\/em><\/p>\n<\/div>\n<p><br \/>\n<br \/>Fonte: <a href=\"https:\/\/rollingstone.com.br\/cinema\/conan-obrien-retorna-como-apresentador-do-oscar-2026\/\">rollingstone.com.br<\/a><\/p>\n","protected":false},"excerpt":{"rendered":"<p>Conan O\u2019Brien foi confirmado como o apresentador do Oscar 2026, que acontecer\u00e1 no dia 15 de mar\u00e7o no Dolby Theatre, em Hollywood. O an\u00fancio foi feito por Bill Kramer, CEO da Academia de Artes e Ci\u00eancias Cinematogr\u00e1ficas, e Janet Yang, presidente da organiza\u00e7\u00e3o. &#8220;A \u00fanica raz\u00e3o pela qual estou apresentando o Oscar no ano que [&hellip;]<\/p>\n","protected":false},"author":5,"featured_media":6373,"comment_status":"open","ping_status":"open","sticky":false,"template":"","format":"standard","meta":{"_seopress_robots_primary_cat":"","_seopress_titles_title":"","_seopress_titles_desc":"","_seopress_robots_index":"","footnotes":""},"categories":[51],"tags":[],"class_list":["post-6372","post","type-post","status-publish","format-standard","has-post-thumbnail","hentry","category-musica"],"_links":{"self":[{"href":"https:\/\/mussicom.com\/noticias\/wp-json\/wp\/v2\/posts\/6372","targetHints":{"allow":["GET"]}}],"collection":[{"href":"https:\/\/mussicom.com\/noticias\/wp-json\/wp\/v2\/posts"}],"about":[{"href":"https:\/\/mussicom.com\/noticias\/wp-json\/wp\/v2\/types\/post"}],"author":[{"embeddable":true,"href":"https:\/\/mussicom.com\/noticias\/wp-json\/wp\/v2\/users\/5"}],"replies":[{"embeddable":true,"href":"https:\/\/mussicom.com\/noticias\/wp-json\/wp\/v2\/comments?post=6372"}],"version-history":[{"count":0,"href":"https:\/\/mussicom.com\/noticias\/wp-json\/wp\/v2\/posts\/6372\/revisions"}],"wp:featuredmedia":[{"embeddable":true,"href":"https:\/\/mussicom.com\/noticias\/wp-json\/wp\/v2\/media\/6373"}],"wp:attachment":[{"href":"https:\/\/mussicom.com\/noticias\/wp-json\/wp\/v2\/media?parent=6372"}],"wp:term":[{"taxonomy":"category","embeddable":true,"href":"https:\/\/mussicom.com\/noticias\/wp-json\/wp\/v2\/categories?post=6372"},{"taxonomy":"post_tag","embeddable":true,"href":"https:\/\/mussicom.com\/noticias\/wp-json\/wp\/v2\/tags?post=6372"}],"curies":[{"name":"wp","href":"https:\/\/api.w.org\/{rel}","templated":true}]}}