{"id":63667,"date":"2026-02-19T10:17:17","date_gmt":"2026-02-19T13:17:17","guid":{"rendered":"https:\/\/mussicom.com\/economia-cresce-menos-em-2025-e-aponta-desaceleracao\/"},"modified":"2026-02-19T10:17:17","modified_gmt":"2026-02-19T13:17:17","slug":"economia-cresce-menos-em-2025-e-aponta-desaceleracao","status":"publish","type":"post","link":"https:\/\/mussicom.com\/noticias\/economia-cresce-menos-em-2025-e-aponta-desaceleracao\/","title":{"rendered":"economia cresce menos em 2025 e aponta desacelera\u00e7\u00e3o"},"content":{"rendered":"<p> <br \/>\n<\/p>\n<div id=\"tp-post-content\">\n<p class=\"postParagraph_post-paragraph__juWZN postParagraph_post-paragraph-innerHtml__Q5vwc\">A economia brasileira perdeu for\u00e7a em 2025 e cresceu 2,5%, segundo o \u00cdndice de Atividade Econ\u00f4mica (IBC-BR) do Banco Central, considerado a pr\u00e9via do PIB, divulgado nesta quinta (19). O resultado mostra desacelera\u00e7\u00e3o em rela\u00e7\u00e3o a 2024, quando a expans\u00e3o foi maior, de 3,7%, e indica um ritmo mais fraco da atividade econ\u00f4mica no pa\u00eds.<\/p>\n<p class=\"postParagraph_post-paragraph__juWZN postParagraph_post-paragraph-innerHtml__Q5vwc\">O desempenho de 2025 \u00e9 o pior em cinco anos, desde 2020, per\u00edodo marcado pelos efeitos do isolamento social na fase mais aguda da pandemia da Covid-19. A compara\u00e7\u00e3o refor\u00e7a que o crescimento atual est\u00e1 distante do ritmo mais robusto observado nos \u00faltimos anos.<\/p>\n<p class=\"postParagraph_post-paragraph__juWZN postParagraph_post-paragraph-innerHtml__Q5vwc\">O IBC-BR funciona como um term\u00f4metro do Produto Interno Bruto (PIB), que representa a soma de todos os bens e servi\u00e7os produzidos no pa\u00eds e que ter\u00e1 o acumulado de 2025 divulgado em mar\u00e7o pelo IBGE. Quando o PIB cresce, significa que a economia est\u00e1 produzindo mais; quando cai, indica retra\u00e7\u00e3o.<\/p>\n<div class=\"postViewMore_post-view-more-container___5wai\" data-mrf-recirculation=\"Post - Veja tamb\u00e9m\">\n<p class=\"gp-styles-module-size-small-afeYRa gp-styles-module-font-family2-afeYRa gp-styles-module-color-secondary-afeYRa gp-styles-module-weight-bold-afeYRa\">VEJA TAMB\u00c9M:<\/p>\n<ul class=\"postViewMore_post-view-more-list__CU_CE\">\n<li class=\"postViewMore_post-view-more-item__2MzRb\">\n<div class=\"postViewMore_post-view-more-image__5gUSe\"><picture class=\"imageDefault_image-container__XGd8_\"><\/picture><\/div>\n<p>Brasil precisa de plano fiscal cr\u00edvel para voltar a ter grau de investimento, diz ag\u00eancia<\/li>\n<\/ul>\n<\/div>\n<p class=\"postParagraph_post-paragraph__juWZN postParagraph_post-paragraph-innerHtml__Q5vwc\">Na divis\u00e3o por setores, a agropecu\u00e1ria liderou com alta de 13,1%, enquanto a ind\u00fastria avan\u00e7ou apenas 1,5% e os servi\u00e7os cresceram 2,1% em 2025. Os n\u00fameros mostram uma economia sustentada principalmente pelo campo, com desempenho mais modesto nos demais segmentos.<\/p>\n<p class=\"postParagraph_post-paragraph__juWZN postParagraph_post-paragraph-innerHtml__Q5vwc\">Por outro lado, o Minist\u00e9rio da Fazenda estima expans\u00e3o de 2,3% para o PIB de 2025, mesma proje\u00e7\u00e3o apresentada pelo Banco Central para o desempenho da economia no ano passado. As previs\u00f5es convergem para um cen\u00e1rio de crescimento mais contido, em linha com a pol\u00edtica monet\u00e1ria restritiva.<\/p>\n<p class=\"postParagraph_post-paragraph__juWZN postParagraph_post-paragraph-innerHtml__Q5vwc\">Os dados mensais tamb\u00e9m indicam perda de f\u00f4lego no fim do ano, com retra\u00e7\u00e3o de 0,2% em dezembro na compara\u00e7\u00e3o com o m\u00eas anterior, j\u00e1 descontados os efeitos sazonais. O recuo refor\u00e7a a leitura de desacelera\u00e7\u00e3o gradual da atividade econ\u00f4mica.<\/p>\n<p class=\"postParagraph_post-paragraph__juWZN postParagraph_post-paragraph-innerHtml__Q5vwc\">O freio no crescimento j\u00e1 era esperado pelo mercado financeiro e pelo pr\u00f3prio Banco Central, diante do n\u00edvel elevado da taxa b\u00e1sica de juros. A Selic est\u00e1 em 15% ao ano, o maior patamar em quase duas d\u00e9cadas, definida como estrat\u00e9gia para conter a infla\u00e7\u00e3o.<\/p>\n<p class=\"postParagraph_post-paragraph__juWZN postParagraph_post-paragraph-innerHtml__Q5vwc\">A autoridade monet\u00e1ria sinalizou que deve iniciar o corte de juros em mar\u00e7o, e o mercado projeta redu\u00e7\u00e3o de 0,5 ponto percentual, para 14,5% ao ano. Ainda assim, o atual patamar elevado tem impacto direto sobre cr\u00e9dito, consumo e investimento.<\/p>\n<\/div>\n<p><br \/>\n<br \/>Fonte: <a href=\"https:\/\/www.gazetadopovo.com.br\/economia\/ibc-br-economia-cresce-menos-2025-aponta-desaceleracao\/\">Gazeta do Povo<\/a><\/p>\n","protected":false},"excerpt":{"rendered":"<p>A economia brasileira perdeu for\u00e7a em 2025 e cresceu 2,5%, segundo o \u00cdndice de Atividade Econ\u00f4mica (IBC-BR) do Banco Central, considerado a pr\u00e9via do PIB, divulgado nesta quinta (19). O resultado mostra desacelera\u00e7\u00e3o em rela\u00e7\u00e3o a 2024, quando a expans\u00e3o foi maior, de 3,7%, e indica um ritmo mais fraco da atividade econ\u00f4mica no pa\u00eds. [&hellip;]<\/p>\n","protected":false},"author":5,"featured_media":63668,"comment_status":"open","ping_status":"open","sticky":false,"template":"","format":"standard","meta":{"_seopress_robots_primary_cat":"","_seopress_titles_title":"","_seopress_titles_desc":"","_seopress_robots_index":"","footnotes":""},"categories":[45],"tags":[],"class_list":["post-63667","post","type-post","status-publish","format-standard","has-post-thumbnail","hentry","category-economia"],"_links":{"self":[{"href":"https:\/\/mussicom.com\/noticias\/wp-json\/wp\/v2\/posts\/63667","targetHints":{"allow":["GET"]}}],"collection":[{"href":"https:\/\/mussicom.com\/noticias\/wp-json\/wp\/v2\/posts"}],"about":[{"href":"https:\/\/mussicom.com\/noticias\/wp-json\/wp\/v2\/types\/post"}],"author":[{"embeddable":true,"href":"https:\/\/mussicom.com\/noticias\/wp-json\/wp\/v2\/users\/5"}],"replies":[{"embeddable":true,"href":"https:\/\/mussicom.com\/noticias\/wp-json\/wp\/v2\/comments?post=63667"}],"version-history":[{"count":0,"href":"https:\/\/mussicom.com\/noticias\/wp-json\/wp\/v2\/posts\/63667\/revisions"}],"wp:featuredmedia":[{"embeddable":true,"href":"https:\/\/mussicom.com\/noticias\/wp-json\/wp\/v2\/media\/63668"}],"wp:attachment":[{"href":"https:\/\/mussicom.com\/noticias\/wp-json\/wp\/v2\/media?parent=63667"}],"wp:term":[{"taxonomy":"category","embeddable":true,"href":"https:\/\/mussicom.com\/noticias\/wp-json\/wp\/v2\/categories?post=63667"},{"taxonomy":"post_tag","embeddable":true,"href":"https:\/\/mussicom.com\/noticias\/wp-json\/wp\/v2\/tags?post=63667"}],"curies":[{"name":"wp","href":"https:\/\/api.w.org\/{rel}","templated":true}]}}