{"id":63614,"date":"2026-02-19T00:17:15","date_gmt":"2026-02-19T03:17:15","guid":{"rendered":"https:\/\/mussicom.com\/santa-catarina-anuncia-r-1378-milhoes-para-o-terra-boa-2026\/"},"modified":"2026-02-19T00:17:15","modified_gmt":"2026-02-19T03:17:15","slug":"santa-catarina-anuncia-r-1378-milhoes-para-o-terra-boa-2026","status":"publish","type":"post","link":"https:\/\/mussicom.com\/noticias\/santa-catarina-anuncia-r-1378-milhoes-para-o-terra-boa-2026\/","title":{"rendered":"Santa Catarina anuncia R$ 137,8 milh\u00f5es para o Terra Boa 2026"},"content":{"rendered":"<p> <br \/>\n<\/p>\n<div>\n<p style=\"text-align:justify\">O governador Jorginho Mello anunciou nesta quarta-feira, 18, investimento de R$ 137,8 milh\u00f5es para a edi\u00e7\u00e3o 2026 do Programa Terra Boa, durante a abertura do Itaipu Rural Show, em Pinhalzinho. O valor representa um aumento de 18% em rela\u00e7\u00e3o a 2025, quando foram aplicados R$ 116,9 milh\u00f5es \u2014 um acr\u00e9scimo de R$ 20,9 milh\u00f5es para ampliar o alcance da pol\u00edtica p\u00fablica voltada \u00e0 agricultura familiar.&#13;\n<\/p>\n<p style=\"text-align:justify\">Com o refor\u00e7o, a expectativa \u00e9 beneficiar mais de 69 mil agricultores familiares em todo o Estado. No ano passado, o programa atendeu 64 mil produtores rurais, consolidando-se como uma das principais a\u00e7\u00f5es de apoio ao setor agropecu\u00e1rio catarinense.<\/p>\n<p style=\"text-align:justify\">\u201cO Terra Boa chega com mais recursos, \u00e9 mais uma resposta concreta para o fortalecimento da agricultura familiar. Nosso produtor merece condi\u00e7\u00f5es reais para produzir com mais competitividade e qualidade\u201d, disse o governador destacando o rec\u00e9m criado programa de linha de cr\u00e9dito com benef\u00edcios para ajudar o produtor de leite em Santa Catarina.<\/p>\n<p style=\"text-align:justify\">Criado em 1983, o Terra Boa \u00e9 um dos programas mais tradicionais da Secretaria de Estado da Agricultura e Pecu\u00e1ria (Sape). A iniciativa busca ampliar a produtividade das lavouras, fortalecer a produ\u00e7\u00e3o pecu\u00e1ria, incentivar a diversifica\u00e7\u00e3o de culturas e aumentar a renda das fam\u00edlias rurais, por meio do acesso facilitado a insumos estrat\u00e9gicos.<\/p>\n<p style=\"text-align:justify\">O programa \u00e9 operacionalizado pela Federa\u00e7\u00e3o das Cooperativas Agropecu\u00e1rias de Santa Catarina (Fecoagro), por meio de acordo de coopera\u00e7\u00e3o com a Secretaria de Estado da Agricultura e Pecu\u00e1ria e a Epagri, em parceria com cooperativas e casas agropecu\u00e1rias credenciadas.&#13;\n<\/p>\n<p style=\"text-align:justify\">\u201cO Terra Boa \u00e9 fruto de um trabalho integrado entre Estado, cooperativas e parceiros, com o objetivo de levar insumos e assist\u00eancia t\u00e9cnica ao produtor rural. Esse apoio \u00e9 fundamental para aumentar a produtividade, ampliar a renda das fam\u00edlias e garantir que os resultados cheguem a cada munic\u00edpio de Santa Catarina\u201d, destacou o secret\u00e1rio de Estado da Agricultura e Pecu\u00e1ria, Admir Dalla Cort.<\/p>\n<p style=\"text-align:justify\"><strong>Novos investimentos e apoio \u00e0 produ\u00e7\u00e3o<\/strong><\/p>\n<p style=\"text-align:justify\">Entre as novidades da edi\u00e7\u00e3o 2026 est\u00e1 a cria\u00e7\u00e3o do Projeto Sementes de Arroz, voltado ao fortalecimento da orizicultura catarinense, com previs\u00e3o de distribui\u00e7\u00e3o de 77 mil sacas de sementes selecionadas.<\/p>\n<p style=\"text-align:justify\">O programa tamb\u00e9m prev\u00ea a distribui\u00e7\u00e3o de 415 mil toneladas de calc\u00e1rio e 175 mil sacas de sementes de milho de alto valor gen\u00e9tico. Est\u00e3o previstas ainda 3,5 mil cotas do Kit Forrageiras, 3 mil cotas do Kit Solo Saud\u00e1vel, mil cotas do Kit Apicultura e a entrega de 15 mil abelhas rainhas selecionadas, com foco no melhoramento gen\u00e9tico dos enxames e no aumento da produtividade.<\/p>\n<p style=\"text-align:justify\">O Terra Boa tamb\u00e9m apoia o cultivo de at\u00e9 6 mil hectares de cereais de inverno e de sorgo gran\u00edfero destinados \u00e0 fabrica\u00e7\u00e3o de ra\u00e7\u00e3o animal. Para participar, os agricultores devem procurar os escrit\u00f3rios municipais da Epagri para receber orienta\u00e7\u00f5es sobre crit\u00e9rios, documenta\u00e7\u00e3o e autoriza\u00e7\u00e3o de retirada dos insumos nas cooperativas credenciadas.&#13;\n<\/p>\n<\/p><\/div>\n<p><script data-cfasync=\"false\">\n    !function (f, b, e, v, n, t, s) {\n        if (f.fbq) return; n = f.fbq = function () {\n            n.callMethod ?\n                n.callMethod.apply(n, arguments) : n.queue.push(arguments)\n        };\n        if (!f._fbq) f._fbq = n; n.push = n; n.loaded = !0; n.version = '2.0';\n        n.queue = []; t = b.createElement(e); t.async = !0;\n        t.src = v; s = b.getElementsByTagName(e)[0];\n        s.parentNode.insertBefore(t, s)\n    }(window, document, 'script',\n        'https:\/\/connect.facebook.net\/en_US\/fbevents.js');\n    fbq('init', '522546078623747');\n    fbq('track', 'PageView');\n<\/script><br \/>\n<br \/><br \/>\n<br \/>Fonte: <a href=\"https:\/\/www.agrolink.com.br\/noticias\/governo-do-estado-anuncia-r--137-8-milhoes-para-o-terra-boa-2026_511094.html\">AGROLINK<\/a><\/p>\n","protected":false},"excerpt":{"rendered":"<p>O governador Jorginho Mello anunciou nesta quarta-feira, 18, investimento de R$ 137,8 milh\u00f5es para a edi\u00e7\u00e3o 2026 do Programa Terra Boa, durante a abertura do Itaipu Rural Show, em Pinhalzinho. O valor representa um aumento de 18% em rela\u00e7\u00e3o a 2025, quando foram aplicados R$ 116,9 milh\u00f5es \u2014 um acr\u00e9scimo de R$ 20,9 milh\u00f5es para [&hellip;]<\/p>\n","protected":false},"author":5,"featured_media":31740,"comment_status":"open","ping_status":"open","sticky":false,"template":"","format":"standard","meta":{"_seopress_robots_primary_cat":"","_seopress_titles_title":"","_seopress_titles_desc":"","_seopress_robots_index":"","footnotes":""},"categories":[53],"tags":[],"class_list":["post-63614","post","type-post","status-publish","format-standard","has-post-thumbnail","hentry","category-agronegocio"],"_links":{"self":[{"href":"https:\/\/mussicom.com\/noticias\/wp-json\/wp\/v2\/posts\/63614","targetHints":{"allow":["GET"]}}],"collection":[{"href":"https:\/\/mussicom.com\/noticias\/wp-json\/wp\/v2\/posts"}],"about":[{"href":"https:\/\/mussicom.com\/noticias\/wp-json\/wp\/v2\/types\/post"}],"author":[{"embeddable":true,"href":"https:\/\/mussicom.com\/noticias\/wp-json\/wp\/v2\/users\/5"}],"replies":[{"embeddable":true,"href":"https:\/\/mussicom.com\/noticias\/wp-json\/wp\/v2\/comments?post=63614"}],"version-history":[{"count":0,"href":"https:\/\/mussicom.com\/noticias\/wp-json\/wp\/v2\/posts\/63614\/revisions"}],"wp:featuredmedia":[{"embeddable":true,"href":"https:\/\/mussicom.com\/noticias\/wp-json\/wp\/v2\/media\/31740"}],"wp:attachment":[{"href":"https:\/\/mussicom.com\/noticias\/wp-json\/wp\/v2\/media?parent=63614"}],"wp:term":[{"taxonomy":"category","embeddable":true,"href":"https:\/\/mussicom.com\/noticias\/wp-json\/wp\/v2\/categories?post=63614"},{"taxonomy":"post_tag","embeddable":true,"href":"https:\/\/mussicom.com\/noticias\/wp-json\/wp\/v2\/tags?post=63614"}],"curies":[{"name":"wp","href":"https:\/\/api.w.org\/{rel}","templated":true}]}}