{"id":63613,"date":"2026-02-18T23:19:33","date_gmt":"2026-02-19T02:19:33","guid":{"rendered":"https:\/\/mussicom.com\/ministro-elogia-stf-em-meio-a-crise-do-master-citando-revista-vox\/"},"modified":"2026-02-18T23:19:33","modified_gmt":"2026-02-19T02:19:33","slug":"ministro-elogia-stf-em-meio-a-crise-do-master-citando-revista-vox","status":"publish","type":"post","link":"https:\/\/mussicom.com\/noticias\/ministro-elogia-stf-em-meio-a-crise-do-master-citando-revista-vox\/","title":{"rendered":"Ministro elogia STF em meio a crise do Master citando revista Vox"},"content":{"rendered":"<p> <br \/>\n<\/p>\n<div id=\"tp-post-content\">\n<p class=\"postParagraph_post-paragraph__juWZN postParagraph_post-paragraph-innerHtml__Q5vwc\">Em meio \u00e0 crise institucional desencadeada pelo esc\u00e2ndalo do Master, o decano do Supremo Tribunal Federal (STF) Gilmar Mendes publicou em sua p\u00e1gina no X mais um elogio \u00e0 Corte. Para o ministro, a atua\u00e7\u00e3o do STF garantiu que n\u00e3o houvesse \u201cruptura\u201d, citando uma reportagem da revista estrangeira <em>Vox<\/em> com elogios \u00e0 democracia brasileira.<\/p>\n<p class=\"postParagraph_post-paragraph__juWZN postParagraph_post-paragraph-innerHtml__Q5vwc\">\u201cPoder\u00edamos hoje estar narrando uma trajet\u00f3ria de ruptura no Brasil. N\u00e3o foi o que ocorreu. O pa\u00eds se tornou exemplo de defesa democr\u00e1tica para o mundo\u201d, afirmou Mendes. O ministro refere-se \u00e0 atua\u00e7\u00e3o do STF antes, durante e depois das elei\u00e7\u00f5es de 2022, conforme narrado pela revista. A publica\u00e7\u00e3o compara as institui\u00e7\u00f5es americanas \u00e0s brasileiras, concluindo que os EUA teriam \u201cmuito a aprender\u201d com o exemplo das \u201cmais novas\u201d.<\/p>\n<p class=\"postParagraph_post-paragraph__juWZN postParagraph_post-paragraph-innerHtml__Q5vwc\">O pr\u00f3prio artigo da revista <em>Vox<\/em>, no entanto, traz cr\u00edticas e questiona a aquisi\u00e7\u00e3o de \u201cpoderes extraordin\u00e1rios\u201d pelos magistrados. A revista afirma que o ministro Alexandre de Moraes, com apoio dos colegas, exerceu poderes \u201ccom agressividade\u201d, como o de afastar o governador do Distrito Federal, prender pessoas \u201csem julgamento\u201d se fizessem manifesta\u00e7\u00f5es consideradas amea\u00e7adoras nas redes sociais e de investigar e depois julgar o ex-presidente Jair Bolsonaro.<\/p>\n<p class=\"postParagraph_post-paragraph__juWZN postParagraph_post-paragraph-innerHtml__Q5vwc\">Citando comentaristas de centro-esquerda, como o jornalista Pedro Doria, o texto da revista de tom progressista afirma que tais poderes trariam \u201cefeitos colaterais perigosos\u201d ao Brasil.<\/p>\n<h2 class=\"postParagraph_post-paragraph__juWZN postParagraph_post-paragraph-innerHtml__Q5vwc postParagraph_type-tag-h2__TtFkT\">Notas da comunidade<\/h2>\n<p class=\"postParagraph_post-paragraph__juWZN postParagraph_post-paragraph-innerHtml__Q5vwc\">Gilmar Mendes tem o costume de defender a Corte nas redes sociais. Neste ano, o ministro j\u00e1 publicou uma comemora\u00e7\u00e3o ao arquivamento da suspei\u00e7\u00e3o de Dias Toffoli na relatoria do caso Master. Na ocasi\u00e3o, ele recebeu uma &#8220;nota da comunidade&#8221; (recurso de checagem colaborativo da plataforma) corrigindo-o e citando artigos jur\u00eddicos que tratam de suspei\u00e7\u00e3o.<\/p>\n<p class=\"postParagraph_post-paragraph__juWZN postParagraph_post-paragraph-innerHtml__Q5vwc\">Em outra mensagem na qual defendia o STF na figura de Toffoli, Mendes recebeu mais uma nota da comunidade apontando alegadas suspei\u00e7\u00f5es na trajet\u00f3ria do ministro. Toffoli acabou depois abrindo m\u00e3o da relatoria do caso Master em troca de apoio dos colegas.<\/p>\n<\/div>\n<p><br \/>\n<br \/>Fonte: <a href=\"https:\/\/www.gazetadopovo.com.br\/republica\/em-meio-a-crise-do-master-ministro-elogia-stf-citando-revista-americana\/\">Revista Oeste<\/a><\/p>\n","protected":false},"excerpt":{"rendered":"<p>Em meio \u00e0 crise institucional desencadeada pelo esc\u00e2ndalo do Master, o decano do Supremo Tribunal Federal (STF) Gilmar Mendes publicou em sua p\u00e1gina no X mais um elogio \u00e0 Corte. Para o ministro, a atua\u00e7\u00e3o do STF garantiu que n\u00e3o houvesse \u201cruptura\u201d, citando uma reportagem da revista estrangeira Vox com elogios \u00e0 democracia brasileira. \u201cPoder\u00edamos [&hellip;]<\/p>\n","protected":false},"author":5,"featured_media":59783,"comment_status":"open","ping_status":"open","sticky":false,"template":"","format":"standard","meta":{"_seopress_robots_primary_cat":"","_seopress_titles_title":"","_seopress_titles_desc":"","_seopress_robots_index":"","footnotes":""},"categories":[1],"tags":[],"class_list":["post-63613","post","type-post","status-publish","format-standard","has-post-thumbnail","hentry","category-ultimas-noticias"],"_links":{"self":[{"href":"https:\/\/mussicom.com\/noticias\/wp-json\/wp\/v2\/posts\/63613","targetHints":{"allow":["GET"]}}],"collection":[{"href":"https:\/\/mussicom.com\/noticias\/wp-json\/wp\/v2\/posts"}],"about":[{"href":"https:\/\/mussicom.com\/noticias\/wp-json\/wp\/v2\/types\/post"}],"author":[{"embeddable":true,"href":"https:\/\/mussicom.com\/noticias\/wp-json\/wp\/v2\/users\/5"}],"replies":[{"embeddable":true,"href":"https:\/\/mussicom.com\/noticias\/wp-json\/wp\/v2\/comments?post=63613"}],"version-history":[{"count":0,"href":"https:\/\/mussicom.com\/noticias\/wp-json\/wp\/v2\/posts\/63613\/revisions"}],"wp:featuredmedia":[{"embeddable":true,"href":"https:\/\/mussicom.com\/noticias\/wp-json\/wp\/v2\/media\/59783"}],"wp:attachment":[{"href":"https:\/\/mussicom.com\/noticias\/wp-json\/wp\/v2\/media?parent=63613"}],"wp:term":[{"taxonomy":"category","embeddable":true,"href":"https:\/\/mussicom.com\/noticias\/wp-json\/wp\/v2\/categories?post=63613"},{"taxonomy":"post_tag","embeddable":true,"href":"https:\/\/mussicom.com\/noticias\/wp-json\/wp\/v2\/tags?post=63613"}],"curies":[{"name":"wp","href":"https:\/\/api.w.org\/{rel}","templated":true}]}}