{"id":63572,"date":"2026-02-18T17:10:19","date_gmt":"2026-02-18T20:10:19","guid":{"rendered":"https:\/\/mussicom.com\/acucar-renova-minimas-e-amplia-pressao-global\/"},"modified":"2026-02-18T17:10:19","modified_gmt":"2026-02-18T20:10:19","slug":"acucar-renova-minimas-e-amplia-pressao-global","status":"publish","type":"post","link":"https:\/\/mussicom.com\/noticias\/acucar-renova-minimas-e-amplia-pressao-global\/","title":{"rendered":"A\u00e7\u00facar renova m\u00ednimas e amplia press\u00e3o global"},"content":{"rendered":"<p> <br \/>\n<\/p>\n<div>\n<div class=\"row\">\n<div class=\"col-lg col-infos mt-0 mt-lg-0\">\n<div class=\"section-sub-title\">\n<p itemprop=\"description\">&#13;<br \/>\n                                O per\u00edodo ficou marcado pela quebra do piso &#13;\n                            <\/p>\n<\/p><\/div>\n<div class=\"container\">\n<div class=\"row\">\n<div class=\"col-lg p-0\">\n<div>\n<div class=\"block-news-main-infos mt-3 text-start\">\n<p>                                            <strong class=\"fn\" itemprop=\"author\" style=\"color: rgb(112, 112, 112); \">&#13;<br \/>\n                                                Agrolink&#13;<br \/>\n&#13;<br \/>\n                                                    &#8211; Leonardo Gottems&#13;<br \/>\n&#13;<br \/>\n                                            <\/strong><br \/>\n                                        <\/p>\n<p>                                            <abbr><time datetime=\"2026 - 02 - 18T16:43\" itemprop=\"datePublished dateModified\"> Publicado em 18\/02\/2026 \u00e0s 16:43h.<\/time><\/abbr>\n                                    <\/div>\n<\/p><\/div>\n<\/p><\/div>\n<div class=\"col-lg p-0 text-lg-end\">\n<div>\n<div id=\"mdEnviarPagina\" class=\"modal fade\" role=\"dialog\">\n<div class=\"modal-dialog\">\n<div class=\"modal-content\">\n<div class=\"modal-body\">\n<p><strong>Estimado usu\u00e1rio.<\/strong><br \/>Preencha o formul\u00e1rio abaixo para remeter a p\u00e1gina.<\/p>\n<\/p><\/div>\n<\/p><\/div>\n<\/p><\/div>\n<\/div><\/div>\n<\/p><\/div>\n<\/p><\/div>\n<\/p><\/div>\n<\/p><\/div>\n<\/p><\/div>\n<div class=\"row justify-content-md-center mt-3\">\n<div class=\"col-lg-auto col-image block-news-main-image\">\n<p>                                <br \/>\n                                                <span class=\"d-block mt-1\">O per\u00edodo ficou marcado pela quebra do piso  &#8211; Foto: Divulga\u00e7\u00e3o<\/span><\/p><\/div>\n<\/p><\/div>\n<div class=\"section-description section-description-noticias mt-3\">\n<p>Os mercados de a\u00e7\u00facar e etanol atravessaram uma semana de ajustes relevantes, refletindo mudan\u00e7as nas expectativas de oferta e movimentos no com\u00e9rcio internacional. De acordo com a StoneX, o a\u00e7\u00facar registrou forte recuo no mercado futuro, renovando m\u00ednimas que n\u00e3o eram vistas desde 2020.&#13;\n<\/p>\n<p>Na sexta-feira, a tela mais l\u00edquida para o a\u00e7\u00facar em Nova Iorque, contrato SBH6, encerrou cotada a US\u00a2 13,78 por libra-peso, com leve avan\u00e7o di\u00e1rio de 0,07%, mas acumulando queda de 2,3% em rela\u00e7\u00e3o ao fechamento da semana anterior. O per\u00edodo ficou marcado pela quebra do piso de US\u00a2 14 por libra-peso, em meio \u00e0 press\u00e3o baixista sustentada pela expectativa de super\u00e1vit global. Al\u00e9m disso, o aumento das chuvas no Centro-Sul do Brasil no in\u00edcio de fevereiro refor\u00e7ou a perspectiva de maior oferta na safra que come\u00e7a em abril, ampliando o vi\u00e9s negativo para as cota\u00e7\u00f5es.<\/p>\n<p>No mercado de etanol, os pre\u00e7os no spot paulista entre usinas e distribuidoras permaneceram, entre 9 e 13 de fevereiro, no intervalo de R$ 3,65 a R$ 3,70 por litro. O movimento indica estabilidade ap\u00f3s o reajuste promovido pela Petrobras no fim de janeiro, mas ainda aponta recuo em rela\u00e7\u00e3o \u00e0s m\u00e1ximas da safra, pr\u00f3ximas de R$ 3,75 por litro.&#13;\n<\/p>\n<p>O destaque da semana foi o comportamento do etanol anidro, com indica\u00e7\u00f5es abaixo de R$ 3,60 por litro ao final do per\u00edodo. O cen\u00e1rio \u00e9 influenciado pelo avan\u00e7o expressivo das importa\u00e7\u00f5es em janeiro, que somaram cerca de 139 mil metros c\u00fabicos, ante 15 mil metros c\u00fabicos em dezembro, al\u00e9m da manuten\u00e7\u00e3o de um lineup elevado para fevereiro. As informa\u00e7\u00f5es foram divulgadas nesta quarta-feira.<br \/>&#13;<br \/>\n\u00a0<\/p>\n<\/p><\/div>\n<\/p><\/div>\n<p><script data-cfasync=\"false\">\n    !function (f, b, e, v, n, t, s) {\n        if (f.fbq) return; n = f.fbq = function () {\n            n.callMethod ?\n                n.callMethod.apply(n, arguments) : n.queue.push(arguments)\n        };\n        if (!f._fbq) f._fbq = n; n.push = n; n.loaded = !0; n.version = '2.0';\n        n.queue = []; t = b.createElement(e); t.async = !0;\n        t.src = v; s = b.getElementsByTagName(e)[0];\n        s.parentNode.insertBefore(t, s)\n    }(window, document, 'script',\n        'https:\/\/connect.facebook.net\/en_US\/fbevents.js');\n    fbq('init', '522546078623747');\n    fbq('track', 'PageView');\n<\/script><br \/>\n<br \/><br \/>\n<br \/>Fonte: <a href=\"https:\/\/www.agrolink.com.br\/noticias\/acucar-renova-minimas-e-amplia-pressao-global_511101.html\">AGROLINK<\/a><\/p>\n","protected":false},"excerpt":{"rendered":"<p>&#13; O per\u00edodo ficou marcado pela quebra do piso &#13; &#13; Agrolink&#13; &#13; &#8211; Leonardo Gottems&#13; &#13; Publicado em 18\/02\/2026 \u00e0s 16:43h. Estimado usu\u00e1rio.Preencha o formul\u00e1rio abaixo para remeter a p\u00e1gina. O per\u00edodo ficou marcado pela quebra do piso &#8211; Foto: Divulga\u00e7\u00e3o Os mercados de a\u00e7\u00facar e etanol atravessaram uma semana de ajustes relevantes, refletindo [&hellip;]<\/p>\n","protected":false},"author":5,"featured_media":36709,"comment_status":"open","ping_status":"open","sticky":false,"template":"","format":"standard","meta":{"_seopress_robots_primary_cat":"","_seopress_titles_title":"","_seopress_titles_desc":"","_seopress_robots_index":"","footnotes":""},"categories":[53],"tags":[],"class_list":["post-63572","post","type-post","status-publish","format-standard","has-post-thumbnail","hentry","category-agronegocio"],"_links":{"self":[{"href":"https:\/\/mussicom.com\/noticias\/wp-json\/wp\/v2\/posts\/63572","targetHints":{"allow":["GET"]}}],"collection":[{"href":"https:\/\/mussicom.com\/noticias\/wp-json\/wp\/v2\/posts"}],"about":[{"href":"https:\/\/mussicom.com\/noticias\/wp-json\/wp\/v2\/types\/post"}],"author":[{"embeddable":true,"href":"https:\/\/mussicom.com\/noticias\/wp-json\/wp\/v2\/users\/5"}],"replies":[{"embeddable":true,"href":"https:\/\/mussicom.com\/noticias\/wp-json\/wp\/v2\/comments?post=63572"}],"version-history":[{"count":0,"href":"https:\/\/mussicom.com\/noticias\/wp-json\/wp\/v2\/posts\/63572\/revisions"}],"wp:featuredmedia":[{"embeddable":true,"href":"https:\/\/mussicom.com\/noticias\/wp-json\/wp\/v2\/media\/36709"}],"wp:attachment":[{"href":"https:\/\/mussicom.com\/noticias\/wp-json\/wp\/v2\/media?parent=63572"}],"wp:term":[{"taxonomy":"category","embeddable":true,"href":"https:\/\/mussicom.com\/noticias\/wp-json\/wp\/v2\/categories?post=63572"},{"taxonomy":"post_tag","embeddable":true,"href":"https:\/\/mussicom.com\/noticias\/wp-json\/wp\/v2\/tags?post=63572"}],"curies":[{"name":"wp","href":"https:\/\/api.w.org\/{rel}","templated":true}]}}