{"id":63519,"date":"2026-02-18T11:55:14","date_gmt":"2026-02-18T14:55:14","guid":{"rendered":"https:\/\/mussicom.com\/governo-lula-eleva-imposto-de-importacao-e-trava-investimentos\/"},"modified":"2026-02-18T11:55:14","modified_gmt":"2026-02-18T14:55:14","slug":"governo-lula-eleva-imposto-de-importacao-e-trava-investimentos","status":"publish","type":"post","link":"https:\/\/mussicom.com\/noticias\/governo-lula-eleva-imposto-de-importacao-e-trava-investimentos\/","title":{"rendered":"Governo Lula eleva Imposto de Importa\u00e7\u00e3o e trava investimentos"},"content":{"rendered":"<p> <br \/>\n<\/p>\n<div id=\"tp-post-content\">\n<p class=\"postParagraph_post-paragraph__juWZN postParagraph_post-paragraph-innerHtml__Q5vwc\">O governo Lula elevou o Imposto de Importa\u00e7\u00e3o (II) sobre bens de capital e de inform\u00e1tica, adicionando mais um obst\u00e1culo aos investimentos privados em meio \u00e0 Selic de 15% ao ano. A medida, anunciada em 5 de fevereiro e prevista no Or\u00e7amento Federal como fonte de receita, vale para produtos com similar nacional e deve render ao menos R$ 14 bilh\u00f5es aos cofres do governo federal.<\/p>\n<p class=\"postParagraph_post-paragraph__juWZN postParagraph_post-paragraph-innerHtml__Q5vwc\">O aumento no tributo, somado \u00e0 taxa de juros no n\u00edvel mais elevado em quase duas d\u00e9cadas, deve contribuir para uma desacelera\u00e7\u00e3o ainda maior dos investimentos, fundamentais para o crescimento da economia.<\/p>\n<h2 class=\"postParagraph_post-paragraph__juWZN postParagraph_post-paragraph-innerHtml__Q5vwc postParagraph_type-tag-h2__TtFkT\">Investimentos j\u00e1 mostram sinais de desacelera\u00e7\u00e3o<\/h2>\n<p class=\"postParagraph_post-paragraph__juWZN postParagraph_post-paragraph-innerHtml__Q5vwc\">Os investimentos vinham acelerando \u2014 cresceram 6% no terceiro trimestre de 2025, segundo o Instituto Brasileiro de Geografia e Estat\u00edstica (IBGE) \u2014, mas j\u00e1 mostram sinais claros de desacelera\u00e7\u00e3o.<\/p>\n<p class=\"postParagraph_post-paragraph__juWZN postParagraph_post-paragraph-innerHtml__Q5vwc\">O <em>Monitor do PIB<\/em> do Instituto Brasileiro de Economia da Funda\u00e7\u00e3o Getulio Vargas (FGV IBRE) aponta que a forma\u00e7\u00e3o bruta de capital fixo (indicador que mede investimentos em m\u00e1quinas, equipamentos e constru\u00e7\u00e3o) cresceu apenas 1,3% no trimestre m\u00f3vel encerrado em novembro de 2025, o menor n\u00edvel desde fevereiro de 2024.<\/p>\n<p class=\"postParagraph_post-paragraph__juWZN postParagraph_post-paragraph-innerHtml__Q5vwc\">O segmento de m\u00e1quinas e equipamentos registra queda h\u00e1 quatro trimestres consecutivos, enquanto a constru\u00e7\u00e3o civil ainda avan\u00e7a, mas em ritmo decrescente.<\/p>\n<h2 class=\"postParagraph_post-paragraph__juWZN postParagraph_post-paragraph-innerHtml__Q5vwc postParagraph_type-tag-h2__TtFkT\">Governo conta com alta do Imposto de Importa\u00e7\u00e3o para fechar as contas<\/h2>\n<p class=\"postParagraph_post-paragraph__juWZN postParagraph_post-paragraph-innerHtml__Q5vwc\">Apesar do impacto sobre investimentos, a alta no Imposto de Importa\u00e7\u00e3o j\u00e1 era esperada desde o final do ano passado. A proje\u00e7\u00e3o do governo Lula \u00e9 de arrecadar pelo menos R$ 14 bilh\u00f5es a mais para viabilizar o cumprimento da meta fiscal.<\/p>\n<p class=\"postParagraph_post-paragraph__juWZN postParagraph_post-paragraph-innerHtml__Q5vwc\">Dados do Observat\u00f3rio de Pol\u00edtica Fiscal do FGV IBRE mostram que, em 2024, os impostos sobre com\u00e9rcio exterior \u2014 dos quais o II \u00e9 o mais relevante \u2014 representaram 0,66% da receita tribut\u00e1ria federal, o maior percentual em tr\u00eas anos. O aumento sinaliza que o governo vem recorrendo com mais frequ\u00eancia a essa fonte de arrecada\u00e7\u00e3o.<\/p>\n<p class=\"postParagraph_post-paragraph__juWZN postParagraph_post-paragraph-innerHtml__Q5vwc\">Contudo, a escolha do Imposto de Importa\u00e7\u00e3o como principal instrumento de arrecada\u00e7\u00e3o reflete frustra\u00e7\u00f5es anteriores do governo com outras tentativas de ajuste fiscal. Como o II \u00e9 um tributo federal que pode ser alterado por decreto presidencial, sem necessidade de aprova\u00e7\u00e3o pr\u00e9via do Congresso, a alta representa um al\u00edvio para a equipe econ\u00f4mica de Lula em meio \u00e0 crise entre os Poderes.<\/p>\n<h2 class=\"postParagraph_post-paragraph__juWZN postParagraph_post-paragraph-innerHtml__Q5vwc postParagraph_type-tag-h2__TtFkT\">Setores estrat\u00e9gicos afetados pelo aumento do imposto<\/h2>\n<p class=\"postParagraph_post-paragraph__juWZN postParagraph_post-paragraph-innerHtml__Q5vwc\">Nesse cen\u00e1rio, o aumento nos impostos coincide com as maiores importa\u00e7\u00f5es de equipamentos industriais desde 2008: US$ 39,2 bilh\u00f5es em 2024, segundo a Secretaria de<em> <\/em>Com\u00e9rcio Exterior (Secex).<\/p>\n<p class=\"postParagraph_post-paragraph__juWZN postParagraph_post-paragraph-innerHtml__Q5vwc\">A alta do Imposto de Importa\u00e7\u00e3o atinge principalmente setores intensivos em capital:<\/p>\n<ul class=\"postList_post-list-container__W0E4y postList_visual-type-unordered-list__M8U7t\">\n<li class=\"postList_post-list-item__34Ck1\"><span><strong>Ind\u00fastria de transforma\u00e7\u00e3o:<\/strong> metalmec\u00e2nica, automotiva, alimentos, qu\u00edmica;<\/span><\/li>\n<li class=\"postList_post-list-item__34Ck1\"><span><strong>Infraestrutura e energia:<\/strong> gera\u00e7\u00e3o, transmiss\u00e3o, renov\u00e1veis;<\/span><\/li>\n<li class=\"postList_post-list-item__34Ck1\"><span><strong>Minera\u00e7\u00e3o, \u00f3leo e g\u00e1s<\/strong>;<\/span><\/li>\n<li class=\"postList_post-list-item__34Ck1\"><span><strong>Agroneg\u00f3cio:<\/strong> tratores, colheitadeiras, irriga\u00e7\u00e3o.<\/span><\/li>\n<\/ul>\n<p class=\"postParagraph_post-paragraph__juWZN postParagraph_post-paragraph-innerHtml__Q5vwc\">Em nichos menores, tamb\u00e9m afeta sa\u00fade, saneamento e telecomunica\u00e7\u00f5es. Os mais expostos s\u00e3o aqueles com maior depend\u00eancia de tecnologia importada e investimentos elevados.<\/p>\n<h2 class=\"postParagraph_post-paragraph__juWZN postParagraph_post-paragraph-innerHtml__Q5vwc postParagraph_type-tag-h2__TtFkT\">Governo defende prote\u00e7\u00e3o \u00e0 ind\u00fastria nacional; associa\u00e7\u00f5es comemoram<\/h2>\n<p class=\"postParagraph_post-paragraph__juWZN postParagraph_post-paragraph-innerHtml__Q5vwc\">Em nota t\u00e9cnica sobre a mudan\u00e7a, o Minist\u00e9rio da Fazenda argumenta que o aumento do Imposto de Importa\u00e7\u00e3o visa recompor as al\u00edquotas que haviam sido reduzidas temporariamente nos \u00faltimos anos. A pasta afirma que o foco principal do aumento do imposto \u00e9 a prote\u00e7\u00e3o da ind\u00fastria nacional e o est\u00edmulo \u00e0 produ\u00e7\u00e3o interna de m\u00e1quinas, equipamentos e produtos de tecnologia que j\u00e1 possuem similares fabricados no Brasil.<\/p>\n<p class=\"postParagraph_post-paragraph__juWZN postParagraph_post-paragraph-innerHtml__Q5vwc\">A medida, por\u00e9m, n\u00e3o enfrenta resist\u00eancia un\u00e2nime. Al\u00e9m do governo, que necessita de dinheiro para fechar as contas, o aumento tarif\u00e1rio encontrou respaldo em entidades de classe. A Associa\u00e7\u00e3o Brasileira da Ind\u00fastria de M\u00e1quinas e Equipamentos (Abimaq) e a Confedera\u00e7\u00e3o Nacional da Ind\u00fastria (CNI) apontam que o forte crescimento das importa\u00e7\u00f5es em 2025 prejudicou o desempenho da ind\u00fastria de m\u00e1quinas, inform\u00e1tica e telecomunica\u00e7\u00f5es.<\/p>\n<p class=\"postParagraph_post-paragraph__juWZN postParagraph_post-paragraph-innerHtml__Q5vwc\">Dados do Instituto de Pesquisa Econ\u00f4mica Aplicada (Ipea), bra\u00e7o do Minist\u00e9rio do Planejamento, apontam que entre janeiro e novembro os investimentos em m\u00e1quinas e equipamentos nacionais ca\u00edram 3%, enquanto em estrangeiros houve um aumento de 23,2%, comparativamente ao mesmo per\u00edodo de 2024.<\/p>\n<h2 class=\"postParagraph_post-paragraph__juWZN postParagraph_post-paragraph-innerHtml__Q5vwc postParagraph_type-tag-h2__TtFkT\">O argumento da ind\u00fastria dom\u00e9stica<\/h2>\n<p class=\"postParagraph_post-paragraph__juWZN postParagraph_post-paragraph-innerHtml__Q5vwc\">Segundo o presidente-executivo da Abimaq, Jos\u00e9 Velloso, o avan\u00e7o acelerado das importa\u00e7\u00f5es de bens de investimento vem comprimindo a produ\u00e7\u00e3o dom\u00e9stica, ampliando o d\u00e9ficit comercial nos segmentos e aumentando a vulnerabilidade externa da economia brasileira.<\/p>\n<p class=\"postParagraph_post-paragraph__juWZN postParagraph_post-paragraph-innerHtml__Q5vwc\">&#8220;O realinhamento tarif\u00e1rio corrige parte das distor\u00e7\u00f5es hist\u00f3ricas provocadas pelo Custo Brasil e, junto com outras medidas de promo\u00e7\u00e3o de ganhos de competitividade, como reforma tribut\u00e1ria, cria condi\u00e7\u00f5es para recompor a capacidade produtiva e os encadeamentos industriais&#8221;, diz ele.<\/p>\n<p class=\"postParagraph_post-paragraph__juWZN postParagraph_post-paragraph-innerHtml__Q5vwc\">A CNI aponta que um combinado de juros punitivos, baixa demanda e importa\u00e7\u00f5es elevadas seguraram o crescimento da ind\u00fastria em geral. &#8220;O patamar punitivo da taxa Selic encareceu o cr\u00e9dito ao setor produtivo, que segurou investimentos e reduziu o apetite dos consumidores por produtos industriais&#8221;, pontua M\u00e1rio S\u00e9rgio Telles, diretor de Economia da CNI.<\/p>\n<\/div>\n<p><br \/>\n<br \/>Fonte: <a href=\"https:\/\/www.gazetadopovo.com.br\/economia\/aumento-imposto-importacao-governo-lula-selic-investimentos\/\">Gazeta do Povo<\/a><\/p>\n","protected":false},"excerpt":{"rendered":"<p>O governo Lula elevou o Imposto de Importa\u00e7\u00e3o (II) sobre bens de capital e de inform\u00e1tica, adicionando mais um obst\u00e1culo aos investimentos privados em meio \u00e0 Selic de 15% ao ano. A medida, anunciada em 5 de fevereiro e prevista no Or\u00e7amento Federal como fonte de receita, vale para produtos com similar nacional e deve [&hellip;]<\/p>\n","protected":false},"author":5,"featured_media":57908,"comment_status":"open","ping_status":"open","sticky":false,"template":"","format":"standard","meta":{"_seopress_robots_primary_cat":"","_seopress_titles_title":"","_seopress_titles_desc":"","_seopress_robots_index":"","footnotes":""},"categories":[45],"tags":[],"class_list":["post-63519","post","type-post","status-publish","format-standard","has-post-thumbnail","hentry","category-economia"],"_links":{"self":[{"href":"https:\/\/mussicom.com\/noticias\/wp-json\/wp\/v2\/posts\/63519","targetHints":{"allow":["GET"]}}],"collection":[{"href":"https:\/\/mussicom.com\/noticias\/wp-json\/wp\/v2\/posts"}],"about":[{"href":"https:\/\/mussicom.com\/noticias\/wp-json\/wp\/v2\/types\/post"}],"author":[{"embeddable":true,"href":"https:\/\/mussicom.com\/noticias\/wp-json\/wp\/v2\/users\/5"}],"replies":[{"embeddable":true,"href":"https:\/\/mussicom.com\/noticias\/wp-json\/wp\/v2\/comments?post=63519"}],"version-history":[{"count":0,"href":"https:\/\/mussicom.com\/noticias\/wp-json\/wp\/v2\/posts\/63519\/revisions"}],"wp:featuredmedia":[{"embeddable":true,"href":"https:\/\/mussicom.com\/noticias\/wp-json\/wp\/v2\/media\/57908"}],"wp:attachment":[{"href":"https:\/\/mussicom.com\/noticias\/wp-json\/wp\/v2\/media?parent=63519"}],"wp:term":[{"taxonomy":"category","embeddable":true,"href":"https:\/\/mussicom.com\/noticias\/wp-json\/wp\/v2\/categories?post=63519"},{"taxonomy":"post_tag","embeddable":true,"href":"https:\/\/mussicom.com\/noticias\/wp-json\/wp\/v2\/tags?post=63519"}],"curies":[{"name":"wp","href":"https:\/\/api.w.org\/{rel}","templated":true}]}}