{"id":63486,"date":"2026-02-18T07:58:22","date_gmt":"2026-02-18T10:58:22","guid":{"rendered":"https:\/\/mussicom.com\/sao-vicente-adquire-equipamentos-em-braille-para-alunos-com-deficiencia-visual\/"},"modified":"2026-02-18T07:58:22","modified_gmt":"2026-02-18T10:58:22","slug":"sao-vicente-adquire-equipamentos-em-braille-para-alunos-com-deficiencia-visual","status":"publish","type":"post","link":"https:\/\/mussicom.com\/noticias\/sao-vicente-adquire-equipamentos-em-braille-para-alunos-com-deficiencia-visual\/","title":{"rendered":"S\u00e3o Vicente adquire equipamentos em Braille para alunos com defici\u00eancia visual"},"content":{"rendered":"<p> <br \/>\n<\/p>\n<div id=\"texto\">\n<p>A Prefeitura de S\u00e3o Vicente refor\u00e7ou as a\u00e7\u00f5es de inclus\u00e3o na rede municipal de ensino com a aquisi\u00e7\u00e3o de m\u00e1quinas Braille, impressora Braille, lupa monocular, materiais escolares espec\u00edficos e jogos pedag\u00f3gicos adaptados. O investimento beneficia diretamente alunos com defici\u00eancia visual e\/ou baixa vis\u00e3o atendidos pelo munic\u00edpio.<\/p>\n<p>A amplia\u00e7\u00e3o dos recursos pedag\u00f3gicos atende \u00e0 demanda crescente e fortalece o suporte oferecido aos estudantes. Embora a rede j\u00e1 contasse com algumas m\u00e1quinas Braille utilizadas no ano anterior, os novos equipamentos permitir\u00e3o a produ\u00e7\u00e3o de materiais did\u00e1ticos acess\u00edveis, al\u00e9m da aplica\u00e7\u00e3o de avalia\u00e7\u00f5es institucionais com mais autonomia e qualidade.<\/p>\n<p>Entre os itens adquiridos est\u00e3o tamb\u00e9m jogos pedag\u00f3gicos adaptados, como mem\u00f3ria, quebra-cabe\u00e7a, domin\u00f3, bingo, jogo da velha e materiais voltados \u00e0 inclus\u00e3o social, que contribuem para o desenvolvimento sensorial, motor e cognitivo das crian\u00e7as.<\/p>\n<p>O investimento tamb\u00e9m contempla itens escolares espec\u00edficos, como papel A4 para escrita em Braille, cadernos com pauta ampliada, conjuntos de esquadros, transferidores e compassos adaptados, garantindo melhores condi\u00e7\u00f5es de aprendizagem.<\/p>\n<p>A iniciativa integra o pacote de entregas em comemora\u00e7\u00e3o ao anivers\u00e1rio da Cidade e faz parte das pol\u00edticas p\u00fablicas voltadas \u00e0 acessibilidade e \u00e0 inclus\u00e3o na rede municipal. Atualmente, S\u00e3o Vicente atende 25 alunos com defici\u00eancia visual e\/ou baixa vis\u00e3o, acompanhados por professoras do Atendimento Educacional Especializado (AEE).<\/p>\n<p>Para a secret\u00e1ria municipal de Educa\u00e7\u00e3o, Michelle Paraguai, a aquisi\u00e7\u00e3o representa mais um avan\u00e7o no fortalecimento da educa\u00e7\u00e3o inclusiva no munic\u00edpio:<br \/>&#13;<br \/>\n&#8220;Com esses recursos, ampliamos as oportunidades, oferecemos melhores condi\u00e7\u00f5es de trabalho aos professores e asseguramos que todos os alunos tenham acesso pleno \u00e0s atividades escolares. Estamos investindo em inclus\u00e3o de forma concreta, promovendo mais equidade e qualidade na nossa rede de ensino&#8221;.<\/p>\n<p>Transforma\u00e7\u00e3o<br \/>&#13;<br \/>\nO fortalecimento da educa\u00e7\u00e3o inclusiva integra um processo de transforma\u00e7\u00e3o pelo qual S\u00e3o Vicente atravessa na educa\u00e7\u00e3o. O investimento na reestrutura\u00e7\u00e3o das unidades de ensino e dos equipamentos de aprendizagem reflete em indicadores como, por exemplo, o salto da pen\u00faltima para a 5\u00aa posi\u00e7\u00e3o no ranking de alfabetiza\u00e7\u00e3o da Baixada Santista.<\/p>\n<p>A atual gest\u00e3o \u00e9 respons\u00e1vel pela oferta da escola integral como pol\u00edtica p\u00fablica, a transforma\u00e7\u00e3o de escolas \u2014 antes sob m\u00e1s condi\u00e7\u00f5es estruturais \u2014 em espa\u00e7os climatizados, com quadra coberta e acessibilidade, al\u00e9m das aquisi\u00e7\u00f5es in\u00e9ditas de uniformes de ver\u00e3o e inverno e material escolar.<\/p>\n<p>&#8220;Quando a gente fala de educa\u00e7\u00e3o, a gente fala de oportunidade, de transforma\u00e7\u00e3o social. De nada adianta investir em sa\u00fade, turismo, seguran\u00e7a, se n\u00e3o temos um horizonte. \u00c9 na escola que o imposs\u00edvel se torna real, que o inalcan\u00e7\u00e1vel se torna alcan\u00e7\u00e1vel. A escola \u00e9 lugar da crian\u00e7a brincar, socializar, aprender e sonhar. Com os novos materiais inclusivos, nossa rede amplia essa oferta de sonho. Porque toda crian\u00e7a pode e deve sonhar&#8221;, ressaltou o prefeito Kayo Amado.<\/p>\n<\/p><\/div>\n<p><script async defer crossorigin=\"anonymous\" src=\"https:\/\/connect.facebook.net\/pt_BR\/sdk.js#xfbml=1&#038;version=v12.0&#038;appId=&#038;autoLogAppEvents=1\" nonce=\"ou0fI1lo\"><\/script><br \/>\n<br \/><br \/>\n<br \/>Fonte: <a href=\"https:\/\/www.bs9.com.br\/estado\/sao-vicente-adquire-equipamentos-em-braille-para-alunos-com\/37747\/\">BS9<\/a><\/p>\n","protected":false},"excerpt":{"rendered":"<p>A Prefeitura de S\u00e3o Vicente refor\u00e7ou as a\u00e7\u00f5es de inclus\u00e3o na rede municipal de ensino com a aquisi\u00e7\u00e3o de m\u00e1quinas Braille, impressora Braille, lupa monocular, materiais escolares espec\u00edficos e jogos pedag\u00f3gicos adaptados. O investimento beneficia diretamente alunos com defici\u00eancia visual e\/ou baixa vis\u00e3o atendidos pelo munic\u00edpio. A amplia\u00e7\u00e3o dos recursos pedag\u00f3gicos atende \u00e0 demanda crescente [&hellip;]<\/p>\n","protected":false},"author":5,"featured_media":63487,"comment_status":"open","ping_status":"open","sticky":false,"template":"","format":"standard","meta":{"_seopress_robots_primary_cat":"","_seopress_titles_title":"","_seopress_titles_desc":"","_seopress_robots_index":"","footnotes":""},"categories":[52],"tags":[],"class_list":["post-63486","post","type-post","status-publish","format-standard","has-post-thumbnail","hentry","category-santoseregiao"],"_links":{"self":[{"href":"https:\/\/mussicom.com\/noticias\/wp-json\/wp\/v2\/posts\/63486","targetHints":{"allow":["GET"]}}],"collection":[{"href":"https:\/\/mussicom.com\/noticias\/wp-json\/wp\/v2\/posts"}],"about":[{"href":"https:\/\/mussicom.com\/noticias\/wp-json\/wp\/v2\/types\/post"}],"author":[{"embeddable":true,"href":"https:\/\/mussicom.com\/noticias\/wp-json\/wp\/v2\/users\/5"}],"replies":[{"embeddable":true,"href":"https:\/\/mussicom.com\/noticias\/wp-json\/wp\/v2\/comments?post=63486"}],"version-history":[{"count":0,"href":"https:\/\/mussicom.com\/noticias\/wp-json\/wp\/v2\/posts\/63486\/revisions"}],"wp:featuredmedia":[{"embeddable":true,"href":"https:\/\/mussicom.com\/noticias\/wp-json\/wp\/v2\/media\/63487"}],"wp:attachment":[{"href":"https:\/\/mussicom.com\/noticias\/wp-json\/wp\/v2\/media?parent=63486"}],"wp:term":[{"taxonomy":"category","embeddable":true,"href":"https:\/\/mussicom.com\/noticias\/wp-json\/wp\/v2\/categories?post=63486"},{"taxonomy":"post_tag","embeddable":true,"href":"https:\/\/mussicom.com\/noticias\/wp-json\/wp\/v2\/tags?post=63486"}],"curies":[{"name":"wp","href":"https:\/\/api.w.org\/{rel}","templated":true}]}}