{"id":63419,"date":"2026-02-17T18:39:25","date_gmt":"2026-02-17T21:39:25","guid":{"rendered":"https:\/\/mussicom.com\/congresso-do-peru-destitui-presidente-interino-jose-jeri\/"},"modified":"2026-02-17T18:39:25","modified_gmt":"2026-02-17T21:39:25","slug":"congresso-do-peru-destitui-presidente-interino-jose-jeri","status":"publish","type":"post","link":"https:\/\/mussicom.com\/noticias\/congresso-do-peru-destitui-presidente-interino-jose-jeri\/","title":{"rendered":"Congresso do Peru destitui presidente interino Jos\u00e9 Jer\u00ed"},"content":{"rendered":"<p> <br \/>\n<\/p>\n<div id=\"tp-post-content\">\n<p class=\"postParagraph_post-paragraph__juWZN postParagraph_post-paragraph-innerHtml__Q5vwc\">O Congresso do Peru destituiu nesta ter\u00e7a-feira o presidente interino do pa\u00eds, o conservador Jos\u00e9 Jer\u00ed, ap\u00f3s apenas quatro meses de mandato e a menos de dois meses das elei\u00e7\u00f5es gerais. Segundo a CNN, o agora ex-presidente foi acusado de tr\u00e1fico de influ\u00eancia por ter realizado encontros fora da agenda oficial com um empres\u00e1rio chin\u00eas. A decis\u00e3o \u00e9 a oitava mudan\u00e7a presidencial que o pa\u00eds atravessa em quase uma d\u00e9cada de instabilidade pol\u00edtica, iniciada ap\u00f3s as elei\u00e7\u00f5es de 2016.<\/p>\n<p class=\"postParagraph_post-paragraph__juWZN postParagraph_post-paragraph-innerHtml__Q5vwc\">De acordo com a CNN, Jer\u00ed foi alvo de uma mo\u00e7\u00e3o de censura, que exige o voto de 66 dos 130 parlamentares, ou apenas a maioria simples dos parlamentares presentes, caso a sess\u00e3o tenha qu\u00f3rum menor. A mo\u00e7\u00e3o desta ter\u00e7a-feira recebeu 75 votos favor\u00e1veis, 24 contr\u00e1rios e tr\u00eas absten\u00e7\u00f5es; a defesa do agora ex-presidente afirmou que ele deveria ter sofrido um processo de impeachment (que exigiria uma supermaioria de 87 votos), mas que ele respeitaria a decis\u00e3o do Congresso. Cabe agora ao Legislativo peruano escolher o pr\u00f3ximo presidente interino, que completar\u00e1 o mandato atual at\u00e9 a posse do vencedor do pleito marcado para 12 de abril.<\/p>\n<h2 class=\"postParagraph_post-paragraph__juWZN postParagraph_post-paragraph-innerHtml__Q5vwc postParagraph_type-tag-h2__TtFkT\">\u00daltimos dois presidentes peruanos eleitos n\u00e3o completaram mandato<\/h2>\n<p class=\"postParagraph_post-paragraph__juWZN postParagraph_post-paragraph-innerHtml__Q5vwc\">Jer\u00ed assumiu interinamente a presid\u00eancia no lugar de Dina Boluarte, deposta pelo Congresso em outubro de 2025 por \u201cincapacidade moral\u201d de lidar com a crise de seguran\u00e7a p\u00fablica no pa\u00eds. Dina era a vice de Pedro Castillo, o esquerdista eleito em 2021 e que tentou um autogolpe frustrado em 2022, sendo destitu\u00eddo e preso. A instabilidade, no entanto, vem do mandato anterior. Eleito em 2016, Pedro Paulo Kuczynski renunciou em 2018, envolvido em um esc\u00e2ndalo com a empreiteira brasileira Odebrecht; seu vice, Mart\u00edn Vizcarra, tamb\u00e9m foi acusado de corrup\u00e7\u00e3o e sofreu impeachment em 2020. Sem mais vices, coube ao presidente do Congresso, Manuel Merino, assumir a presid\u00eancia, mas ele durou apenas cinco dias e foi substitu\u00eddo por Francisco Sagasti, que concluiu o mandato e passou o poder a Castillo.<\/p>\n<p class=\"postParagraph_post-paragraph__juWZN postParagraph_post-paragraph-innerHtml__Q5vwc\">O \u00faltimo presidente peruano eleito a completar seu mandato, Ollanta Humala (2011-2016), est\u00e1 preso por corrup\u00e7\u00e3o, bem como seu antecessor Alejandro Toledo (2006-2011). A mulher de Humala, Nadine Heredia, tamb\u00e9m foi condenada na \u201cvers\u00e3o peruana\u201d da Opera\u00e7\u00e3o Lava Jato, mas pediu e conseguiu asilo ao Brasil, refugiando-se na embaixada brasileira em Lima para n\u00e3o ser levada \u00e0 cadeia \u2013 o governo Lula enviou um avi\u00e3o da For\u00e7a A\u00e9rea Brasileira para retir\u00e1-la do Peru.<\/p>\n<\/div>\n<p><br \/>\n<br \/>Fonte: <a href=\"https:\/\/www.gazetadopovo.com.br\/mundo\/presidente-peru-jose-jeri-destituido\/\">Revista Oeste<\/a><\/p>\n","protected":false},"excerpt":{"rendered":"<p>O Congresso do Peru destituiu nesta ter\u00e7a-feira o presidente interino do pa\u00eds, o conservador Jos\u00e9 Jer\u00ed, ap\u00f3s apenas quatro meses de mandato e a menos de dois meses das elei\u00e7\u00f5es gerais. Segundo a CNN, o agora ex-presidente foi acusado de tr\u00e1fico de influ\u00eancia por ter realizado encontros fora da agenda oficial com um empres\u00e1rio chin\u00eas. [&hellip;]<\/p>\n","protected":false},"author":5,"featured_media":63420,"comment_status":"open","ping_status":"open","sticky":false,"template":"","format":"standard","meta":{"_seopress_robots_primary_cat":"","_seopress_titles_title":"","_seopress_titles_desc":"","_seopress_robots_index":"","footnotes":""},"categories":[48],"tags":[],"class_list":["post-63419","post","type-post","status-publish","format-standard","has-post-thumbnail","hentry","category-internacional"],"_links":{"self":[{"href":"https:\/\/mussicom.com\/noticias\/wp-json\/wp\/v2\/posts\/63419","targetHints":{"allow":["GET"]}}],"collection":[{"href":"https:\/\/mussicom.com\/noticias\/wp-json\/wp\/v2\/posts"}],"about":[{"href":"https:\/\/mussicom.com\/noticias\/wp-json\/wp\/v2\/types\/post"}],"author":[{"embeddable":true,"href":"https:\/\/mussicom.com\/noticias\/wp-json\/wp\/v2\/users\/5"}],"replies":[{"embeddable":true,"href":"https:\/\/mussicom.com\/noticias\/wp-json\/wp\/v2\/comments?post=63419"}],"version-history":[{"count":0,"href":"https:\/\/mussicom.com\/noticias\/wp-json\/wp\/v2\/posts\/63419\/revisions"}],"wp:featuredmedia":[{"embeddable":true,"href":"https:\/\/mussicom.com\/noticias\/wp-json\/wp\/v2\/media\/63420"}],"wp:attachment":[{"href":"https:\/\/mussicom.com\/noticias\/wp-json\/wp\/v2\/media?parent=63419"}],"wp:term":[{"taxonomy":"category","embeddable":true,"href":"https:\/\/mussicom.com\/noticias\/wp-json\/wp\/v2\/categories?post=63419"},{"taxonomy":"post_tag","embeddable":true,"href":"https:\/\/mussicom.com\/noticias\/wp-json\/wp\/v2\/tags?post=63419"}],"curies":[{"name":"wp","href":"https:\/\/api.w.org\/{rel}","templated":true}]}}