{"id":63415,"date":"2026-02-17T17:44:20","date_gmt":"2026-02-17T20:44:20","guid":{"rendered":"https:\/\/mussicom.com\/vestibular-univesp-esta-com-inscricoes-abertas-em-sao-vicente\/"},"modified":"2026-02-17T17:44:20","modified_gmt":"2026-02-17T20:44:20","slug":"vestibular-univesp-esta-com-inscricoes-abertas-em-sao-vicente","status":"publish","type":"post","link":"https:\/\/mussicom.com\/noticias\/vestibular-univesp-esta-com-inscricoes-abertas-em-sao-vicente\/","title":{"rendered":"Vestibular Univesp est\u00e1 com inscri\u00e7\u00f5es abertas em S\u00e3o Vicente"},"content":{"rendered":"<p> <br \/>\n<\/p>\n<div id=\"texto\">\n<p>O vestibular 2026 da Univesp (Universidade Virtual do Estado de S\u00e3o Paulo) est\u00e1 com vagas abertas em S\u00e3o Vicente. O prazo para garantir a participa\u00e7\u00e3o no processo seletivo vai at\u00e9 o dia 11 de mar\u00e7o.<br \/>&#13;<br \/>\n\u00a0<\/p>\n<p>A taxa de inscri\u00e7\u00e3o \u00e9 de R$ 47,50, mas candidatos inscritos no Cadastro \u00danico do Governo Federal (Cad\u00danico) podem solicitar isen\u00e7\u00e3o at\u00e9 o dia 6 de fevereiro.<br \/>&#13;<br \/>\n\u00a0<\/p>\n<p>O processo seletivo ser\u00e1 realizado no dia 26 de abril, com provas objetivas e uma reda\u00e7\u00e3o, a partir das 13h, com abertura dos port\u00f5es \u00e0s 12h. Os locais de prova ser\u00e3o divulgados no dia 15 de abril. O in\u00edcio das aulas est\u00e1 previsto para 22 de junho.<br \/>&#13;<br \/>\n\u00a0<\/p>\n<p>Os cursos s\u00e3o semipresenciais. \u00c9 necess\u00e1rio que o candidato tenha conclu\u00eddo o ensino m\u00e9dio at\u00e9 a data da matr\u00edcula.<br \/>&#13;<br \/>\n\u00a0<\/p>\n<p>Uma das principais novidades desta edi\u00e7\u00e3o \u00e9 a inclus\u00e3o do curso de Bacharelado em Intelig\u00eancia Artificial no portf\u00f3lio da Univesp, ampliando as op\u00e7\u00f5es nas \u00e1reas de Computa\u00e7\u00e3o e Neg\u00f3cios e Produ\u00e7\u00e3o. Al\u00e9m disso, a universidade oferece outras gradua\u00e7\u00f5es nas \u00e1reas de Licenciatura, Computa\u00e7\u00e3o e Neg\u00f3cios, com vagas nos polos Insular e Continental, ambos em S\u00e3o Vicente.<br \/>&#13;<br \/>\n\u00a0<\/p>\n<p>As inscri\u00e7\u00f5es podem ser realizadas pelo site\u00a0vertibular.univesp.br\u00a0ou presencialmente nos polos, at\u00e9 11 de mar\u00e7o:<br \/>&#13;<br \/>\n* Polo Insular: Rua Jos\u00e9 Bonif\u00e1cio, 404, 8\u00ba andar \u2013 Centro<br \/>&#13;<br \/>\n* Polo Continental: Avenida Dep. Ulisses Guimar\u00e3es, 1330 \u2013 Jardim Rio Branco<\/p>\n<p>\u00a0<\/p>\n<p><strong>Cursos Oferecidos:<\/strong><br \/>&#13;<br \/>\n* Licenciatura: Letras, Matem\u00e1tica, Pedagogia (20 vagas por polo)<br \/>&#13;<br \/>\n* Computa\u00e7\u00e3o: Ci\u00eancia de Dados, Engenharia de Computa\u00e7\u00e3o, Tecnologia da Informa\u00e7\u00e3o (TI), Intelig\u00eancia Artificial (17 vagas por polo)<br \/>&#13;<br \/>\n* Neg\u00f3cios e Produ\u00e7\u00e3o: Administra\u00e7\u00e3o, Engenharia de Produ\u00e7\u00e3o, Tecnologia em Processos Gerenciais. (17 vagas por polo)<br \/>&#13;<br \/>\n\u00a0<\/p>\n<p>Para mais informa\u00e7\u00f5es sobre o vestibular e os cursos oferecidos, os interessados podem acessar o site oficial ou entrar em contato com a Coordenadoria de Cursos da Secretaria de Emprego, Trabalho e Renda (Setre), pelo WhatsApp: (13) 99786-0317.<\/p>\n<\/p><\/div>\n<p><script async defer crossorigin=\"anonymous\" src=\"https:\/\/connect.facebook.net\/pt_BR\/sdk.js#xfbml=1&#038;version=v12.0&#038;appId=&#038;autoLogAppEvents=1\" nonce=\"ou0fI1lo\"><\/script><br \/>\n<br \/><br \/>\n<br \/>Fonte: <a href=\"https:\/\/www.bs9.com.br\/litoral\/vestibular-univesp-esta-com-inscricoes-abertas-em-sao-vicente\/37751\/\">BS9<\/a><\/p>\n","protected":false},"excerpt":{"rendered":"<p>O vestibular 2026 da Univesp (Universidade Virtual do Estado de S\u00e3o Paulo) est\u00e1 com vagas abertas em S\u00e3o Vicente. O prazo para garantir a participa\u00e7\u00e3o no processo seletivo vai at\u00e9 o dia 11 de mar\u00e7o.&#13; \u00a0 A taxa de inscri\u00e7\u00e3o \u00e9 de R$ 47,50, mas candidatos inscritos no Cadastro \u00danico do Governo Federal (Cad\u00danico) podem [&hellip;]<\/p>\n","protected":false},"author":5,"featured_media":63416,"comment_status":"open","ping_status":"open","sticky":false,"template":"","format":"standard","meta":{"_seopress_robots_primary_cat":"","_seopress_titles_title":"","_seopress_titles_desc":"","_seopress_robots_index":"","footnotes":""},"categories":[52],"tags":[],"class_list":["post-63415","post","type-post","status-publish","format-standard","has-post-thumbnail","hentry","category-santoseregiao"],"_links":{"self":[{"href":"https:\/\/mussicom.com\/noticias\/wp-json\/wp\/v2\/posts\/63415","targetHints":{"allow":["GET"]}}],"collection":[{"href":"https:\/\/mussicom.com\/noticias\/wp-json\/wp\/v2\/posts"}],"about":[{"href":"https:\/\/mussicom.com\/noticias\/wp-json\/wp\/v2\/types\/post"}],"author":[{"embeddable":true,"href":"https:\/\/mussicom.com\/noticias\/wp-json\/wp\/v2\/users\/5"}],"replies":[{"embeddable":true,"href":"https:\/\/mussicom.com\/noticias\/wp-json\/wp\/v2\/comments?post=63415"}],"version-history":[{"count":0,"href":"https:\/\/mussicom.com\/noticias\/wp-json\/wp\/v2\/posts\/63415\/revisions"}],"wp:featuredmedia":[{"embeddable":true,"href":"https:\/\/mussicom.com\/noticias\/wp-json\/wp\/v2\/media\/63416"}],"wp:attachment":[{"href":"https:\/\/mussicom.com\/noticias\/wp-json\/wp\/v2\/media?parent=63415"}],"wp:term":[{"taxonomy":"category","embeddable":true,"href":"https:\/\/mussicom.com\/noticias\/wp-json\/wp\/v2\/categories?post=63415"},{"taxonomy":"post_tag","embeddable":true,"href":"https:\/\/mussicom.com\/noticias\/wp-json\/wp\/v2\/tags?post=63415"}],"curies":[{"name":"wp","href":"https:\/\/api.w.org\/{rel}","templated":true}]}}