{"id":63413,"date":"2026-02-17T17:38:37","date_gmt":"2026-02-17T20:38:37","guid":{"rendered":"https:\/\/mussicom.com\/venezuela-propoe-negociacao-de-boa-fe-com-a-guiana-sobre-essequibo\/"},"modified":"2026-02-17T17:38:37","modified_gmt":"2026-02-17T20:38:37","slug":"venezuela-propoe-negociacao-de-boa-fe-com-a-guiana-sobre-essequibo","status":"publish","type":"post","link":"https:\/\/mussicom.com\/noticias\/venezuela-propoe-negociacao-de-boa-fe-com-a-guiana-sobre-essequibo\/","title":{"rendered":"Venezuela prop\u00f5e \u201cnegocia\u00e7\u00e3o de boa f\u00e9\u201d com a Guiana sobre Essequibo"},"content":{"rendered":"<p> <br \/>\n<\/p>\n<div id=\"tp-post-content\">\n<p class=\"postParagraph_post-paragraph__juWZN postParagraph_post-paragraph-innerHtml__Q5vwc\">A Venezuela prop\u00f4s nesta ter\u00e7a-feira \u00e0 Guiana \u201cestabelecer definitivamente uma negocia\u00e7\u00e3o de boa f\u00e9\u201d para resolver a controv\u00e9rsia em torno do disputado territ\u00f3rio do Essequibo, ao lembrar que h\u00e1 60 anos foi assinado o Acordo de Genebra, visto por Caracas como a \u00fanica via para \u201calcan\u00e7ar uma solu\u00e7\u00e3o mutuamente aceit\u00e1vel\u201d. O governo venezuelano, agora sob o comando da ditadora interina Delcy Rodr\u00edguez, faz a proposta em meio ao que o pa\u00eds define como um \u201cnovo momento pol\u00edtico\u201d, ap\u00f3s Nicol\u00e1s Maduro ter sido capturado pelos Estados Unidos em janeiro.<\/p>\n<p class=\"postParagraph_post-paragraph__juWZN postParagraph_post-paragraph-innerHtml__Q5vwc\">Em um comunicado compartilhado nas redes sociais pela ditadora interina, o Executivo defendeu a negocia\u00e7\u00e3o como o \u201c\u00fanico caminho poss\u00edvel para a solu\u00e7\u00e3o da controv\u00e9rsia\u201d e para \u201cefetivar o ajuste pr\u00e1tico, aceit\u00e1vel e satisfat\u00f3rio para ambas as partes\u201d: \u201cA Venezuela celebra com regozijo e fervor patri\u00f3tico o 60.\u00ba anivers\u00e1rio da assinatura do Acordo de Genebra de 1966, \u00fanico instrumento jur\u00eddico v\u00e1lido para alcan\u00e7ar uma solu\u00e7\u00e3o mutuamente aceit\u00e1vel da controv\u00e9rsia territorial sobre a Guiana Essequiba\u201d, afirma o texto.<\/p>\n<div class=\"postViewMore_post-view-more-container___5wai\" data-mrf-recirculation=\"Post - Veja tamb\u00e9m\">\n<p class=\"gp-styles-module-size-small-afeYRa gp-styles-module-font-family2-afeYRa gp-styles-module-color-secondary-afeYRa gp-styles-module-weight-bold-afeYRa\">VEJA TAMB\u00c9M:<\/p>\n<ul class=\"postViewMore_post-view-more-list__CU_CE\">\n<li class=\"postViewMore_post-view-more-item__2MzRb\"><span class=\"postViewMore_post-view-more-link-icon___stPC\"><svg xmlns=\"http:\/\/www.w3.org\/2000\/svg\" width=\"16\" height=\"16\" viewbox=\"0 0 16 16\"><rect width=\"16\" height=\"16\" fill=\"none\"\/><g transform=\"translate(3 3)\"><path d=\"M22.5,15l3.4,3.4-3.4,3.4\" transform=\"translate(-15.896 -11.793)\" fill=\"none\" stroke=\"#717171\" stroke-linecap=\"round\" stroke-width=\"1.4\"\/><path d=\"M6,6v4.2a2.452,2.452,0,0,0,2.5,2.4H16\" transform=\"translate(-6 -6)\" fill=\"none\" stroke=\"#717171\" stroke-linecap=\"round\" stroke-width=\"1.4\"\/><\/g><\/svg><\/span><span class=\"postViewMore_post-view-more-link-text__hO_kM\">ONG diz que ainda existem mais de 600 presos pol\u00edticos na Venezuela ap\u00f3s liberta\u00e7\u00f5es<\/span><\/li>\n<li class=\"postViewMore_post-view-more-item__2MzRb\"><span class=\"postViewMore_post-view-more-link-icon___stPC\"><svg xmlns=\"http:\/\/www.w3.org\/2000\/svg\" width=\"16\" height=\"16\" viewbox=\"0 0 16 16\"><rect width=\"16\" height=\"16\" fill=\"none\"\/><g transform=\"translate(3 3)\"><path d=\"M22.5,15l3.4,3.4-3.4,3.4\" transform=\"translate(-15.896 -11.793)\" fill=\"none\" stroke=\"#717171\" stroke-linecap=\"round\" stroke-width=\"1.4\"\/><path d=\"M6,6v4.2a2.452,2.452,0,0,0,2.5,2.4H16\" transform=\"translate(-6 -6)\" fill=\"none\" stroke=\"#717171\" stroke-linecap=\"round\" stroke-width=\"1.4\"\/><\/g><\/svg><\/span><span class=\"postViewMore_post-view-more-link-text__hO_kM\">L\u00edder opositora acredita que Venezuela pode realizar elei\u00e7\u00f5es em menos de um ano<\/span><\/li>\n<\/ul>\n<\/div>\n<p class=\"postParagraph_post-paragraph__juWZN postParagraph_post-paragraph-innerHtml__Q5vwc\">O acordo, segundo Caracas, \u201csepultou a discuss\u00e3o sobre a validade ou invalidade do Laudo Arbitral de 1899 e estabeleceu a obriga\u00e7\u00e3o\u201d de ambas as na\u00e7\u00f5es sul-americanas de \u201cp\u00f4r fim \u00e0 controv\u00e9rsia\u201d mediante \u201cum ajuste pr\u00e1tico e mutuamente aceit\u00e1vel\u201d. A Venezuela assegurou que, durante estas seis d\u00e9cadas, demonstrou seu \u201cabsoluto compromisso com o cumprimento das obriga\u00e7\u00f5es\u201d estabelecidas no documento; por outro lado, denunciou que a Guiana, \u201cdesde pelo menos o ano de 2015\u201d, tem \u201cviolado e desconhecido o Acordo de Genebra, frustrando de m\u00e1 f\u00e9 os processos de bons of\u00edcios e buscando obter t\u00edtulos territoriais que nunca possuiu, por meio de uma inv\u00e1lida demanda unilateral perante a Corte Internacional de Justi\u00e7a, que carece de jurisdi\u00e7\u00e3o para dirimir essa controv\u00e9rsia\u201d \u2013 em 2018, a Guiana acionou a CIJ para que o tribunal confirmasse o laudo de 1899, que decidiu em favor do Reino Unido, ao qual a Guiana pertenceu at\u00e9 1966.<\/p>\n<p class=\"postParagraph_post-paragraph__juWZN postParagraph_post-paragraph-innerHtml__Q5vwc\">O governo de Delcy Rodr\u00edguez ressaltou que \u201cjamais renunciar\u00e1 aos seus direitos e t\u00edtulos hist\u00f3ricos sobre a Guiana Essequiba, que foi, \u00e9 e ser\u00e1 parte da integridade territorial da Venezuela\u201d.<\/p>\n<p class=\"postParagraph_post-paragraph__juWZN postParagraph_post-paragraph-innerHtml__Q5vwc\">As diverg\u00eancias pelos limites fronteiri\u00e7os em torno do Essequibo, uma vasta regi\u00e3o de cerca de 160 mil quil\u00f4metros quadrados, rica em jazidas de petr\u00f3leo e recursos naturais, come\u00e7aram com o Laudo Arbitral de Paris de 1899, que deu a soberania do territ\u00f3rio \u00e0 ent\u00e3o Guiana Brit\u00e2nica. D\u00e9cadas depois, a Venezuela declarou nulo este veredito e assinou com o Reino Unido o Acordo de Genebra, que reconhecia a pretens\u00e3o venezuelana, embora n\u00e3o oferecesse uma solu\u00e7\u00e3o definitiva.<\/p>\n<\/div>\n<p><br \/>\n<br \/>Fonte: <a href=\"https:\/\/www.gazetadopovo.com.br\/mundo\/venezuela-negociacao-de-boa-fe-guiana-essequibo\/\">Revista Oeste<\/a><\/p>\n","protected":false},"excerpt":{"rendered":"<p>A Venezuela prop\u00f4s nesta ter\u00e7a-feira \u00e0 Guiana \u201cestabelecer definitivamente uma negocia\u00e7\u00e3o de boa f\u00e9\u201d para resolver a controv\u00e9rsia em torno do disputado territ\u00f3rio do Essequibo, ao lembrar que h\u00e1 60 anos foi assinado o Acordo de Genebra, visto por Caracas como a \u00fanica via para \u201calcan\u00e7ar uma solu\u00e7\u00e3o mutuamente aceit\u00e1vel\u201d. O governo venezuelano, agora sob [&hellip;]<\/p>\n","protected":false},"author":5,"featured_media":63414,"comment_status":"open","ping_status":"open","sticky":false,"template":"","format":"standard","meta":{"_seopress_robots_primary_cat":"","_seopress_titles_title":"","_seopress_titles_desc":"","_seopress_robots_index":"","footnotes":""},"categories":[48],"tags":[],"class_list":["post-63413","post","type-post","status-publish","format-standard","has-post-thumbnail","hentry","category-internacional"],"_links":{"self":[{"href":"https:\/\/mussicom.com\/noticias\/wp-json\/wp\/v2\/posts\/63413","targetHints":{"allow":["GET"]}}],"collection":[{"href":"https:\/\/mussicom.com\/noticias\/wp-json\/wp\/v2\/posts"}],"about":[{"href":"https:\/\/mussicom.com\/noticias\/wp-json\/wp\/v2\/types\/post"}],"author":[{"embeddable":true,"href":"https:\/\/mussicom.com\/noticias\/wp-json\/wp\/v2\/users\/5"}],"replies":[{"embeddable":true,"href":"https:\/\/mussicom.com\/noticias\/wp-json\/wp\/v2\/comments?post=63413"}],"version-history":[{"count":0,"href":"https:\/\/mussicom.com\/noticias\/wp-json\/wp\/v2\/posts\/63413\/revisions"}],"wp:featuredmedia":[{"embeddable":true,"href":"https:\/\/mussicom.com\/noticias\/wp-json\/wp\/v2\/media\/63414"}],"wp:attachment":[{"href":"https:\/\/mussicom.com\/noticias\/wp-json\/wp\/v2\/media?parent=63413"}],"wp:term":[{"taxonomy":"category","embeddable":true,"href":"https:\/\/mussicom.com\/noticias\/wp-json\/wp\/v2\/categories?post=63413"},{"taxonomy":"post_tag","embeddable":true,"href":"https:\/\/mussicom.com\/noticias\/wp-json\/wp\/v2\/tags?post=63413"}],"curies":[{"name":"wp","href":"https:\/\/api.w.org\/{rel}","templated":true}]}}