{"id":63397,"date":"2026-02-17T15:42:15","date_gmt":"2026-02-17T18:42:15","guid":{"rendered":"https:\/\/mussicom.com\/outeiro-reabre-visitacao-de-escolas-da-baixada-santista\/"},"modified":"2026-02-17T15:42:15","modified_gmt":"2026-02-17T18:42:15","slug":"outeiro-reabre-visitacao-de-escolas-da-baixada-santista","status":"publish","type":"post","link":"https:\/\/mussicom.com\/noticias\/outeiro-reabre-visitacao-de-escolas-da-baixada-santista\/","title":{"rendered":"Outeiro reabre visita\u00e7\u00e3o de escolas da Baixada Santista"},"content":{"rendered":"<p> <br \/>\n<\/p>\n<div id=\"texto\">\n<p>A Funda\u00e7\u00e3o Arquivo e Mem\u00f3ria de Santos (Fams) abriu a temporada de visita\u00e7\u00e3o das escolas p\u00fablicas e particulares para o Outeiro de Santa Catarina, marco inicial do povoamento de Santos.<\/p>\n<p>\u00a0<\/p>\n<p>O programa educacional EducaFAMS oferece atendimento de segunda a sexta-feira, das 9h \u00e0s 17h, com uma programa\u00e7\u00e3o especial de visitas e atividades educativas.<\/p>\n<p>\u00a0<\/p>\n<p>As escolas interessadas poder\u00e3o escolher entre realizar estudo do meio no Outeiro de Santa Catarina, explorando a maquete da Vila de Santos, a Gruta de Santa Catarina e seu entorno, ou ter uma experi\u00eancia pelas ruas do Centro Hist\u00f3rico,\u00a0 com roteiros tem\u00e1ticos sobre Arqueologia, Literatura, Geografia e presen\u00e7a do negro na constru\u00e7\u00e3o da Cidade.<\/p>\n<p>\u00a0<\/p>\n<p>Outra possibilidade s\u00e3o as oficinas de Arqueologia, onde os estudantes vivenciam a experi\u00eancia de etapas do trabalho do arque\u00f3logo na busca de entender o passado e o presente.<\/p>\n<p>\u00a0<\/p>\n<p>Inscri\u00e7\u00f5es e mais informa\u00e7\u00f5es podem ser obtidas pelo e-mail [email\u00a0protected]<\/p>\n<\/p><\/div>\n<p><script async defer crossorigin=\"anonymous\" src=\"https:\/\/connect.facebook.net\/pt_BR\/sdk.js#xfbml=1&#038;version=v12.0&#038;appId=&#038;autoLogAppEvents=1\" nonce=\"ou0fI1lo\"><\/script><br \/>\n<br \/><br \/>\n<br \/>Fonte: <a href=\"https:\/\/www.bs9.com.br\/litoral\/outeiro-reabre-visitacao-de-escolas-da-baixada-santista\/37753\/\">BS9<\/a><\/p>\n","protected":false},"excerpt":{"rendered":"<p>A Funda\u00e7\u00e3o Arquivo e Mem\u00f3ria de Santos (Fams) abriu a temporada de visita\u00e7\u00e3o das escolas p\u00fablicas e particulares para o Outeiro de Santa Catarina, marco inicial do povoamento de Santos. \u00a0 O programa educacional EducaFAMS oferece atendimento de segunda a sexta-feira, das 9h \u00e0s 17h, com uma programa\u00e7\u00e3o especial de visitas e atividades educativas. \u00a0 [&hellip;]<\/p>\n","protected":false},"author":5,"featured_media":63398,"comment_status":"open","ping_status":"open","sticky":false,"template":"","format":"standard","meta":{"_seopress_robots_primary_cat":"","_seopress_titles_title":"","_seopress_titles_desc":"","_seopress_robots_index":"","footnotes":""},"categories":[52],"tags":[],"class_list":["post-63397","post","type-post","status-publish","format-standard","has-post-thumbnail","hentry","category-santoseregiao"],"_links":{"self":[{"href":"https:\/\/mussicom.com\/noticias\/wp-json\/wp\/v2\/posts\/63397","targetHints":{"allow":["GET"]}}],"collection":[{"href":"https:\/\/mussicom.com\/noticias\/wp-json\/wp\/v2\/posts"}],"about":[{"href":"https:\/\/mussicom.com\/noticias\/wp-json\/wp\/v2\/types\/post"}],"author":[{"embeddable":true,"href":"https:\/\/mussicom.com\/noticias\/wp-json\/wp\/v2\/users\/5"}],"replies":[{"embeddable":true,"href":"https:\/\/mussicom.com\/noticias\/wp-json\/wp\/v2\/comments?post=63397"}],"version-history":[{"count":0,"href":"https:\/\/mussicom.com\/noticias\/wp-json\/wp\/v2\/posts\/63397\/revisions"}],"wp:featuredmedia":[{"embeddable":true,"href":"https:\/\/mussicom.com\/noticias\/wp-json\/wp\/v2\/media\/63398"}],"wp:attachment":[{"href":"https:\/\/mussicom.com\/noticias\/wp-json\/wp\/v2\/media?parent=63397"}],"wp:term":[{"taxonomy":"category","embeddable":true,"href":"https:\/\/mussicom.com\/noticias\/wp-json\/wp\/v2\/categories?post=63397"},{"taxonomy":"post_tag","embeddable":true,"href":"https:\/\/mussicom.com\/noticias\/wp-json\/wp\/v2\/tags?post=63397"}],"curies":[{"name":"wp","href":"https:\/\/api.w.org\/{rel}","templated":true}]}}