{"id":63393,"date":"2026-02-17T14:41:36","date_gmt":"2026-02-17T17:41:36","guid":{"rendered":"https:\/\/mussicom.com\/guaruja-cria-novas-vagas-de-estacionamento-no-bairro-santa-rosa\/"},"modified":"2026-02-17T14:41:36","modified_gmt":"2026-02-17T17:41:36","slug":"guaruja-cria-novas-vagas-de-estacionamento-no-bairro-santa-rosa","status":"publish","type":"post","link":"https:\/\/mussicom.com\/noticias\/guaruja-cria-novas-vagas-de-estacionamento-no-bairro-santa-rosa\/","title":{"rendered":"Guaruj\u00e1 cria novas vagas de estacionamento no bairro Santa Rosa"},"content":{"rendered":"<p> <br \/>\n<\/p>\n<div id=\"texto\">\n<p>A Prefeitura de Guaruj\u00e1, por interm\u00e9dio da Secretaria de Mobilidade Urbana (Semob), criou novas vagas de estacionamento na Avenida Manuel Albino esquina com a Rua Azuil Loureiro, no bairro Santa Rosa. Os trabalhos levaram uma semana para ser realizados.<\/p>\n<p>\u00a0<\/p>\n<p>O objetivo foi contemplar o com\u00e9rcio local e trazer maior comodidade aos frequentadores do bairro. No local, havia uma limita\u00e7\u00e3o no espa\u00e7o, que foi remodelado para comportar essas vagas de estacionamento, com a remo\u00e7\u00e3o dos prismas de concreto. Al\u00e9m disso, foi realizada uma nova sinaliza\u00e7\u00e3o horizontal para comportar o estacionamento de ve\u00edculos.<\/p>\n<p>\u00a0<\/p>\n<p>Segundo o secret\u00e1rio de Mobilidade Urbana, Rodrigo Sales, &#8220;essa \u00e9 uma a\u00e7\u00e3o pontual, mas que reflete na valoriza\u00e7\u00e3o do com\u00e9rcio e d\u00e1 uma nova utilidade ao local. A ideia foi desenvolvida a partir de uma indica\u00e7\u00e3o parlamentar, que converge com a proposta do prefeito e da Semob para aquela regi\u00e3o&#8221;, destaca.<\/p>\n<\/p><\/div>\n<p><script async defer crossorigin=\"anonymous\" src=\"https:\/\/connect.facebook.net\/pt_BR\/sdk.js#xfbml=1&#038;version=v12.0&#038;appId=&#038;autoLogAppEvents=1\" nonce=\"ou0fI1lo\"><\/script><br \/>\n<br \/><br \/>\n<br \/>Fonte: <a href=\"https:\/\/www.bs9.com.br\/litoral\/guaruja-cria-novas-vagas-de-estacionamento-no-bairro-santa-rosa\/37754\/\">BS9<\/a><\/p>\n","protected":false},"excerpt":{"rendered":"<p>A Prefeitura de Guaruj\u00e1, por interm\u00e9dio da Secretaria de Mobilidade Urbana (Semob), criou novas vagas de estacionamento na Avenida Manuel Albino esquina com a Rua Azuil Loureiro, no bairro Santa Rosa. Os trabalhos levaram uma semana para ser realizados. \u00a0 O objetivo foi contemplar o com\u00e9rcio local e trazer maior comodidade aos frequentadores do bairro. [&hellip;]<\/p>\n","protected":false},"author":5,"featured_media":63394,"comment_status":"open","ping_status":"open","sticky":false,"template":"","format":"standard","meta":{"_seopress_robots_primary_cat":"","_seopress_titles_title":"","_seopress_titles_desc":"","_seopress_robots_index":"","footnotes":""},"categories":[52],"tags":[],"class_list":["post-63393","post","type-post","status-publish","format-standard","has-post-thumbnail","hentry","category-santoseregiao"],"_links":{"self":[{"href":"https:\/\/mussicom.com\/noticias\/wp-json\/wp\/v2\/posts\/63393","targetHints":{"allow":["GET"]}}],"collection":[{"href":"https:\/\/mussicom.com\/noticias\/wp-json\/wp\/v2\/posts"}],"about":[{"href":"https:\/\/mussicom.com\/noticias\/wp-json\/wp\/v2\/types\/post"}],"author":[{"embeddable":true,"href":"https:\/\/mussicom.com\/noticias\/wp-json\/wp\/v2\/users\/5"}],"replies":[{"embeddable":true,"href":"https:\/\/mussicom.com\/noticias\/wp-json\/wp\/v2\/comments?post=63393"}],"version-history":[{"count":0,"href":"https:\/\/mussicom.com\/noticias\/wp-json\/wp\/v2\/posts\/63393\/revisions"}],"wp:featuredmedia":[{"embeddable":true,"href":"https:\/\/mussicom.com\/noticias\/wp-json\/wp\/v2\/media\/63394"}],"wp:attachment":[{"href":"https:\/\/mussicom.com\/noticias\/wp-json\/wp\/v2\/media?parent=63393"}],"wp:term":[{"taxonomy":"category","embeddable":true,"href":"https:\/\/mussicom.com\/noticias\/wp-json\/wp\/v2\/categories?post=63393"},{"taxonomy":"post_tag","embeddable":true,"href":"https:\/\/mussicom.com\/noticias\/wp-json\/wp\/v2\/tags?post=63393"}],"curies":[{"name":"wp","href":"https:\/\/api.w.org\/{rel}","templated":true}]}}