{"id":63390,"date":"2026-02-17T14:31:19","date_gmt":"2026-02-17T17:31:19","guid":{"rendered":"https:\/\/mussicom.com\/stf-justifica-operacao-para-apurar-vazamentos-de-dados\/"},"modified":"2026-02-17T14:31:19","modified_gmt":"2026-02-17T17:31:19","slug":"stf-justifica-operacao-para-apurar-vazamentos-de-dados","status":"publish","type":"post","link":"https:\/\/mussicom.com\/noticias\/stf-justifica-operacao-para-apurar-vazamentos-de-dados\/","title":{"rendered":"STF justifica opera\u00e7\u00e3o para apurar vazamentos de dados"},"content":{"rendered":"<p> <br \/>\n<\/p>\n<div id=\"tp-post-content\">\n<p class=\"postParagraph_post-paragraph__juWZN postParagraph_post-paragraph-innerHtml__Q5vwc\">O Supremo Tribunal Federal (STF) divulgou na tarde desta ter\u00e7a-feira (17) uma nota oficial sobre a opera\u00e7\u00e3o deflagrada pela Pol\u00edcia Federal que apura poss\u00edvel vazamento indevido de dados sigilosos de ministros da Corte, do procurador-geral da Rep\u00fablica e de seus familiares. O pedido de rastreamento feito por Moraes ocorreu h\u00e1 cerca de tr\u00eas semanas no \u00e2mbito do inqu\u00e9rito das Fake News, aberto em 2019 para investigar ataques contra ministros do STF.<\/p>\n<p class=\"postParagraph_post-paragraph__juWZN postParagraph_post-paragraph-innerHtml__Q5vwc\">Os magistrados t\u00eam manifestado inc\u00f4modo com as apura\u00e7\u00f5es da Pol\u00edcia Federal dentro das investiga\u00e7\u00f5es do Caso Master, ap\u00f3s a quebra e liquida\u00e7\u00e3o do Banco Master, institui\u00e7\u00e3o ligada ao empres\u00e1rio Daniel Vorcaro e suspeita de envolvimento em fraudes  sob investiga\u00e7\u00e3o da PF em Bras\u00edlia, S\u00e3o Paulo e outros estados. O avan\u00e7o das dilig\u00eancias e o alcance das medidas adotadas passaram intensificaram a crise entre os \u00f3rg\u00e3os.<\/p>\n<p class=\"postParagraph_post-paragraph__juWZN postParagraph_post-paragraph-innerHtml__Q5vwc\">Segundo o comunicado, no \u00e2mbito da PET 15.256, autuada por preven\u00e7\u00e3o ao Inqu\u00e9rito 4.781\/DF, foram constatados \u201cdiversos e m\u00faltiplos acessos il\u00edcitos ao sistema da Secretaria da Receita Federal do Brasil\u201d, seguidos de \u201cposterior vazamento das informa\u00e7\u00f5es sigilosas\u201d.<\/p>\n<p class=\"postParagraph_post-paragraph__juWZN postParagraph_post-paragraph-innerHtml__Q5vwc\">De acordo com o STF, as investiga\u00e7\u00f5es iniciais tiveram como base relat\u00f3rio encaminhado pela pr\u00f3pria Receita Federal, no qual foi identificado um \u201cbloco de acessos cuja an\u00e1lise, pelas \u00e1reas respons\u00e1veis, n\u00e3o identificou justificativa funcional\u201d. A Corte afirma que os registros apontam para consultas reiteradas a dados fiscais sem amparo legal ou necessidade administrativa comprovada, envolvendo informa\u00e7\u00f5es protegidas por sigilo.<\/p>\n<p class=\"postParagraph_post-paragraph__juWZN postParagraph_post-paragraph-innerHtml__Q5vwc\">A nota tamb\u00e9m destaca manifesta\u00e7\u00e3o da Procuradoria-Geral da Rep\u00fablica (PGR), segundo a qual os acessos \u201capresentam ader\u00eancia t\u00edpica inicial ao delito previsto no art. 325 do C\u00f3digo Penal (viola\u00e7\u00e3o de sigilo funcional)\u201d. O \u00f3rg\u00e3o, no entanto, sustenta que a gravidade do caso vai al\u00e9m da infra\u00e7\u00e3o individual.<\/p>\n<p class=\"postParagraph_post-paragraph__juWZN postParagraph_post-paragraph-innerHtml__Q5vwc\">Para a PGR, \u201co caso n\u00e3o se exaure apenas na viola\u00e7\u00e3o individual do sigilo fiscal, uma vez que a explora\u00e7\u00e3o fragmentada e seletiva de informa\u00e7\u00f5es sigilosas de autoridades p\u00fablicas, divulgadas sem contexto e sem controle jurisdicional, tem sido instrumentalizada para produzir suspeitas artificiais, de dif\u00edcil dissipa\u00e7\u00e3o\u201d.<\/p>\n<p class=\"postParagraph_post-paragraph__juWZN postParagraph_post-paragraph-innerHtml__Q5vwc\">A pedido da PGR, o Supremo determinou uma s\u00e9rie de medidas cautelares contra quatro servidores da Receita Federal \u2014 ou cedidos por outros \u00f3rg\u00e3os \u2014 investigados no caso. Entre as medidas autorizadas est\u00e3o busca e apreens\u00e3o domiciliar e pessoal, afastamento dos sigilos banc\u00e1rio, fiscal e telem\u00e1tico, al\u00e9m de recolhimento domiciliar no per\u00edodo noturno e nos fins de semana, com uso de tornozeleira eletr\u00f4nica.<\/p>\n<p class=\"postParagraph_post-paragraph__juWZN postParagraph_post-paragraph-innerHtml__Q5vwc\">Tamb\u00e9m foi determinado o afastamento imediato do exerc\u00edcio da fun\u00e7\u00e3o p\u00fablica, a proibi\u00e7\u00e3o de ingresso nas depend\u00eancias do Servi\u00e7o Federal de Processamento de Dados (Serpro) e da Receita Federal, bem como a veda\u00e7\u00e3o de acesso a sistemas e bases informatizadas dos \u00f3rg\u00e3os. Os investigados est\u00e3o proibidos de deixar a comarca e de sair do pa\u00eds, com cancelamento de passaportes e determina\u00e7\u00e3o de impedimento migrat\u00f3rio.<\/p>\n<p class=\"postParagraph_post-paragraph__juWZN postParagraph_post-paragraph-innerHtml__Q5vwc\">Segundo o STF, os alvos da opera\u00e7\u00e3o prestar\u00e3o depoimento \u00e0 Pol\u00edcia Federal, que dar\u00e1 continuidade \u00e0s investiga\u00e7\u00f5es para esclarecer a extens\u00e3o dos acessos considerados il\u00edcitos, identificar eventuais respons\u00e1veis pelo vazamento das informa\u00e7\u00f5es e apurar se houve articula\u00e7\u00e3o para uso pol\u00edtico ou institucional dos dados sigilosos. A Corte afirma que a apura\u00e7\u00e3o busca resguardar a integridade das institui\u00e7\u00f5es e a prote\u00e7\u00e3o de informa\u00e7\u00f5es fiscais submetidas a regime constitucional de sigilo.<\/p>\n<div class=\"postViewMore_post-view-more-container___5wai\" data-mrf-recirculation=\"Post - Veja tamb\u00e9m\">\n<p class=\"gp-styles-module-size-small-afeYRa gp-styles-module-font-family2-afeYRa gp-styles-module-color-secondary-afeYRa gp-styles-module-weight-bold-afeYRa\">VEJA TAMB\u00c9M:<\/p>\n<ul class=\"postViewMore_post-view-more-list__CU_CE\">\n<li class=\"postViewMore_post-view-more-item__2MzRb\"><span class=\"postViewMore_post-view-more-link-icon___stPC\"><svg xmlns=\"http:\/\/www.w3.org\/2000\/svg\" width=\"16\" height=\"16\" viewbox=\"0 0 16 16\"><rect width=\"16\" height=\"16\" fill=\"none\"\/><g transform=\"translate(3 3)\"><path d=\"M22.5,15l3.4,3.4-3.4,3.4\" transform=\"translate(-15.896 -11.793)\" fill=\"none\" stroke=\"#717171\" stroke-linecap=\"round\" stroke-width=\"1.4\"\/><path d=\"M6,6v4.2a2.452,2.452,0,0,0,2.5,2.4H16\" transform=\"translate(-6 -6)\" fill=\"none\" stroke=\"#717171\" stroke-linecap=\"round\" stroke-width=\"1.4\"\/><\/g><\/svg><\/span><span class=\"postViewMore_post-view-more-link-text__hO_kM\">Toffoli supera Moraes e vira maior foco de parlamentares da direita<\/span><\/li>\n<li class=\"postViewMore_post-view-more-item__2MzRb\"><span class=\"postViewMore_post-view-more-link-icon___stPC\"><svg xmlns=\"http:\/\/www.w3.org\/2000\/svg\" width=\"16\" height=\"16\" viewbox=\"0 0 16 16\"><rect width=\"16\" height=\"16\" fill=\"none\"\/><g transform=\"translate(3 3)\"><path d=\"M22.5,15l3.4,3.4-3.4,3.4\" transform=\"translate(-15.896 -11.793)\" fill=\"none\" stroke=\"#717171\" stroke-linecap=\"round\" stroke-width=\"1.4\"\/><path d=\"M6,6v4.2a2.452,2.452,0,0,0,2.5,2.4H16\" transform=\"translate(-6 -6)\" fill=\"none\" stroke=\"#717171\" stroke-linecap=\"round\" stroke-width=\"1.4\"\/><\/g><\/svg><\/span><span class=\"postViewMore_post-view-more-link-text__hO_kM\">Andr\u00e9 Mendon\u00e7a diz que lucro de sua empresa ir\u00e1 para d\u00edzimo e obras sociais<\/span><\/li>\n<\/ul>\n<\/div>\n<h2 class=\"postParagraph_post-paragraph__juWZN postParagraph_post-paragraph-innerHtml__Q5vwc postParagraph_type-tag-h2__TtFkT\">STF suspeita de investiga\u00e7\u00f5es sem amparo legal <\/h2>\n<p class=\"postParagraph_post-paragraph__juWZN postParagraph_post-paragraph-innerHtml__Q5vwc\">Revela\u00e7\u00f5es relacionadas ao caso alimentaram desconfian\u00e7a na Corte sobre a possibilidade de ministros terem sido alvo de apura\u00e7\u00f5es sem amparo legal. Por outro lado, investigadores da Pol\u00edcia Federal avaliam que decis\u00f5es tomadas pelo ministro Dias Toffoli, ent\u00e3o relator do processo, teriam imposto obst\u00e1culos ao andamento das investiga\u00e7\u00f5es.<\/p>\n<p class=\"postParagraph_post-paragraph__juWZN postParagraph_post-paragraph-innerHtml__Q5vwc\">Nos bastidores, ministros discutem a eventual abertura de uma apura\u00e7\u00e3o interna para examinar a conduta da PF e da Receita Federal. Como os dois \u00f3rg\u00e3os s\u00e3o comandados por nomes considerados alinhados ao governo federal, parte dos magistrados passou a associar o epis\u00f3dio tamb\u00e9m a uma dimens\u00e3o pol\u00edtica, estendendo a press\u00e3o ao Pal\u00e1cio do Planalto.<\/p>\n<p class=\"postParagraph_post-paragraph__juWZN postParagraph_post-paragraph-innerHtml__Q5vwc\">A tens\u00e3o aumentou na semana passada, quando o diretor-geral da PF, Andrei Rodrigues, entregou ao presidente do STF, Edson Fachin, um relat\u00f3rio com trocas de mensagens entre Vorcaro e seu cunhado, Fabiano Zettel. Nos di\u00e1logos, os dois mencionam pagamentos \u00e0 empresa Maridt, da qual Toffoli \u00e9 s\u00f3cio.<\/p>\n<p class=\"postParagraph_post-paragraph__juWZN postParagraph_post-paragraph-innerHtml__Q5vwc\">Em nota, Toffoli confirmou participa\u00e7\u00e3o societ\u00e1ria na Maridt \u2014 que foi uma das propriet\u00e1rias do resort Tayay\u00e1, no Paran\u00e1 \u2014, mas negou ter recebido valores de Vorcaro. O ministro deixou a relatoria do Caso Master ap\u00f3s reuni\u00e3o reservada com os demais integrantes da Corte. O conte\u00fado das conversas desse encontro tamb\u00e9m passou a ser alvo de suspeita de vazamento para o site Poder360, ampliando o desgaste interno e aprofundando a crise no tribunal.<\/p>\n<\/div>\n<p><br \/>\n<br \/>Fonte: <a href=\"https:\/\/www.gazetadopovo.com.br\/republica\/apos-operacao-da-pf-stf-aponta-acessos-ilegais-e-expoe-clima-de-desconfianca-na-corte\/\">Revista Oeste<\/a><\/p>\n","protected":false},"excerpt":{"rendered":"<p>O Supremo Tribunal Federal (STF) divulgou na tarde desta ter\u00e7a-feira (17) uma nota oficial sobre a opera\u00e7\u00e3o deflagrada pela Pol\u00edcia Federal que apura poss\u00edvel vazamento indevido de dados sigilosos de ministros da Corte, do procurador-geral da Rep\u00fablica e de seus familiares. O pedido de rastreamento feito por Moraes ocorreu h\u00e1 cerca de tr\u00eas semanas no [&hellip;]<\/p>\n","protected":false},"author":5,"featured_media":61970,"comment_status":"open","ping_status":"open","sticky":false,"template":"","format":"standard","meta":{"_seopress_robots_primary_cat":"","_seopress_titles_title":"","_seopress_titles_desc":"","_seopress_robots_index":"","footnotes":""},"categories":[1],"tags":[],"class_list":["post-63390","post","type-post","status-publish","format-standard","has-post-thumbnail","hentry","category-ultimas-noticias"],"_links":{"self":[{"href":"https:\/\/mussicom.com\/noticias\/wp-json\/wp\/v2\/posts\/63390","targetHints":{"allow":["GET"]}}],"collection":[{"href":"https:\/\/mussicom.com\/noticias\/wp-json\/wp\/v2\/posts"}],"about":[{"href":"https:\/\/mussicom.com\/noticias\/wp-json\/wp\/v2\/types\/post"}],"author":[{"embeddable":true,"href":"https:\/\/mussicom.com\/noticias\/wp-json\/wp\/v2\/users\/5"}],"replies":[{"embeddable":true,"href":"https:\/\/mussicom.com\/noticias\/wp-json\/wp\/v2\/comments?post=63390"}],"version-history":[{"count":0,"href":"https:\/\/mussicom.com\/noticias\/wp-json\/wp\/v2\/posts\/63390\/revisions"}],"wp:featuredmedia":[{"embeddable":true,"href":"https:\/\/mussicom.com\/noticias\/wp-json\/wp\/v2\/media\/61970"}],"wp:attachment":[{"href":"https:\/\/mussicom.com\/noticias\/wp-json\/wp\/v2\/media?parent=63390"}],"wp:term":[{"taxonomy":"category","embeddable":true,"href":"https:\/\/mussicom.com\/noticias\/wp-json\/wp\/v2\/categories?post=63390"},{"taxonomy":"post_tag","embeddable":true,"href":"https:\/\/mussicom.com\/noticias\/wp-json\/wp\/v2\/tags?post=63390"}],"curies":[{"name":"wp","href":"https:\/\/api.w.org\/{rel}","templated":true}]}}