{"id":63322,"date":"2026-02-16T21:25:23","date_gmt":"2026-02-17T00:25:23","guid":{"rendered":"https:\/\/mussicom.com\/sao-paulo-reforca-selo-de-qualidade-da-cachaca\/"},"modified":"2026-02-16T21:25:23","modified_gmt":"2026-02-17T00:25:23","slug":"sao-paulo-reforca-selo-de-qualidade-da-cachaca","status":"publish","type":"post","link":"https:\/\/mussicom.com\/noticias\/sao-paulo-reforca-selo-de-qualidade-da-cachaca\/","title":{"rendered":"S\u00e3o Paulo refor\u00e7a selo de qualidade da cacha\u00e7a"},"content":{"rendered":"<p> <br \/>\n<\/p>\n<div>\n<p style=\"text-align:justify\">A Secretaria de Agricultura e Abastecimento do Estado de S\u00e3o Paulo informou que a produ\u00e7\u00e3o de cacha\u00e7a no estado passa por um processo de consolida\u00e7\u00e3o e valoriza\u00e7\u00e3o. Segundo a pasta, v\u00eam sendo adotadas a\u00e7\u00f5es para impulsionar o setor, com destaque para o selo concedido nas edi\u00e7\u00f5es de 2024 e 2025 do Concurso Paulista de Qualidade da Cacha\u00e7a.&#13;\n<\/p>\n<p style=\"text-align:justify\">De acordo com a Secretaria, \u201ca produ\u00e7\u00e3o de cacha\u00e7a em S\u00e3o Paulo vive um momento de consolida\u00e7\u00e3o e valoriza\u00e7\u00e3o e a Secretaria de Agricultura e Abastecimento segue realizando a\u00e7\u00f5es e medidas para alavancar a produ\u00e7\u00e3o no estado\u201d. O \u00f3rg\u00e3o tamb\u00e9m afirma que, nos \u00faltimos dois anos, o selo de qualidade \u201ctem se firmado como um importante instrumento de reconhecimento t\u00e9cnico, fortalecimento de mercado e est\u00edmulo \u00e0 excel\u00eancia produtiva\u201d.<\/p>\n<p style=\"text-align:justify\">A iniciativa integra um conjunto de medidas voltadas ao fortalecimento da cadeia produtiva no estado. Conforme a Secretaria, o objetivo \u00e9 valorizar o produtor, ampliar a competitividade dos r\u00f3tulos paulistas e refor\u00e7ar a imagem do destilado no mercado. \u201cMais do que uma premia\u00e7\u00e3o, o selo funciona como um diferencial estrat\u00e9gico para quem produz e para quem consome\u201d, destacou.&#13;\n<\/p>\n<p style=\"text-align:justify\">Ainda segundo a pasta, \u201co selo de qualidade garante a excel\u00eancia em todas as etapas da produ\u00e7\u00e3o, do campo \u00e0 garrafa, desde a planta\u00e7\u00e3o e colheita da cana-de-a\u00e7\u00facar at\u00e9 o envase final\u201d. Para o \u00f3rg\u00e3o, isso assegura confiabilidade ao consumidor e amplia a valoriza\u00e7\u00e3o do produtor no mercado.<\/p>\n<p style=\"text-align:justify\">No cen\u00e1rio externo, a Secretaria aponta perspectivas relacionadas ao acordo de livre com\u00e9rcio entre Mercosul e Uni\u00e3o Europeia. Segundo a avalia\u00e7\u00e3o apresentada, a abertura de novos mercados pode beneficiar produtores que possuem certifica\u00e7\u00f5es de qualidade, ampliando a competitividade da cacha\u00e7a paulista no exterior.&#13;\n<\/p>\n<p style=\"text-align:justify\">Atualmente, o estado re\u00fane mais de 100 unidades produtoras registradas, com diversidade de r\u00f3tulos, estilos e faixas de pre\u00e7o. Cerca de 200 r\u00f3tulos foram avaliados e premiados nas duas edi\u00e7\u00f5es do concurso realizadas em 2024 e 2025.<\/p>\n<p style=\"text-align:justify\">Outra a\u00e7\u00e3o mencionada pela Secretaria \u00e9 o projeto Rotas da Cacha\u00e7a SP, que conecta produtores, consumidores e turistas. A iniciativa busca promover a cultura e a hist\u00f3ria da bebida, al\u00e9m de estimular o turismo rural e ampliar a visibilidade dos produtores.<\/p>\n<\/p><\/div>\n<p><script data-cfasync=\"false\">\n    !function (f, b, e, v, n, t, s) {\n        if (f.fbq) return; n = f.fbq = function () {\n            n.callMethod ?\n                n.callMethod.apply(n, arguments) : n.queue.push(arguments)\n        };\n        if (!f._fbq) f._fbq = n; n.push = n; n.loaded = !0; n.version = '2.0';\n        n.queue = []; t = b.createElement(e); t.async = !0;\n        t.src = v; s = b.getElementsByTagName(e)[0];\n        s.parentNode.insertBefore(t, s)\n    }(window, document, 'script',\n        'https:\/\/connect.facebook.net\/en_US\/fbevents.js');\n    fbq('init', '522546078623747');\n    fbq('track', 'PageView');\n<\/script><br \/>\n<br \/><br \/>\n<br \/>Fonte: <a href=\"https:\/\/www.agrolink.com.br\/noticias\/sao-paulo-reforca-selo-de-qualidade-da-cachaca_511033.html\">AGROLINK<\/a><\/p>\n","protected":false},"excerpt":{"rendered":"<p>A Secretaria de Agricultura e Abastecimento do Estado de S\u00e3o Paulo informou que a produ\u00e7\u00e3o de cacha\u00e7a no estado passa por um processo de consolida\u00e7\u00e3o e valoriza\u00e7\u00e3o. Segundo a pasta, v\u00eam sendo adotadas a\u00e7\u00f5es para impulsionar o setor, com destaque para o selo concedido nas edi\u00e7\u00f5es de 2024 e 2025 do Concurso Paulista de Qualidade [&hellip;]<\/p>\n","protected":false},"author":5,"featured_media":63323,"comment_status":"open","ping_status":"open","sticky":false,"template":"","format":"standard","meta":{"_seopress_robots_primary_cat":"","_seopress_titles_title":"","_seopress_titles_desc":"","_seopress_robots_index":"","footnotes":""},"categories":[53],"tags":[],"class_list":["post-63322","post","type-post","status-publish","format-standard","has-post-thumbnail","hentry","category-agronegocio"],"_links":{"self":[{"href":"https:\/\/mussicom.com\/noticias\/wp-json\/wp\/v2\/posts\/63322","targetHints":{"allow":["GET"]}}],"collection":[{"href":"https:\/\/mussicom.com\/noticias\/wp-json\/wp\/v2\/posts"}],"about":[{"href":"https:\/\/mussicom.com\/noticias\/wp-json\/wp\/v2\/types\/post"}],"author":[{"embeddable":true,"href":"https:\/\/mussicom.com\/noticias\/wp-json\/wp\/v2\/users\/5"}],"replies":[{"embeddable":true,"href":"https:\/\/mussicom.com\/noticias\/wp-json\/wp\/v2\/comments?post=63322"}],"version-history":[{"count":0,"href":"https:\/\/mussicom.com\/noticias\/wp-json\/wp\/v2\/posts\/63322\/revisions"}],"wp:featuredmedia":[{"embeddable":true,"href":"https:\/\/mussicom.com\/noticias\/wp-json\/wp\/v2\/media\/63323"}],"wp:attachment":[{"href":"https:\/\/mussicom.com\/noticias\/wp-json\/wp\/v2\/media?parent=63322"}],"wp:term":[{"taxonomy":"category","embeddable":true,"href":"https:\/\/mussicom.com\/noticias\/wp-json\/wp\/v2\/categories?post=63322"},{"taxonomy":"post_tag","embeddable":true,"href":"https:\/\/mussicom.com\/noticias\/wp-json\/wp\/v2\/tags?post=63322"}],"curies":[{"name":"wp","href":"https:\/\/api.w.org\/{rel}","templated":true}]}}