{"id":63299,"date":"2026-02-16T17:25:23","date_gmt":"2026-02-16T20:25:23","guid":{"rendered":"https:\/\/mussicom.com\/escola-de-samba-lulista-e-acusada-por-ridicularizar-evangelicos\/"},"modified":"2026-02-16T17:25:23","modified_gmt":"2026-02-16T20:25:23","slug":"escola-de-samba-lulista-e-acusada-por-ridicularizar-evangelicos","status":"publish","type":"post","link":"https:\/\/mussicom.com\/noticias\/escola-de-samba-lulista-e-acusada-por-ridicularizar-evangelicos\/","title":{"rendered":"Escola de samba lulista \u00e9 acusada por ridicularizar evang\u00e9licos"},"content":{"rendered":"<p> <br \/>\n<\/p>\n<div id=\"tp-post-content\">\n<p class=\"postParagraph_post-paragraph__juWZN postParagraph_post-paragraph-innerHtml__Q5vwc\">O senador Magno Malta (PL-ES) e o deputado federal Rodolfo Nogueira (PL-MS) protocolaram na Procuradoria-Geral da Rep\u00fablica (PGR) queixas contra a escola de samba Acad\u00eamicos de Niter\u00f3i por ridicularizar evang\u00e9licos durante o desfile, neste domingo (15), em homenagem ao presidente Luiz In\u00e1cio Lula da Silva.<\/p>\n<p class=\"postParagraph_post-paragraph__juWZN postParagraph_post-paragraph-innerHtml__Q5vwc\">Durante a apresenta\u00e7\u00e3o, uma das alas da escola representou evang\u00e9licos dentro de uma lata de conserva com o desenho de uma fam\u00edlia formada por pai, m\u00e3e e duas crian\u00e7as. Um dos figurantes aparece com adere\u00e7o que representa a B\u00edblia.<\/p>\n<p class=\"postParagraph_post-paragraph__juWZN postParagraph_post-paragraph-innerHtml__Q5vwc\">Na descri\u00e7\u00e3o oficial, a Acad\u00eamicos de Niter\u00f3i identifica o grupo como neoconservadores, ao lado de representantes do agroneg\u00f3cio, de mulheres de classe alta, defensores da ditadura militar, que se op\u00f5em a Lula.<\/p>\n<p class=\"postParagraph_post-paragraph__juWZN postParagraph_post-paragraph-innerHtml__Q5vwc\">Na queixa-crime apresentada \u00e0 PGR, Magno Malta acusa os respons\u00e1veis por crime de preconceito equiparado ao racismo, consistente no ato de \u201cpraticar, induzir ou incitar a discrimina\u00e7\u00e3o ou preconceito de ra\u00e7a, cor, etnia, religi\u00e3o ou proced\u00eancia nacional\u201d e cuja pena \u00e9 de at\u00e9 3 anos de reclus\u00e3o.<\/p>\n<p class=\"postParagraph_post-paragraph__juWZN postParagraph_post-paragraph-innerHtml__Q5vwc\">\u201cA representa\u00e7\u00e3o simb\u00f3lica consistiu na equipara\u00e7\u00e3o visual de fi\u00e9is evang\u00e9licos a objetos enlatados, em narrativa depreciativa associada a r\u00f3tulos ideol\u00f3gicos, expondo grupo religioso espec\u00edfico a esc\u00e1rnio coletivo perante audi\u00eancia nacional e internacional\u201d, escreveu o senador na queixa.<\/p>\n<p class=\"postParagraph_post-paragraph__juWZN postParagraph_post-paragraph-innerHtml__Q5vwc\">Rodolfo Nogueira, por sua vez, defende que os respons\u00e1veis pela escola sejam punidos pelo crime de ultraje a culto, definido pelo ato de \u201cescarnecer de algu\u00e9m publicamente, por motivo de cren\u00e7a ou fun\u00e7\u00e3o religiosa\u201d, e cuja pena de deten\u00e7\u00e3o de at\u00e9 um ano, al\u00e9m de multa.<\/p>\n<p class=\"postParagraph_post-paragraph__juWZN postParagraph_post-paragraph-innerHtml__Q5vwc\">\u201cA utiliza\u00e7\u00e3o do s\u00edmbolo religioso, no modo como apresentada, caracteriza exposi\u00e7\u00e3o p\u00fablica de natureza vexat\u00f3ria dirigida a pessoas identific\u00e1veis por sua cren\u00e7a, atraindo, a incid\u00eancia da tutela penal da liberdade religiosa\u201d, afirmou o deputado.<\/p>\n<p class=\"postParagraph_post-paragraph__juWZN postParagraph_post-paragraph-innerHtml__Q5vwc\">Os dois parlamentares destacam o uso de recursos p\u00fablicos destinados \u00e0 escola de samba pelos governos federal, estadual e municipal, e apontam a poss\u00edvel ocorr\u00eancia de il\u00edcitos eleitorais, como propaganda antecipada e abuso de poder.<\/p>\n<p class=\"postParagraph_post-paragraph__juWZN postParagraph_post-paragraph-innerHtml__Q5vwc\">Cabe \u00e0 PGR analisar o caso e decidir se acusa criminalmente ou n\u00e3o os respons\u00e1veis. Em regra, o \u00f3rg\u00e3o atua perante o Supremo Tribunal Federal (STF) contra autoridades com foro privilegiado, mas pode direcionar o caso para procuradores que atuam na primeira inst\u00e2ncia da Justi\u00e7a para processar pessoas sem a prerrogativa.<\/p>\n<div class=\"postViewMore_post-view-more-container___5wai\" data-mrf-recirculation=\"Post - Veja tamb\u00e9m\">\n<p class=\"gp-styles-module-size-small-afeYRa gp-styles-module-font-family2-afeYRa gp-styles-module-color-secondary-afeYRa gp-styles-module-weight-bold-afeYRa\">VEJA TAMB\u00c9M:<\/p>\n<ul class=\"postViewMore_post-view-more-list__CU_CE\">\n<li class=\"postViewMore_post-view-more-item__2MzRb\"><span class=\"postViewMore_post-view-more-link-icon___stPC\"><svg xmlns=\"http:\/\/www.w3.org\/2000\/svg\" width=\"16\" height=\"16\" viewbox=\"0 0 16 16\"><rect width=\"16\" height=\"16\" fill=\"none\"\/><g transform=\"translate(3 3)\"><path d=\"M22.5,15l3.4,3.4-3.4,3.4\" transform=\"translate(-15.896 -11.793)\" fill=\"none\" stroke=\"#717171\" stroke-linecap=\"round\" stroke-width=\"1.4\"\/><path d=\"M6,6v4.2a2.452,2.452,0,0,0,2.5,2.4H16\" transform=\"translate(-6 -6)\" fill=\"none\" stroke=\"#717171\" stroke-linecap=\"round\" stroke-width=\"1.4\"\/><\/g><\/svg><\/span><span class=\"postViewMore_post-view-more-link-text__hO_kM\">Fl\u00e1vio Bolsonaro diz que vai acionar TSE por alegoria sobre \u201cfam\u00edlias em conserva\u201d<\/span><\/li>\n<\/ul>\n<\/div>\n<\/div>\n<p><br \/>\n<br \/>Fonte: <a href=\"https:\/\/www.gazetadopovo.com.br\/republica\/parlamentares-querem-punir-escola-de-samba-lulista-por-ridicularizar-evangelicos\/\">Revista Oeste<\/a><\/p>\n","protected":false},"excerpt":{"rendered":"<p>O senador Magno Malta (PL-ES) e o deputado federal Rodolfo Nogueira (PL-MS) protocolaram na Procuradoria-Geral da Rep\u00fablica (PGR) queixas contra a escola de samba Acad\u00eamicos de Niter\u00f3i por ridicularizar evang\u00e9licos durante o desfile, neste domingo (15), em homenagem ao presidente Luiz In\u00e1cio Lula da Silva. Durante a apresenta\u00e7\u00e3o, uma das alas da escola representou evang\u00e9licos [&hellip;]<\/p>\n","protected":false},"author":5,"featured_media":63300,"comment_status":"open","ping_status":"open","sticky":false,"template":"","format":"standard","meta":{"_seopress_robots_primary_cat":"","_seopress_titles_title":"","_seopress_titles_desc":"","_seopress_robots_index":"","footnotes":""},"categories":[1],"tags":[],"class_list":["post-63299","post","type-post","status-publish","format-standard","has-post-thumbnail","hentry","category-ultimas-noticias"],"_links":{"self":[{"href":"https:\/\/mussicom.com\/noticias\/wp-json\/wp\/v2\/posts\/63299","targetHints":{"allow":["GET"]}}],"collection":[{"href":"https:\/\/mussicom.com\/noticias\/wp-json\/wp\/v2\/posts"}],"about":[{"href":"https:\/\/mussicom.com\/noticias\/wp-json\/wp\/v2\/types\/post"}],"author":[{"embeddable":true,"href":"https:\/\/mussicom.com\/noticias\/wp-json\/wp\/v2\/users\/5"}],"replies":[{"embeddable":true,"href":"https:\/\/mussicom.com\/noticias\/wp-json\/wp\/v2\/comments?post=63299"}],"version-history":[{"count":0,"href":"https:\/\/mussicom.com\/noticias\/wp-json\/wp\/v2\/posts\/63299\/revisions"}],"wp:featuredmedia":[{"embeddable":true,"href":"https:\/\/mussicom.com\/noticias\/wp-json\/wp\/v2\/media\/63300"}],"wp:attachment":[{"href":"https:\/\/mussicom.com\/noticias\/wp-json\/wp\/v2\/media?parent=63299"}],"wp:term":[{"taxonomy":"category","embeddable":true,"href":"https:\/\/mussicom.com\/noticias\/wp-json\/wp\/v2\/categories?post=63299"},{"taxonomy":"post_tag","embeddable":true,"href":"https:\/\/mussicom.com\/noticias\/wp-json\/wp\/v2\/tags?post=63299"}],"curies":[{"name":"wp","href":"https:\/\/api.w.org\/{rel}","templated":true}]}}