{"id":63271,"date":"2026-02-16T13:16:25","date_gmt":"2026-02-16T16:16:25","guid":{"rendered":"https:\/\/mussicom.com\/sul-concentra-85-da-producao-de-trigo\/"},"modified":"2026-02-16T13:16:25","modified_gmt":"2026-02-16T16:16:25","slug":"sul-concentra-85-da-producao-de-trigo","status":"publish","type":"post","link":"https:\/\/mussicom.com\/noticias\/sul-concentra-85-da-producao-de-trigo\/","title":{"rendered":"Sul concentra 85% da produ\u00e7\u00e3o de trigo"},"content":{"rendered":"<p> <br \/>\n<\/p>\n<div>\n<div class=\"row\">\n<div class=\"col-lg col-infos mt-0 mt-lg-0\">\n<div class=\"section-sub-title\">\n<p itemprop=\"description\">&#13;<br \/>\n                                Argentina amplia exporta\u00e7\u00e3o de trigo&#13;\n                            <\/p>\n<\/p><\/div>\n<div class=\"container\">\n<div class=\"row\">\n<div class=\"col-lg p-0\">\n<div>\n<div class=\"block-news-main-infos mt-3 text-start\">\n<p>                                            <strong class=\"fn\" itemprop=\"author\" style=\"color: rgb(112, 112, 112); \">&#13;<br \/>\n                                                Agrolink&#13;<br \/>\n&#13;<br \/>\n                                                    &#8211; Seane Lennon&#13;<br \/>\n&#13;<br \/>\n                                            <\/strong><br \/>\n                                        <\/p>\n<p>                                            <abbr><time datetime=\"2026 - 02 - 16T10:24\" itemprop=\"datePublished dateModified\"> Publicado em 16\/02\/2026 \u00e0s 10:24h.<\/time><\/abbr>\n                                    <\/div>\n<\/p><\/div>\n<\/p><\/div>\n<div class=\"col-lg p-0 text-lg-end\">\n<div>\n<div id=\"mdEnviarPagina\" class=\"modal fade\" role=\"dialog\">\n<div class=\"modal-dialog\">\n<div class=\"modal-content\">\n<div class=\"modal-body\">\n<p><strong>Estimado usu\u00e1rio.<\/strong><br \/>Preencha o formul\u00e1rio abaixo para remeter a p\u00e1gina.<\/p>\n<\/p><\/div>\n<\/p><\/div>\n<\/p><\/div>\n<\/div><\/div>\n<\/p><\/div>\n<\/p><\/div>\n<\/p><\/div>\n<\/p><\/div>\n<\/p><\/div>\n<div class=\"row justify-content-md-center mt-3\">\n<div class=\"col-lg-auto col-image block-news-main-image\">\n<p>                                <br \/>\n                                                <span class=\"publicity-photo d-block mt-1\">Foto: Canva<\/span><\/p><\/div>\n<\/p><\/div>\n<div class=\"section-description section-description-noticias mt-3\">\n<p style=\"text-align:justify\">O Companhia Nacional de Abastecimento (Conab) divulgou na quinta-feira (12) os dados do 5\u00ba Levantamento da Safra de Gr\u00e3os da atual temporada, apontando que a Regi\u00e3o Sul segue como principal polo produtor de trigo, respons\u00e1vel por cerca de 85% da oferta estimada para 2026. O destaque permanece com o Rio Grande do Sul, com 44% da produ\u00e7\u00e3o nacional prevista, e o Paran\u00e1, com 35%, cen\u00e1rio que ainda reflete os impactos da \u00faltima safra e um ambiente de pre\u00e7os que desestimula a expans\u00e3o de \u00e1rea em outras regi\u00f5es.&#13;\n<\/p>\n<p style=\"text-align:justify\">No curto prazo, segundo a Conab, o mercado interno opera em ambiente de baixa fluidez e elevada seletividade, com negocia\u00e7\u00f5es pontuais e condicionadas \u00e0 qualidade do gr\u00e3o. A ind\u00fastria de moagem mant\u00e9m postura defensiva, sustentada por estoques considerados confort\u00e1veis, e enfrenta dificuldades na comercializa\u00e7\u00e3o de farinha, priorizando lotes de melhor padr\u00e3o. J\u00e1 o trigo de qualidade inferior disputa espa\u00e7o com o milho na formula\u00e7\u00e3o de ra\u00e7\u00e3o. O c\u00e2mbio mais apreciado em rela\u00e7\u00e3o ao ano anterior atenua parte do repasse das altas externas, mas n\u00e3o elimina o vi\u00e9s de sustenta\u00e7\u00e3o nas paridades de importa\u00e7\u00e3o, sobretudo para trigos de maior valor agregado.<\/p>\n<p style=\"text-align:justify\">No cen\u00e1rio internacional, o relat\u00f3rio de janeiro do United States Department of Agriculture (USDA) indica nova revis\u00e3o altista para a produ\u00e7\u00e3o mundial de trigo em 2025\/26, com estimativa de recorde hist\u00f3rico. O avan\u00e7o \u00e9 atribu\u00eddo a incrementos relevantes na Argentina, na R\u00fassia e no Brasil, enquanto consumo e com\u00e9rcio globais tamb\u00e9m foram ajustados para cima.&#13;\n<\/p>\n<p style=\"text-align:justify\">De acordo com o USDA, destaca-se a recupera\u00e7\u00e3o da Argentina, favorecida por safra volumosa e redu\u00e7\u00e3o permanente das al\u00edquotas de imposto de exporta\u00e7\u00e3o, fator que sustenta a competitividade do trigo argentino e eleva a proje\u00e7\u00e3o de exporta\u00e7\u00f5es para 16 milh\u00f5es de toneladas no ciclo 2025\/26. Em contrapartida, a Uni\u00e3o Europeia e a Ucr\u00e2nia perdem participa\u00e7\u00e3o no com\u00e9rcio internacional.<\/p>\n<p style=\"text-align:justify\">Conforme a Conab, o cen\u00e1rio de ampla oferta global e atua\u00e7\u00e3o agressiva de exportadores mant\u00e9m o mercado abastecido. No entanto, a combina\u00e7\u00e3o entre restri\u00e7\u00f5es de qualidade em algumas origens, movimentos financeiros nas bolsas e incertezas clim\u00e1ticas sobre a pr\u00f3xima safra de inverno sustenta um vi\u00e9s de pre\u00e7os mais firmes, com reflexos sobre as paridades de importa\u00e7\u00e3o e sobre a forma\u00e7\u00e3o de pre\u00e7os no Brasil.&#13;\n<\/p>\n<\/p><\/div>\n<\/p><\/div>\n<p><script data-cfasync=\"false\">\n    !function (f, b, e, v, n, t, s) {\n        if (f.fbq) return; n = f.fbq = function () {\n            n.callMethod ?\n                n.callMethod.apply(n, arguments) : n.queue.push(arguments)\n        };\n        if (!f._fbq) f._fbq = n; n.push = n; n.loaded = !0; n.version = '2.0';\n        n.queue = []; t = b.createElement(e); t.async = !0;\n        t.src = v; s = b.getElementsByTagName(e)[0];\n        s.parentNode.insertBefore(t, s)\n    }(window, document, 'script',\n        'https:\/\/connect.facebook.net\/en_US\/fbevents.js');\n    fbq('init', '522546078623747');\n    fbq('track', 'PageView');\n<\/script><br \/>\n<br \/><br \/>\n<br \/>Fonte: <a href=\"https:\/\/www.agrolink.com.br\/noticias\/sul-concentra-85--da-producao-de-trigo_511015.html\">AGROLINK<\/a><\/p>\n","protected":false},"excerpt":{"rendered":"<p>&#13; Argentina amplia exporta\u00e7\u00e3o de trigo&#13; &#13; Agrolink&#13; &#13; &#8211; Seane Lennon&#13; &#13; Publicado em 16\/02\/2026 \u00e0s 10:24h. Estimado usu\u00e1rio.Preencha o formul\u00e1rio abaixo para remeter a p\u00e1gina. Foto: Canva O Companhia Nacional de Abastecimento (Conab) divulgou na quinta-feira (12) os dados do 5\u00ba Levantamento da Safra de Gr\u00e3os da atual temporada, apontando que a Regi\u00e3o [&hellip;]<\/p>\n","protected":false},"author":5,"featured_media":63272,"comment_status":"open","ping_status":"open","sticky":false,"template":"","format":"standard","meta":{"_seopress_robots_primary_cat":"","_seopress_titles_title":"","_seopress_titles_desc":"","_seopress_robots_index":"","footnotes":""},"categories":[53],"tags":[],"class_list":["post-63271","post","type-post","status-publish","format-standard","has-post-thumbnail","hentry","category-agronegocio"],"_links":{"self":[{"href":"https:\/\/mussicom.com\/noticias\/wp-json\/wp\/v2\/posts\/63271","targetHints":{"allow":["GET"]}}],"collection":[{"href":"https:\/\/mussicom.com\/noticias\/wp-json\/wp\/v2\/posts"}],"about":[{"href":"https:\/\/mussicom.com\/noticias\/wp-json\/wp\/v2\/types\/post"}],"author":[{"embeddable":true,"href":"https:\/\/mussicom.com\/noticias\/wp-json\/wp\/v2\/users\/5"}],"replies":[{"embeddable":true,"href":"https:\/\/mussicom.com\/noticias\/wp-json\/wp\/v2\/comments?post=63271"}],"version-history":[{"count":0,"href":"https:\/\/mussicom.com\/noticias\/wp-json\/wp\/v2\/posts\/63271\/revisions"}],"wp:featuredmedia":[{"embeddable":true,"href":"https:\/\/mussicom.com\/noticias\/wp-json\/wp\/v2\/media\/63272"}],"wp:attachment":[{"href":"https:\/\/mussicom.com\/noticias\/wp-json\/wp\/v2\/media?parent=63271"}],"wp:term":[{"taxonomy":"category","embeddable":true,"href":"https:\/\/mussicom.com\/noticias\/wp-json\/wp\/v2\/categories?post=63271"},{"taxonomy":"post_tag","embeddable":true,"href":"https:\/\/mussicom.com\/noticias\/wp-json\/wp\/v2\/tags?post=63271"}],"curies":[{"name":"wp","href":"https:\/\/api.w.org\/{rel}","templated":true}]}}