{"id":63261,"date":"2026-02-16T12:08:18","date_gmt":"2026-02-16T15:08:18","guid":{"rendered":"https:\/\/mussicom.com\/filipe-barros-aciona-tse-contra-desfile-em-homenagem-a-lula\/"},"modified":"2026-02-16T12:08:18","modified_gmt":"2026-02-16T15:08:18","slug":"filipe-barros-aciona-tse-contra-desfile-em-homenagem-a-lula","status":"publish","type":"post","link":"https:\/\/mussicom.com\/noticias\/filipe-barros-aciona-tse-contra-desfile-em-homenagem-a-lula\/","title":{"rendered":"Filipe Barros aciona TSE contra desfile em homenagem a Lula"},"content":{"rendered":"<p> <br \/>\n<\/p>\n<div id=\"tp-post-content\">\n<p class=\"postParagraph_post-paragraph__juWZN postParagraph_post-paragraph-innerHtml__Q5vwc\">O deputado Filipe Barros (PL-PR) anunciou que pretende protocolar uma a\u00e7\u00e3o no Tribunal Superior Eleitoral (TSE) contra o desfile em homenagem ao presidente Luiz In\u00e1cio Lula da Silva (PT) exibido pela escola de samba Acad\u00eamicos de Niter\u00f3i no Carnaval do Rio de Janeiro na noite de domingo (15).<\/p>\n<p class=\"postParagraph_post-paragraph__juWZN postParagraph_post-paragraph-innerHtml__Q5vwc\">Em v\u00eddeo nas redes sociais, Barros classificou a apresenta\u00e7\u00e3o da escola \u2014 cujo samba-enredo celebrou a trajet\u00f3ria do petista \u2014 como \u201cpr\u00e9-campanha\u201d eleitoral e crime eleitoral, argumentando que o TSE deveria analisar o caso com o mesmo rigor aplicado em decis\u00f5es recentes envolvendo o ex-presidente Jair Bolsonaro.<\/p>\n<p class=\"postParagraph_post-paragraph__juWZN postParagraph_post-paragraph-innerHtml__Q5vwc\">Barros afirmou estar \u201cindignado\u201d e prometeu apresentar a medida j\u00e1 na manh\u00e3 desta segunda-feira (16).<\/p>\n<p class=\"postParagraph_post-paragraph__juWZN postParagraph_post-paragraph-innerHtml__Q5vwc\">&#8220;Eu t\u00f4 indignado. Nesse domingo \u00e0 noite, domingo de Carnaval, todo mundo t\u00e1 vendo essa cena de pr\u00e9-campanha do tal de Acad\u00eamico de Niter\u00f3i, que eu nem sabia que existia, fazendo pr\u00e9-campanha pro Lula\u201d, disse.<\/p>\n<p class=\"postParagraph_post-paragraph__juWZN postParagraph_post-paragraph-innerHtml__Q5vwc\">O parlamentar tamb\u00e9m levantou suspeitas sobre poss\u00edvel uso de recursos p\u00fablicos, citando alega\u00e7\u00f5es de que a escola teria recebido apoio via Lei Rouanet e men\u00e7\u00f5es a supostos contatos da primeira-dama Janja com empres\u00e1rios para financiamento do desfile. \u201cHoje saiu uma not\u00edcia na imprensa dizendo que a dona Janja procurou empres\u00e1rios para ajudarem financeiramente essa escola de samba\u201d, declarou.<\/p>\n<p class=\"postParagraph_post-paragraph__juWZN postParagraph_post-paragraph-innerHtml__Q5vwc\">A Acad\u00eamicos de Niter\u00f3i, fundada em 2018, estreou no Grupo Especial do carnaval carioca com o enredo <em>\u201cDo alto do mulungu surge a esperan\u00e7a: Lula, o oper\u00e1rio do Brasil\u201d<\/em>, desfalcando cr\u00edticas e celebra\u00e7\u00f5es em um dos principais palcos culturais do pa\u00eds.<\/p>\n<div class=\"postViewMore_post-view-more-container___5wai\" data-mrf-recirculation=\"Post - Veja tamb\u00e9m\">\n<p class=\"gp-styles-module-size-small-afeYRa gp-styles-module-font-family2-afeYRa gp-styles-module-color-secondary-afeYRa gp-styles-module-weight-bold-afeYRa\">VEJA TAMB\u00c9M:<\/p>\n<ul class=\"postViewMore_post-view-more-list__CU_CE\">\n<li class=\"postViewMore_post-view-more-item__2MzRb\"><span class=\"postViewMore_post-view-more-link-icon___stPC\"><svg xmlns=\"http:\/\/www.w3.org\/2000\/svg\" width=\"16\" height=\"16\" viewbox=\"0 0 16 16\"><rect width=\"16\" height=\"16\" fill=\"none\"\/><g transform=\"translate(3 3)\"><path d=\"M22.5,15l3.4,3.4-3.4,3.4\" transform=\"translate(-15.896 -11.793)\" fill=\"none\" stroke=\"#717171\" stroke-linecap=\"round\" stroke-width=\"1.4\"\/><path d=\"M6,6v4.2a2.452,2.452,0,0,0,2.5,2.4H16\" transform=\"translate(-6 -6)\" fill=\"none\" stroke=\"#717171\" stroke-linecap=\"round\" stroke-width=\"1.4\"\/><\/g><\/svg><\/span><span class=\"postViewMore_post-view-more-link-text__hO_kM\">Culto na Sapuca\u00ed a Lula: deboche do TSE e obsess\u00e3o com Bolsonaro<\/span><\/li>\n<li class=\"postViewMore_post-view-more-item__2MzRb\"><span class=\"postViewMore_post-view-more-link-icon___stPC\"><svg xmlns=\"http:\/\/www.w3.org\/2000\/svg\" width=\"16\" height=\"16\" viewbox=\"0 0 16 16\"><rect width=\"16\" height=\"16\" fill=\"none\"\/><g transform=\"translate(3 3)\"><path d=\"M22.5,15l3.4,3.4-3.4,3.4\" transform=\"translate(-15.896 -11.793)\" fill=\"none\" stroke=\"#717171\" stroke-linecap=\"round\" stroke-width=\"1.4\"\/><path d=\"M6,6v4.2a2.452,2.452,0,0,0,2.5,2.4H16\" transform=\"translate(-6 -6)\" fill=\"none\" stroke=\"#717171\" stroke-linecap=\"round\" stroke-width=\"1.4\"\/><\/g><\/svg><\/span><span class=\"postViewMore_post-view-more-link-text__hO_kM\">Desfile em escola de samba que homenageia Lula intensifica debate sobre fun\u00e7\u00e3o p\u00fablica de Janja<\/span><\/li>\n<\/ul>\n<\/div>\n<h2 class=\"postParagraph_post-paragraph__juWZN postParagraph_post-paragraph-innerHtml__Q5vwc postParagraph_type-tag-h2__TtFkT\">Oposi\u00e7\u00e3o tentou impedir &#8220;desfile &#8220;propaganda&#8221; de Lula   <\/h2>\n<p class=\"postParagraph_post-paragraph__juWZN postParagraph_post-paragraph-innerHtml__Q5vwc\">A tentativa ocorre depois que o TSE negou liminares para proibir a apresenta\u00e7\u00e3o na Sapuca\u00ed, decis\u00e3o que j\u00e1 havia sido objeto de pol\u00eamica entre setores da oposi\u00e7\u00e3o.<\/p>\n<p class=\"postParagraph_post-paragraph__juWZN postParagraph_post-paragraph-innerHtml__Q5vwc\">Na 5\u00aa feira (12.fev), o Tribunal Superior Eleitoral rejeitou, por unanimidade, a liminar apresentada pelo partido Novo e pelo deputado Kim Kataguiri (Uni\u00e3o Brasil-SP) para proibir o desfile da Acad\u00eamicos de Niter\u00f3i.<\/p>\n<p class=\"postParagraph_post-paragraph__juWZN postParagraph_post-paragraph-innerHtml__Q5vwc\">A relatora, ministra Estella Aranha, indicada por Lula ao cargo, afirmou que n\u00e3o cabe censura pr\u00e9via e que eventual irregularidade deve ser analisada em momento oportuno.<\/p>\n<p class=\"postParagraph_post-paragraph__juWZN postParagraph_post-paragraph-innerHtml__Q5vwc\">No Tribunal de Contas da Uni\u00e3o, o Novo tamb\u00e9m apresentou representa\u00e7\u00e3o para tentar impedir o repasse de R$ 1 milh\u00e3o da Embratur \u00e0 escola de samba. A \u00e1rea t\u00e9cnica da Corte recomendou barrar os recursos, mas o relator do caso, ministro Aroldo Cedraz, decidiu negar o pedido de suspens\u00e3o.<\/p>\n<p class=\"postParagraph_post-paragraph__juWZN postParagraph_post-paragraph-innerHtml__Q5vwc\">Paralelamente, a senadora Damares Alves (Republicanos-DF) e o deputado Kim Kataguiri (Uni\u00e3o Brasil-SP) moveram a\u00e7\u00f5es contra o presidente por causa do enredo da agremia\u00e7\u00e3o. As iniciativas foram rejeitadas pela Justi\u00e7a Federal.<\/p>\n<p class=\"postParagraph_post-paragraph__juWZN postParagraph_post-paragraph-innerHtml__Q5vwc\">Al\u00e9m da disputa jur\u00eddica, a escola tamb\u00e9m enfrentou outro epis\u00f3dio de desgaste: seu presidente, Wallace Palhares, foi exonerado do cargo de assistente na Assembleia Legislativa do Estado do Rio de Janeiro (Alerj), ampliando a repercuss\u00e3o pol\u00edtica em torno do desfile.<\/p>\n<\/div>\n<p><br \/>\n<br \/>Fonte: <a href=\"https:\/\/www.gazetadopovo.com.br\/economia\/deputado-do-pl-aciona-tse-contra-desfile-em-homenagem-a-lula\/\">Gazeta do Povo<\/a><\/p>\n","protected":false},"excerpt":{"rendered":"<p>O deputado Filipe Barros (PL-PR) anunciou que pretende protocolar uma a\u00e7\u00e3o no Tribunal Superior Eleitoral (TSE) contra o desfile em homenagem ao presidente Luiz In\u00e1cio Lula da Silva (PT) exibido pela escola de samba Acad\u00eamicos de Niter\u00f3i no Carnaval do Rio de Janeiro na noite de domingo (15). Em v\u00eddeo nas redes sociais, Barros classificou [&hellip;]<\/p>\n","protected":false},"author":5,"featured_media":63061,"comment_status":"open","ping_status":"open","sticky":false,"template":"","format":"standard","meta":{"_seopress_robots_primary_cat":"","_seopress_titles_title":"","_seopress_titles_desc":"","_seopress_robots_index":"","footnotes":""},"categories":[45],"tags":[],"class_list":["post-63261","post","type-post","status-publish","format-standard","has-post-thumbnail","hentry","category-economia"],"_links":{"self":[{"href":"https:\/\/mussicom.com\/noticias\/wp-json\/wp\/v2\/posts\/63261","targetHints":{"allow":["GET"]}}],"collection":[{"href":"https:\/\/mussicom.com\/noticias\/wp-json\/wp\/v2\/posts"}],"about":[{"href":"https:\/\/mussicom.com\/noticias\/wp-json\/wp\/v2\/types\/post"}],"author":[{"embeddable":true,"href":"https:\/\/mussicom.com\/noticias\/wp-json\/wp\/v2\/users\/5"}],"replies":[{"embeddable":true,"href":"https:\/\/mussicom.com\/noticias\/wp-json\/wp\/v2\/comments?post=63261"}],"version-history":[{"count":0,"href":"https:\/\/mussicom.com\/noticias\/wp-json\/wp\/v2\/posts\/63261\/revisions"}],"wp:featuredmedia":[{"embeddable":true,"href":"https:\/\/mussicom.com\/noticias\/wp-json\/wp\/v2\/media\/63061"}],"wp:attachment":[{"href":"https:\/\/mussicom.com\/noticias\/wp-json\/wp\/v2\/media?parent=63261"}],"wp:term":[{"taxonomy":"category","embeddable":true,"href":"https:\/\/mussicom.com\/noticias\/wp-json\/wp\/v2\/categories?post=63261"},{"taxonomy":"post_tag","embeddable":true,"href":"https:\/\/mussicom.com\/noticias\/wp-json\/wp\/v2\/tags?post=63261"}],"curies":[{"name":"wp","href":"https:\/\/api.w.org\/{rel}","templated":true}]}}