{"id":63249,"date":"2026-02-16T09:12:33","date_gmt":"2026-02-16T12:12:33","guid":{"rendered":"https:\/\/mussicom.com\/altas-temperaturas-afetam-safra-de-morango\/"},"modified":"2026-02-16T09:12:33","modified_gmt":"2026-02-16T12:12:33","slug":"altas-temperaturas-afetam-safra-de-morango","status":"publish","type":"post","link":"https:\/\/mussicom.com\/noticias\/altas-temperaturas-afetam-safra-de-morango\/","title":{"rendered":"Altas temperaturas afetam safra de morango"},"content":{"rendered":"<p> <br \/>\n<\/p>\n<div>\n<div class=\"row\">\n<div class=\"col-lg col-infos mt-0 mt-lg-0\">\n<div class=\"section-sub-title\">\n<p itemprop=\"description\">&#13;<br \/>\n                                Produ\u00e7\u00e3o de morango varia nas regi\u00f5es do RS&#13;\n                            <\/p>\n<\/p><\/div>\n<div class=\"container\">\n<div class=\"row\">\n<div class=\"col-lg p-0\">\n<div>\n<div class=\"block-news-main-infos mt-3 text-start\">\n<p>                                            <strong class=\"fn\" itemprop=\"author\" style=\"color: rgb(112, 112, 112); \">&#13;<br \/>\n                                                Agrolink&#13;<br \/>\n&#13;<br \/>\n                                                    &#8211; Seane Lennon&#13;<br \/>\n&#13;<br \/>\n                                            <\/strong><br \/>\n                                        <\/p>\n<p>                                            <abbr><time datetime=\"2026 - 02 - 16T08:52\" itemprop=\"datePublished dateModified\"> Publicado em 16\/02\/2026 \u00e0s 08:52h.<\/time><\/abbr>\n                                    <\/div>\n<\/p><\/div>\n<\/p><\/div>\n<div class=\"col-lg p-0 text-lg-end\">\n<div>\n<div id=\"mdEnviarPagina\" class=\"modal fade\" role=\"dialog\">\n<div class=\"modal-dialog\">\n<div class=\"modal-content\">\n<div class=\"modal-body\">\n<p><strong>Estimado usu\u00e1rio.<\/strong><br \/>Preencha o formul\u00e1rio abaixo para remeter a p\u00e1gina.<\/p>\n<\/p><\/div>\n<\/p><\/div>\n<\/p><\/div>\n<\/div><\/div>\n<\/p><\/div>\n<\/p><\/div>\n<\/p><\/div>\n<\/p><\/div>\n<\/p><\/div>\n<div class=\"row justify-content-md-center mt-3\">\n<div class=\"col-lg-auto col-image block-news-main-image\">\n<p>                                <br \/>\n                                                <span class=\"publicity-photo d-block mt-1\">Foto: Seane Lennon<\/span><\/p><\/div>\n<\/p><\/div>\n<div class=\"section-description section-description-noticias mt-3\">\n<p style=\"text-align:justify\">A produ\u00e7\u00e3o de morango apresentou varia\u00e7\u00f5es em diferentes regi\u00f5es do Rio Grande do Sul, conforme aponta o Informativo Conjuntural divulgado na quinta-feira (12) pela Emater\/RS-Ascar. O relat\u00f3rio destaca impactos provocados pelas altas temperaturas registradas na segunda quinzena de janeiro, especialmente sobre lavouras em fase mais avan\u00e7ada de produ\u00e7\u00e3o.&#13;\n<\/p>\n<p style=\"text-align:justify\">Na regi\u00e3o administrativa de Bag\u00e9, em Santa Margarida do Sul, houve redu\u00e7\u00e3o na produ\u00e7\u00e3o em raz\u00e3o do per\u00edodo prolongado de calor, que afetou principalmente plantas em segundo ano de colheita. J\u00e1 na regional de Erechim, o calor intenso prejudicou o florescimento e a forma\u00e7\u00e3o de frutos, embora a produtividade tenha se mantido dentro da normalidade para a cultivar San Andreas. Segundo o informativo, \u201co pre\u00e7o praticado varia de R$ 25,00 a R$ 30,00\/kg\u201d.<\/p>\n<p style=\"text-align:justify\">Na regi\u00e3o de Caxias do Sul, o volume colhido permaneceu est\u00e1vel, mas foi observada redu\u00e7\u00e3o nas flora\u00e7\u00f5es. As temperaturas mais elevadas em rela\u00e7\u00e3o \u00e0 semana anterior interferiram na produ\u00e7\u00e3o, al\u00e9m do registro de perdas causadas pelo ataque de mosca-da-asa-manchada (Drosophila suzukii). De acordo com a Emater\/RS-Ascar, a situa\u00e7\u00e3o tem levado produtores a intensificar medidas de controle. Os pre\u00e7os recebidos pelos produtores se mantiveram est\u00e1veis na compara\u00e7\u00e3o semanal. Na comercializa\u00e7\u00e3o por meio de Ceasas, intermedi\u00e1rios e mercados, os valores variaram entre R$ 12,00 e R$ 15,00 por quilo. Na venda direta ao consumidor, o pre\u00e7o ficou em torno de R$ 20,00\/kg, \u201cconsiderado satisfat\u00f3rio\u201d.&#13;\n<\/p>\n<p style=\"text-align:justify\">Na regional de Santa Rosa, a produ\u00e7\u00e3o tamb\u00e9m foi impactada pelos dias quentes, que comprometeram a emiss\u00e3o de novos frutos. Conforme o levantamento, os agricultores realizam encomendas de mudas para a pr\u00f3xima safra. Os pre\u00e7os praticados na regi\u00e3o est\u00e3o, em m\u00e9dia, em R$ 35,00 por quilo.<\/p>\n<\/p><\/div>\n<\/p><\/div>\n<p><script data-cfasync=\"false\">\n    !function (f, b, e, v, n, t, s) {\n        if (f.fbq) return; n = f.fbq = function () {\n            n.callMethod ?\n                n.callMethod.apply(n, arguments) : n.queue.push(arguments)\n        };\n        if (!f._fbq) f._fbq = n; n.push = n; n.loaded = !0; n.version = '2.0';\n        n.queue = []; t = b.createElement(e); t.async = !0;\n        t.src = v; s = b.getElementsByTagName(e)[0];\n        s.parentNode.insertBefore(t, s)\n    }(window, document, 'script',\n        'https:\/\/connect.facebook.net\/en_US\/fbevents.js');\n    fbq('init', '522546078623747');\n    fbq('track', 'PageView');\n<\/script><br \/>\n<br \/><br \/>\n<br \/>Fonte: <a href=\"https:\/\/www.agrolink.com.br\/noticias\/altas-temperaturas-afetam-safra-de-morango_511009.html\">AGROLINK<\/a><\/p>\n","protected":false},"excerpt":{"rendered":"<p>&#13; Produ\u00e7\u00e3o de morango varia nas regi\u00f5es do RS&#13; &#13; Agrolink&#13; &#13; &#8211; Seane Lennon&#13; &#13; Publicado em 16\/02\/2026 \u00e0s 08:52h. Estimado usu\u00e1rio.Preencha o formul\u00e1rio abaixo para remeter a p\u00e1gina. Foto: Seane Lennon A produ\u00e7\u00e3o de morango apresentou varia\u00e7\u00f5es em diferentes regi\u00f5es do Rio Grande do Sul, conforme aponta o Informativo Conjuntural divulgado na quinta-feira [&hellip;]<\/p>\n","protected":false},"author":5,"featured_media":32391,"comment_status":"open","ping_status":"open","sticky":false,"template":"","format":"standard","meta":{"_seopress_robots_primary_cat":"","_seopress_titles_title":"","_seopress_titles_desc":"","_seopress_robots_index":"","footnotes":""},"categories":[53],"tags":[],"class_list":["post-63249","post","type-post","status-publish","format-standard","has-post-thumbnail","hentry","category-agronegocio"],"_links":{"self":[{"href":"https:\/\/mussicom.com\/noticias\/wp-json\/wp\/v2\/posts\/63249","targetHints":{"allow":["GET"]}}],"collection":[{"href":"https:\/\/mussicom.com\/noticias\/wp-json\/wp\/v2\/posts"}],"about":[{"href":"https:\/\/mussicom.com\/noticias\/wp-json\/wp\/v2\/types\/post"}],"author":[{"embeddable":true,"href":"https:\/\/mussicom.com\/noticias\/wp-json\/wp\/v2\/users\/5"}],"replies":[{"embeddable":true,"href":"https:\/\/mussicom.com\/noticias\/wp-json\/wp\/v2\/comments?post=63249"}],"version-history":[{"count":0,"href":"https:\/\/mussicom.com\/noticias\/wp-json\/wp\/v2\/posts\/63249\/revisions"}],"wp:featuredmedia":[{"embeddable":true,"href":"https:\/\/mussicom.com\/noticias\/wp-json\/wp\/v2\/media\/32391"}],"wp:attachment":[{"href":"https:\/\/mussicom.com\/noticias\/wp-json\/wp\/v2\/media?parent=63249"}],"wp:term":[{"taxonomy":"category","embeddable":true,"href":"https:\/\/mussicom.com\/noticias\/wp-json\/wp\/v2\/categories?post=63249"},{"taxonomy":"post_tag","embeddable":true,"href":"https:\/\/mussicom.com\/noticias\/wp-json\/wp\/v2\/tags?post=63249"}],"curies":[{"name":"wp","href":"https:\/\/api.w.org\/{rel}","templated":true}]}}