{"id":63194,"date":"2026-02-15T17:51:18","date_gmt":"2026-02-15T20:51:18","guid":{"rendered":"https:\/\/mussicom.com\/europa-precisa-se-preparar-para-guerra-contra-a-russia\/"},"modified":"2026-02-15T17:51:18","modified_gmt":"2026-02-15T20:51:18","slug":"europa-precisa-se-preparar-para-guerra-contra-a-russia","status":"publish","type":"post","link":"https:\/\/mussicom.com\/noticias\/europa-precisa-se-preparar-para-guerra-contra-a-russia\/","title":{"rendered":"Europa precisa se preparar para guerra contra a R\u00fassia"},"content":{"rendered":"<p> <br \/>\n<\/p>\n<div id=\"tp-post-content\">\n<p class=\"postParagraph_post-paragraph__juWZN postParagraph_post-paragraph-innerHtml__Q5vwc\">Em artigo publicado neste domingo (15) no jornal brit\u00e2nico <em>The Guardian<\/em>, os l\u00edderes militares do Reino Unido e da Alemanha afirmaram que a Europa precisa se preparar para a possibilidade de um conflito contra a R\u00fassia e defenderam um rearmamento amplo do continente como medida de preserva\u00e7\u00e3o da paz.<\/p>\n<p class=\"postParagraph_post-paragraph__juWZN postParagraph_post-paragraph-innerHtml__Q5vwc\">No texto, o marechal do ar Sir Richard Knighton, chefe do Estado-Maior de Defesa do Reino Unido, e o general Carsten Breuer, chefe da Defesa da Alemanha, escreveram que a seguran\u00e7a europeia \u00e9 hoje \u201cmais incerta do que em d\u00e9cadas\u201d e alertaram que Moscou mudou \u201cdecisivamente\u201d sua postura militar para o lado ocidental.<\/p>\n<p class=\"postParagraph_post-paragraph__juWZN postParagraph_post-paragraph-innerHtml__Q5vwc\">Segundo os dois comandantes, a R\u00fassia est\u00e1 se rearmando e aprendendo com a invas\u00e3o \u00e0 Ucr\u00e2nia, reorganizando suas for\u00e7as \u201cde maneiras que podem aumentar o risco de conflito com pa\u00edses da Otan (Organiza\u00e7\u00e3o do Tratado do Atl\u00e2ntico Norte)\u201d. Eles afirmam que essa \u00e9 \u201cuma realidade para a qual precisamos nos preparar\u201d e defendem que n\u00e3o h\u00e1 espa\u00e7o para \u201ccomplac\u00eancia\u201d.<\/p>\n<p class=\"postParagraph_post-paragraph__juWZN postParagraph_post-paragraph-innerHtml__Q5vwc\">Ainda no texto, os chefes militares defendem o rearmamento europeu como uma necessidade diante do atual cen\u00e1rio de seguran\u00e7a. \u201cRearmamento n\u00e3o \u00e9 incita\u00e7\u00e3o \u00e0 guerra; \u00e9 a a\u00e7\u00e3o respons\u00e1vel de na\u00e7\u00f5es determinadas a proteger seus cidad\u00e3os e preservar a paz\u201d, escreveram. Eles acrescentam que \u201cfor\u00e7a dissuade agress\u00e3o; fraqueza a convida\u201d.<\/p>\n<p class=\"postParagraph_post-paragraph__juWZN postParagraph_post-paragraph-innerHtml__Q5vwc\">O artigo lembra que os l\u00edderes da Otan se comprometeram, na c\u00fapula da alian\u00e7a realizada no ano passado em Haia, a destinar 5% do Produto Interno Bruto (PIB) \u00e0 defesa e seguran\u00e7a at\u00e9 2035. Para os autores, essa meta reflete a nova realidade estrat\u00e9gica do continente e exige \u201cescolhas dif\u00edceis\u201d nos or\u00e7amentos p\u00fablicos.<\/p>\n<p class=\"postParagraph_post-paragraph__juWZN postParagraph_post-paragraph-innerHtml__Q5vwc\">Os comandantes tamb\u00e9m argumentam que a ind\u00fastria de defesa europeia precisa estar preparada para produ\u00e7\u00e3o sustentada de muni\u00e7\u00f5es, sistemas e plataformas militares, afirmando que a guerra na Ucr\u00e2nia demonstrou que bases industriais robustas s\u00e3o decisivas em conflitos prolongados.<\/p>\n<p class=\"postParagraph_post-paragraph__juWZN postParagraph_post-paragraph-innerHtml__Q5vwc\">O texto cita medidas concretas adotadas por Londres e Berlim para um eventual conflito contra Moscou. O Reino Unido, segundo o artigo, est\u00e1 construindo ao menos seis f\u00e1bricas de muni\u00e7\u00e3o para manter capacidade permanente de reposi\u00e7\u00e3o de estoques. A Alemanha, por sua vez, decidiu estacionar permanentemente uma brigada de combate no flanco leste e alterou sua Constitui\u00e7\u00e3o para permitir financiamento praticamente irrestrito \u00e0 defesa.<\/p>\n<p class=\"postParagraph_post-paragraph__juWZN postParagraph_post-paragraph-innerHtml__Q5vwc\">Al\u00e9m disso, conforme destacado no artigo, a iniciativa Seguran\u00e7a para a Europa (Safe), da Uni\u00e3o Europeia, prev\u00ea injetar 150 bilh\u00f5es de euros para fortalecer a base industrial de defesa do bloco.<\/p>\n<p class=\"postParagraph_post-paragraph__juWZN postParagraph_post-paragraph-innerHtml__Q5vwc\">Os autores defendem no texto uma abordagem de defesa da Europa que envolva toda a sociedade, incluindo infraestrutura resiliente, pesquisa tecnol\u00f3gica e institui\u00e7\u00f5es preparadas para operar sob amea\u00e7as crescentes.<\/p>\n<p class=\"postParagraph_post-paragraph__juWZN postParagraph_post-paragraph-innerHtml__Q5vwc\">\u201cA complexidade das amea\u00e7as exige uma conversa honesta com o p\u00fablico\u201d, afirmam.<\/p>\n<p class=\"postParagraph_post-paragraph__juWZN postParagraph_post-paragraph-innerHtml__Q5vwc\">Ao concluir, os chefes militares refor\u00e7am que a unidade europeia \u00e9 central para a dissuas\u00e3o. Segundo eles, a hist\u00f3ria demonstra que a dissuas\u00e3o falha quando advers\u00e1rios percebem \u201cdesuni\u00e3o e fraqueza\u201d &#8211; cen\u00e1rio que, na avalia\u00e7\u00e3o dos autores, n\u00e3o pode ser permitido diante da atual postura da R\u00fassia.<\/p>\n<\/div>\n<p><br \/>\n<br \/>Fonte: <a href=\"https:\/\/www.gazetadopovo.com.br\/mundo\/europa-precisa-se-preparar-para-guerra-contra-a-russia-dizem-chefes-militares\/\">Revista Oeste<\/a><\/p>\n","protected":false},"excerpt":{"rendered":"<p>Em artigo publicado neste domingo (15) no jornal brit\u00e2nico The Guardian, os l\u00edderes militares do Reino Unido e da Alemanha afirmaram que a Europa precisa se preparar para a possibilidade de um conflito contra a R\u00fassia e defenderam um rearmamento amplo do continente como medida de preserva\u00e7\u00e3o da paz. No texto, o marechal do ar [&hellip;]<\/p>\n","protected":false},"author":5,"featured_media":61658,"comment_status":"open","ping_status":"open","sticky":false,"template":"","format":"standard","meta":{"_seopress_robots_primary_cat":"","_seopress_titles_title":"","_seopress_titles_desc":"","_seopress_robots_index":"","footnotes":""},"categories":[48],"tags":[],"class_list":["post-63194","post","type-post","status-publish","format-standard","has-post-thumbnail","hentry","category-internacional"],"_links":{"self":[{"href":"https:\/\/mussicom.com\/noticias\/wp-json\/wp\/v2\/posts\/63194","targetHints":{"allow":["GET"]}}],"collection":[{"href":"https:\/\/mussicom.com\/noticias\/wp-json\/wp\/v2\/posts"}],"about":[{"href":"https:\/\/mussicom.com\/noticias\/wp-json\/wp\/v2\/types\/post"}],"author":[{"embeddable":true,"href":"https:\/\/mussicom.com\/noticias\/wp-json\/wp\/v2\/users\/5"}],"replies":[{"embeddable":true,"href":"https:\/\/mussicom.com\/noticias\/wp-json\/wp\/v2\/comments?post=63194"}],"version-history":[{"count":0,"href":"https:\/\/mussicom.com\/noticias\/wp-json\/wp\/v2\/posts\/63194\/revisions"}],"wp:featuredmedia":[{"embeddable":true,"href":"https:\/\/mussicom.com\/noticias\/wp-json\/wp\/v2\/media\/61658"}],"wp:attachment":[{"href":"https:\/\/mussicom.com\/noticias\/wp-json\/wp\/v2\/media?parent=63194"}],"wp:term":[{"taxonomy":"category","embeddable":true,"href":"https:\/\/mussicom.com\/noticias\/wp-json\/wp\/v2\/categories?post=63194"},{"taxonomy":"post_tag","embeddable":true,"href":"https:\/\/mussicom.com\/noticias\/wp-json\/wp\/v2\/tags?post=63194"}],"curies":[{"name":"wp","href":"https:\/\/api.w.org\/{rel}","templated":true}]}}