{"id":63140,"date":"2026-02-15T05:44:15","date_gmt":"2026-02-15T08:44:15","guid":{"rendered":"https:\/\/mussicom.com\/sul-em-alerta-para-chuvas-extremas-neste-fim-de-semana\/"},"modified":"2026-02-15T05:44:15","modified_gmt":"2026-02-15T08:44:15","slug":"sul-em-alerta-para-chuvas-extremas-neste-fim-de-semana","status":"publish","type":"post","link":"https:\/\/mussicom.com\/noticias\/sul-em-alerta-para-chuvas-extremas-neste-fim-de-semana\/","title":{"rendered":"Sul em alerta para chuvas extremas neste fim de semana"},"content":{"rendered":"<p> <br \/>\n<\/p>\n<div>\n<p style=\"text-align:justify\">A Regi\u00e3o Sul entrou em alerta para volumes elevados de chuva neste fim de semana, com maior risco de transtornos no s\u00e1bado (14), sobretudo na faixa leste entre Rio Grande do Sul e Santa Catarina. Segundo informa\u00e7\u00f5es do Meteored, a atua\u00e7\u00e3o de uma frente fria a partir desta quinta-feira (12) coloca o centro-sul do Brasil sob risco de uma sequ\u00eancia de dias com tempestades e precipita\u00e7\u00f5es volumosas, ainda que irregulares.&#13;\n<\/p>\n<p style=\"text-align:justify\">H\u00e1 indica\u00e7\u00e3o de acumulados que podem superar 100 mil\u00edmetros em 24 horas na \u00e1rea de divisa entre os dois estados no s\u00e1bado, com proje\u00e7\u00f5es de volumes pr\u00f3ximos de 200 mil\u00edmetros at\u00e9 a ter\u00e7a-feira (16). A sexta-feira (13) tamb\u00e9m deve registrar chuvas intensas em Santa Catarina e Paran\u00e1. O alerta se estende para esta quinta-feira (12), sexta (13) e s\u00e1bado (14), com sinaliza\u00e7\u00e3o de volumes incomuns a extremos nos tr\u00eas estados do Sul, conforme o \u00cdndice de Previs\u00e3o Extrema do modelo ECMWF, utilizado pelo Meteored.<\/p>\n<p style=\"text-align:justify\">O EFI compara a previs\u00e3o di\u00e1ria com a climatologia da regi\u00e3o e indica quando os volumes esperados se afastam do padr\u00e3o. De acordo com o Meteored, os alertas para a faixa leste no s\u00e1bado foram mantidos e refor\u00e7ados nos \u00faltimos dias, o que eleva o grau de confian\u00e7a do cen\u00e1rio projetado. Entre os fatores que contribuem para o aumento da chuva est\u00e3o a eleva\u00e7\u00e3o da temperatura da superf\u00edcie do mar na costa Sul\/Sudeste, com valores em torno de 2 \u00b0C acima da m\u00e9dia, o que favorece maior disponibilidade de umidade na atmosfera, al\u00e9m da canaliza\u00e7\u00e3o de umidade a partir da regi\u00e3o tropical na forma de um rio atmosf\u00e9rico.&#13;\n<\/p>\n<p style=\"text-align:justify\">Para a sexta-feira (13), s\u00e3o esperadas tempestades ao longo do dia nos tr\u00eas estados do Sul, com in\u00edcio pela manh\u00e3 no sul do Rio Grande do Sul e na fronteira oeste, ganhando intensidade \u00e0 tarde e se espalhando por Santa Catarina e Paran\u00e1. No centro-oeste paranaense, os acumulados podem alcan\u00e7ar 60 mil\u00edmetros. No s\u00e1bado (14), o risco de tempestades persiste, com possibilidade de chuva ao longo de grande parte do dia na faixa leste, onde os volumes podem se aproximar de 150 mil\u00edmetros.<\/p>\n<p style=\"text-align:justify\">A previs\u00e3o indica ainda manuten\u00e7\u00e3o das chuvas entre domingo (15) e, pelo menos, ter\u00e7a-feira (17), com acumulados em torno de 190 mil\u00edmetros no litoral norte do Rio Grande do Sul e volumes acima de 100 mil\u00edmetros em \u00e1reas entre o norte ga\u00facho, Santa Catarina e sudoeste do Paran\u00e1. O Meteored destaca que eventos extremos representam desafio para a modelagem e que as previs\u00f5es s\u00e3o atualizadas com frequ\u00eancia, recomendando o acompanhamento cont\u00ednuo da evolu\u00e7\u00e3o do cen\u00e1rio.&#13;\n<\/p>\n<\/p><\/div>\n<p><script data-cfasync=\"false\">\n    !function (f, b, e, v, n, t, s) {\n        if (f.fbq) return; n = f.fbq = function () {\n            n.callMethod ?\n                n.callMethod.apply(n, arguments) : n.queue.push(arguments)\n        };\n        if (!f._fbq) f._fbq = n; n.push = n; n.loaded = !0; n.version = '2.0';\n        n.queue = []; t = b.createElement(e); t.async = !0;\n        t.src = v; s = b.getElementsByTagName(e)[0];\n        s.parentNode.insertBefore(t, s)\n    }(window, document, 'script',\n        'https:\/\/connect.facebook.net\/en_US\/fbevents.js');\n    fbq('init', '522546078623747');\n    fbq('track', 'PageView');\n<\/script><br \/>\n<br \/><br \/>\n<br \/>Fonte: <a href=\"https:\/\/www.agrolink.com.br\/noticias\/rs-e-sc-estao-sob-alerta-de-evento-extremo-de-chuva-entre-esta-sexta-feira-e-o-domingo--veja-a-previsao_510955.html\">AGROLINK<\/a><\/p>\n","protected":false},"excerpt":{"rendered":"<p>A Regi\u00e3o Sul entrou em alerta para volumes elevados de chuva neste fim de semana, com maior risco de transtornos no s\u00e1bado (14), sobretudo na faixa leste entre Rio Grande do Sul e Santa Catarina. Segundo informa\u00e7\u00f5es do Meteored, a atua\u00e7\u00e3o de uma frente fria a partir desta quinta-feira (12) coloca o centro-sul do Brasil [&hellip;]<\/p>\n","protected":false},"author":5,"featured_media":63141,"comment_status":"open","ping_status":"open","sticky":false,"template":"","format":"standard","meta":{"_seopress_robots_primary_cat":"","_seopress_titles_title":"","_seopress_titles_desc":"","_seopress_robots_index":"","footnotes":""},"categories":[53],"tags":[],"class_list":["post-63140","post","type-post","status-publish","format-standard","has-post-thumbnail","hentry","category-agronegocio"],"_links":{"self":[{"href":"https:\/\/mussicom.com\/noticias\/wp-json\/wp\/v2\/posts\/63140","targetHints":{"allow":["GET"]}}],"collection":[{"href":"https:\/\/mussicom.com\/noticias\/wp-json\/wp\/v2\/posts"}],"about":[{"href":"https:\/\/mussicom.com\/noticias\/wp-json\/wp\/v2\/types\/post"}],"author":[{"embeddable":true,"href":"https:\/\/mussicom.com\/noticias\/wp-json\/wp\/v2\/users\/5"}],"replies":[{"embeddable":true,"href":"https:\/\/mussicom.com\/noticias\/wp-json\/wp\/v2\/comments?post=63140"}],"version-history":[{"count":0,"href":"https:\/\/mussicom.com\/noticias\/wp-json\/wp\/v2\/posts\/63140\/revisions"}],"wp:featuredmedia":[{"embeddable":true,"href":"https:\/\/mussicom.com\/noticias\/wp-json\/wp\/v2\/media\/63141"}],"wp:attachment":[{"href":"https:\/\/mussicom.com\/noticias\/wp-json\/wp\/v2\/media?parent=63140"}],"wp:term":[{"taxonomy":"category","embeddable":true,"href":"https:\/\/mussicom.com\/noticias\/wp-json\/wp\/v2\/categories?post=63140"},{"taxonomy":"post_tag","embeddable":true,"href":"https:\/\/mussicom.com\/noticias\/wp-json\/wp\/v2\/tags?post=63140"}],"curies":[{"name":"wp","href":"https:\/\/api.w.org\/{rel}","templated":true}]}}