{"id":63124,"date":"2026-02-14T22:37:20","date_gmt":"2026-02-15T01:37:20","guid":{"rendered":"https:\/\/mussicom.com\/acre-sanciona-lei-de-incentivos-a-industria-do-cafe\/"},"modified":"2026-02-14T22:37:20","modified_gmt":"2026-02-15T01:37:20","slug":"acre-sanciona-lei-de-incentivos-a-industria-do-cafe","status":"publish","type":"post","link":"https:\/\/mussicom.com\/noticias\/acre-sanciona-lei-de-incentivos-a-industria-do-cafe\/","title":{"rendered":"Acre sanciona lei de incentivos \u00e0 ind\u00fastria do caf\u00e9"},"content":{"rendered":"<p> <br \/>\n<\/p>\n<div>\n<div class=\"row\">\n<div class=\"col-lg col-infos mt-0 mt-lg-0\">\n<div class=\"section-sub-title\">\n<p itemprop=\"description\">&#13;<br \/>\n                                Governo do Acre cria programa de incentivo \u00e0 ind\u00fastria local de caf\u00e9&#13;\n                            <\/p>\n<\/p><\/div>\n<div class=\"container\">\n<div class=\"row\">\n<div class=\"col-lg p-0\">\n<div>\n<div class=\"block-news-main-infos mt-3 text-start\">\n<p>                                            <strong class=\"fn\" itemprop=\"author\" style=\"color: rgb(112, 112, 112); \">&#13;<br \/>\n                                                Agrolink&#13;<br \/>\n&#13;<br \/>\n                                                    &#8211; Seane Lennon&#13;<br \/>\n&#13;<br \/>\n                                            <\/strong><br \/>\n                                        <\/p>\n<p>                                            <abbr><time datetime=\"2026 - 02 - 13T15:12\" itemprop=\"datePublished dateModified\"> Publicado em 13\/02\/2026 \u00e0s 15:12h.<\/time><\/abbr>\n                                    <\/div>\n<\/p><\/div>\n<\/p><\/div>\n<div class=\"col-lg p-0 text-lg-end\">\n<div>\n<div id=\"mdEnviarPagina\" class=\"modal fade\" role=\"dialog\">\n<div class=\"modal-dialog\">\n<div class=\"modal-content\">\n<div class=\"modal-body\">\n<p><strong>Estimado usu\u00e1rio.<\/strong><br \/>Preencha o formul\u00e1rio abaixo para remeter a p\u00e1gina.<\/p>\n<\/p><\/div>\n<\/p><\/div>\n<\/p><\/div>\n<\/div><\/div>\n<\/p><\/div>\n<\/p><\/div>\n<\/p><\/div>\n<\/p><\/div>\n<\/p><\/div>\n<div class=\"row justify-content-md-center mt-3\">\n<div class=\"col-lg-auto col-image block-news-main-image\">\n<p>                                <br \/>\n                                                <span class=\"publicity-photo d-block mt-1\">Foto: Pixabay<\/span><\/p><\/div>\n<\/p><\/div>\n<div class=\"section-description section-description-noticias mt-3\">\n<p style=\"text-align:justify\">O governo do Acre sancionou nesta quinta-feira (12) a Lei n\u00ba 4.776, que altera a Lei n\u00ba 3.889\/2021 para incluir o Programa de Compras Governamentais de Incentivo \u00e0 Ind\u00fastria do Caf\u00e9. A iniciativa integra a pol\u00edtica de desenvolvimento econ\u00f4mico do estado e tem como foco o fortalecimento da cadeia produtiva do caf\u00e9, a gera\u00e7\u00e3o de emprego e renda e a valoriza\u00e7\u00e3o da produ\u00e7\u00e3o local.&#13;\n<\/p>\n<p style=\"text-align:justify\">De acordo com a Ag\u00eancia de Not\u00edcias do Acre, a medida busca ampliar o apoio governamental \u00e0s ind\u00fastrias cafeeiras instaladas no territ\u00f3rio acreano, com prioridade para a aquisi\u00e7\u00e3o direta de caf\u00e9 industrializado por empresas locais. O objetivo \u00e9 ampliar a demanda institucional pelo produto processado no estado e estimular investimentos no setor.<\/p>\n<p style=\"text-align:justify\">O programa prev\u00ea execu\u00e7\u00e3o por meio de compras diretas e indiretas, com regras de credenciamento, habilita\u00e7\u00e3o, recebimento e avalia\u00e7\u00e3o t\u00e9cnica das ind\u00fastrias participantes a serem definidas em edital. A operacionaliza\u00e7\u00e3o ficar\u00e1 a cargo dos \u00f3rg\u00e3os respons\u00e1veis pela pol\u00edtica de compras p\u00fablicas no \u00e2mbito estadual.&#13;\n<\/p>\n<p style=\"text-align:justify\">A secret\u00e1ria de Estado de Agricultura, Temyllis Silva, afirmou que a medida refor\u00e7a o alinhamento do governo com produtores e com a ind\u00fastria regional. \u201cNo fim de janeiro, estivemos reunidos com cooperativas, produtores e empres\u00e1rios do setor, ocasi\u00e3o em que o governador Gladson Camel\u00ed e a vice-governadora Mailza Assis assumiram o compromisso de garantir que a compra governamental priorizasse o caf\u00e9 acreano\u201d, disse.<\/p>\n<p style=\"text-align:justify\">Segundo a gestora, a pol\u00edtica tem como objetivo manter recursos no estado e integrar as etapas da cadeia produtiva. \u201cO governo vem trabalhando para que o ciclo da produ\u00e7\u00e3o de caf\u00e9 seja completo no Acre, gerando desenvolvimento real para a nossa gente\u201d, afirmou.&#13;\n<\/p>\n<\/p><\/div>\n<\/p><\/div>\n<p><script data-cfasync=\"false\">\n    !function (f, b, e, v, n, t, s) {\n        if (f.fbq) return; n = f.fbq = function () {\n            n.callMethod ?\n                n.callMethod.apply(n, arguments) : n.queue.push(arguments)\n        };\n        if (!f._fbq) f._fbq = n; n.push = n; n.loaded = !0; n.version = '2.0';\n        n.queue = []; t = b.createElement(e); t.async = !0;\n        t.src = v; s = b.getElementsByTagName(e)[0];\n        s.parentNode.insertBefore(t, s)\n    }(window, document, 'script',\n        'https:\/\/connect.facebook.net\/en_US\/fbevents.js');\n    fbq('init', '522546078623747');\n    fbq('track', 'PageView');\n<\/script><br \/>\n<br \/><br \/>\n<br \/>Fonte: <a href=\"https:\/\/www.agrolink.com.br\/noticias\/governo-do-acre-sanciona-lei-que-cria-programa-de-compras-para-fortalecer-industria-do-cafe_510967.html\">AGROLINK<\/a><\/p>\n","protected":false},"excerpt":{"rendered":"<p>&#13; Governo do Acre cria programa de incentivo \u00e0 ind\u00fastria local de caf\u00e9&#13; &#13; Agrolink&#13; &#13; &#8211; Seane Lennon&#13; &#13; Publicado em 13\/02\/2026 \u00e0s 15:12h. Estimado usu\u00e1rio.Preencha o formul\u00e1rio abaixo para remeter a p\u00e1gina. Foto: Pixabay O governo do Acre sancionou nesta quinta-feira (12) a Lei n\u00ba 4.776, que altera a Lei n\u00ba 3.889\/2021 para [&hellip;]<\/p>\n","protected":false},"author":5,"featured_media":45512,"comment_status":"open","ping_status":"open","sticky":false,"template":"","format":"standard","meta":{"_seopress_robots_primary_cat":"","_seopress_titles_title":"","_seopress_titles_desc":"","_seopress_robots_index":"","footnotes":""},"categories":[53],"tags":[],"class_list":["post-63124","post","type-post","status-publish","format-standard","has-post-thumbnail","hentry","category-agronegocio"],"_links":{"self":[{"href":"https:\/\/mussicom.com\/noticias\/wp-json\/wp\/v2\/posts\/63124","targetHints":{"allow":["GET"]}}],"collection":[{"href":"https:\/\/mussicom.com\/noticias\/wp-json\/wp\/v2\/posts"}],"about":[{"href":"https:\/\/mussicom.com\/noticias\/wp-json\/wp\/v2\/types\/post"}],"author":[{"embeddable":true,"href":"https:\/\/mussicom.com\/noticias\/wp-json\/wp\/v2\/users\/5"}],"replies":[{"embeddable":true,"href":"https:\/\/mussicom.com\/noticias\/wp-json\/wp\/v2\/comments?post=63124"}],"version-history":[{"count":0,"href":"https:\/\/mussicom.com\/noticias\/wp-json\/wp\/v2\/posts\/63124\/revisions"}],"wp:featuredmedia":[{"embeddable":true,"href":"https:\/\/mussicom.com\/noticias\/wp-json\/wp\/v2\/media\/45512"}],"wp:attachment":[{"href":"https:\/\/mussicom.com\/noticias\/wp-json\/wp\/v2\/media?parent=63124"}],"wp:term":[{"taxonomy":"category","embeddable":true,"href":"https:\/\/mussicom.com\/noticias\/wp-json\/wp\/v2\/categories?post=63124"},{"taxonomy":"post_tag","embeddable":true,"href":"https:\/\/mussicom.com\/noticias\/wp-json\/wp\/v2\/tags?post=63124"}],"curies":[{"name":"wp","href":"https:\/\/api.w.org\/{rel}","templated":true}]}}