{"id":63118,"date":"2026-02-14T21:31:20","date_gmt":"2026-02-15T00:31:20","guid":{"rendered":"https:\/\/mussicom.com\/eduardo-defende-candidatura-de-flavio-e-critica-lula-e-o-stf\/"},"modified":"2026-02-14T21:31:20","modified_gmt":"2026-02-15T00:31:20","slug":"eduardo-defende-candidatura-de-flavio-e-critica-lula-e-o-stf","status":"publish","type":"post","link":"https:\/\/mussicom.com\/noticias\/eduardo-defende-candidatura-de-flavio-e-critica-lula-e-o-stf\/","title":{"rendered":"Eduardo defende candidatura de Fl\u00e1vio e critica Lula e o STF"},"content":{"rendered":"<p> <br \/>\n<\/p>\n<div id=\"tp-post-content\">\n<p class=\"postParagraph_post-paragraph__juWZN postParagraph_post-paragraph-innerHtml__Q5vwc\">O ex-deputado federal Eduardo Bolsonaro (PL-SP) concedeu entrevista \u00e0 emissora americana <em>Fox News<\/em>, publicada neste s\u00e1bado (14), na qual defendeu a pr\u00e9-candidatura do senador Fl\u00e1vio Bolsonaro (PL-RJ) \u00e0 Presid\u00eancia da Rep\u00fablica nas elei\u00e7\u00f5es deste ano, afirmou que o objetivo \u00e9 derrotar o presidente Luiz In\u00e1cio Lula da Silva e criticou as decis\u00f5es do Supremo Tribunal Federal (STF), especialmente no caso que resultou na condena\u00e7\u00e3o do ex-presidente Jair Bolsonaro.<\/p>\n<p class=\"postParagraph_post-paragraph__juWZN postParagraph_post-paragraph-innerHtml__Q5vwc\">\u201cMuitas pesquisas mostram meu irm\u00e3o empatado e algumas mostram que ele est\u00e1 um pouco \u00e0 frente\u2026 Fl\u00e1vio acabou de lan\u00e7ar a candidatura\u201d, declarou. Eduardo mencionou na entrevista que a indica\u00e7\u00e3o do irm\u00e3o para disputar a futura elei\u00e7\u00e3o presidencial foi tomada ap\u00f3s o ex-presidente Bolsonaro \u201creconhecer que n\u00e3o poderia disputar o pleito\u201d.<\/p>\n<p class=\"postParagraph_post-paragraph__juWZN postParagraph_post-paragraph-innerHtml__Q5vwc\">\u201cFoi uma grande decis\u00e3o que Jair Bolsonaro tomou, reconhecendo que seria imposs\u00edvel para ele concorrer na elei\u00e7\u00e3o de outubro, com certeza, porque ele est\u00e1 preso agora. Injustamente, mas est\u00e1. Isso \u00e9 um fato.\u201d<\/p>\n<p class=\"postParagraph_post-paragraph__juWZN postParagraph_post-paragraph-innerHtml__Q5vwc\">Na entrevista, Eduardo sustentou que a estrat\u00e9gia da futura campanha de Fl\u00e1vio ser\u00e1 concentrada em economia e seguran\u00e7a p\u00fablica.<\/p>\n<p class=\"postParagraph_post-paragraph__juWZN postParagraph_post-paragraph-innerHtml__Q5vwc\">\u201cA estrat\u00e9gia de Fl\u00e1vio \u00e9 mostrar como o governo Lula \u00e9 ruim, principalmente na economia e tamb\u00e9m na seguran\u00e7a\u201d, disse o ex-deputado. Ele acrescentou que \u201ctodo mundo est\u00e1 farto de Lula apoiar o Hamas, aumentar a criminalidade e n\u00e3o fazer um bom trabalho na economia\u201d.<\/p>\n<p class=\"postParagraph_post-paragraph__juWZN postParagraph_post-paragraph-innerHtml__Q5vwc\">Eduardo minimizou a possibilidade de fragmenta\u00e7\u00e3o da direita favorecer Lula na disputa eleitoral. \u201cN\u00e3o importa quem v\u00e1 para o segundo turno; contra Lula, todos estar\u00e3o juntos. Porque todos sabemos que o pior que pode acontecer ao pa\u00eds \u00e9 a reelei\u00e7\u00e3o de Lula da Silva\u201d, afirmou ele. Eduardo classificou como \u201cmentira\u201d a possibilidade de Lula ganhar no primeiro turno da elei\u00e7\u00e3o caso haja divis\u00e3o de votos entre candidatos da direita. Segundo o ex-deputado, a presen\u00e7a de diversos nomes no campo da direita pode ampliar as cr\u00edticas ao governo Lula.<\/p>\n<p class=\"postParagraph_post-paragraph__juWZN postParagraph_post-paragraph-innerHtml__Q5vwc\">&#8220;\u00c9 muito bom que tenhamos mais candidatos de direita. Por qu\u00ea? Porque todos eles v\u00e3o criticar Lula. Ent\u00e3o, at\u00e9 o Fl\u00e1vio est\u00e1 dizendo publicamente que seria bom apoiar cada vez mais candidatos de direita contra Lula&#8221;, disse.<\/p>\n<p class=\"postParagraph_post-paragraph__juWZN postParagraph_post-paragraph-innerHtml__Q5vwc\">Ao comentar a atual situa\u00e7\u00e3o do ex-presidente Bolsonaro, Eduardo denunciou novamente que a condena\u00e7\u00e3o dele teve motiva\u00e7\u00e3o pol\u00edtica.<\/p>\n<p class=\"postParagraph_post-paragraph__juWZN postParagraph_post-paragraph-innerHtml__Q5vwc\">\u201cSe ele n\u00e3o tivesse sido condenado a 27 anos de pris\u00e3o, estaria livre para concorrer e com certeza seria o pr\u00f3ximo presidente do Brasil. Essa \u00e9 a \u00fanica raz\u00e3o pela qual ele est\u00e1 preso: por raz\u00f5es pol\u00edticas\u201d, declarou. Ele lembrou que Bolsonaro n\u00e3o estava no Brasil durante os atos de 8 de janeiro de 2023. \u201cNo mesmo dia\u2026 Jair Bolsonaro estava em Orlando, na Disney\u201d, disse.<\/p>\n<p class=\"postParagraph_post-paragraph__juWZN postParagraph_post-paragraph-innerHtml__Q5vwc\">O ex-presidente foi condenado pelo STF no ano passado por suposta tentativa de golpe de Estado no \u00e2mbito das investiga\u00e7\u00f5es sobre uma suposta articula\u00e7\u00e3o que teria buscado impedir a posse de Lula ap\u00f3s as elei\u00e7\u00f5es de 2022 e culminado nos atos de 8 de janeiro.<\/p>\n<p class=\"postParagraph_post-paragraph__juWZN postParagraph_post-paragraph-innerHtml__Q5vwc\">Eduardo tamb\u00e9m criticou, na entrevista, o veto do presidente Lula ao chamado PL da Dosimetria, aprovado pelo Congresso, que poderia alterar crit\u00e9rios de fixa\u00e7\u00e3o de penas e beneficiar condenados nos processos relacionados aos atos de 8 de janeiro, entre eles o ex-presidente Bolsonaro. Na mesma fala, Eduardo tamb\u00e9m criticou o STF.<\/p>\n<p class=\"postParagraph_post-paragraph__juWZN postParagraph_post-paragraph-innerHtml__Q5vwc\">\u201cTudo o que o Supremo n\u00e3o gosta, eles dizem que \u00e9 contra a nossa Constitui\u00e7\u00e3o. \u00c9 a maneira que tentam tomar todo o poder sobre o Legislativo e, \u00e0s vezes, at\u00e9 sobre o Executivo. Ent\u00e3o, este \u00e9 mais um cap\u00edtulo dessa longa invas\u00e3o do Judici\u00e1rio\u2026 Lula da Silva vetando esse projeto aprovado pelo Congresso s\u00f3 mostra que ele est\u00e1 sempre falando com a bolha da esquerda, est\u00e1 falando com a esquerda radical\u201d, afirmou.<\/p>\n<p class=\"postParagraph_post-paragraph__juWZN postParagraph_post-paragraph-innerHtml__Q5vwc\">Eduardo tamb\u00e9m disse que, caso Fl\u00e1vio seja eleito, poder\u00e1 conceder perd\u00e3o presidencial ao pai e a outros condenados.<\/p>\n<p class=\"postParagraph_post-paragraph__juWZN postParagraph_post-paragraph-innerHtml__Q5vwc\">\u201cAgora eu s\u00f3 tenho um papel\u2026 eleger Fl\u00e1vio Bolsonaro, e ele dar\u00e1 indulto a Jair. N\u00e3o s\u00f3 a Jair, mas tamb\u00e9m a mim\u201d, disse ele, lembrando que tamb\u00e9m se tornou alvo de processos no Brasil por ter ido aos EUA denunciar as arbitrariedades do Judici\u00e1rio contra membros da direita brasileira.<\/p>\n<p class=\"postParagraph_post-paragraph__juWZN postParagraph_post-paragraph-innerHtml__Q5vwc\">Segundo Eduardo, o ministro do STF Alexandre de Moraes teria responsabilizado seu nome por san\u00e7\u00f5es impostas pelo governo do presidente Donald Trump no ano passado. Moraes, sua esposa e seu instituo foram punidos pelos EUA em 2025, mas as san\u00e7\u00f5es contra eles foram derrubadas meses ap\u00f3s serem emitidas.<\/p>\n<p class=\"postParagraph_post-paragraph__juWZN postParagraph_post-paragraph-innerHtml__Q5vwc\">\u201cO juiz do Supremo, Alexandre de Moraes, que foi sancionado pela administra\u00e7\u00e3o Trump com o apoio de Scott Bessent (secret\u00e1rio do Tesouro) e Marco Rubio (secret\u00e1rio de Estado), me culpa por isso. Mas como ele n\u00e3o tem coragem de processar Trump, Bessent e Rubio, ele est\u00e1 me processando por isso\u201d, declarou.<\/p>\n<\/div>\n<p><br \/>\n<br \/>Fonte: <a href=\"https:\/\/www.gazetadopovo.com.br\/mundo\/a-fox-news-eduardo-bolsonaro-defende-candidatura-de-flavio-e-critica-lula-e-o-stf\/\">Revista Oeste<\/a><\/p>\n","protected":false},"excerpt":{"rendered":"<p>O ex-deputado federal Eduardo Bolsonaro (PL-SP) concedeu entrevista \u00e0 emissora americana Fox News, publicada neste s\u00e1bado (14), na qual defendeu a pr\u00e9-candidatura do senador Fl\u00e1vio Bolsonaro (PL-RJ) \u00e0 Presid\u00eancia da Rep\u00fablica nas elei\u00e7\u00f5es deste ano, afirmou que o objetivo \u00e9 derrotar o presidente Luiz In\u00e1cio Lula da Silva e criticou as decis\u00f5es do Supremo Tribunal [&hellip;]<\/p>\n","protected":false},"author":5,"featured_media":63119,"comment_status":"open","ping_status":"open","sticky":false,"template":"","format":"standard","meta":{"_seopress_robots_primary_cat":"","_seopress_titles_title":"","_seopress_titles_desc":"","_seopress_robots_index":"","footnotes":""},"categories":[48],"tags":[],"class_list":["post-63118","post","type-post","status-publish","format-standard","has-post-thumbnail","hentry","category-internacional"],"_links":{"self":[{"href":"https:\/\/mussicom.com\/noticias\/wp-json\/wp\/v2\/posts\/63118","targetHints":{"allow":["GET"]}}],"collection":[{"href":"https:\/\/mussicom.com\/noticias\/wp-json\/wp\/v2\/posts"}],"about":[{"href":"https:\/\/mussicom.com\/noticias\/wp-json\/wp\/v2\/types\/post"}],"author":[{"embeddable":true,"href":"https:\/\/mussicom.com\/noticias\/wp-json\/wp\/v2\/users\/5"}],"replies":[{"embeddable":true,"href":"https:\/\/mussicom.com\/noticias\/wp-json\/wp\/v2\/comments?post=63118"}],"version-history":[{"count":0,"href":"https:\/\/mussicom.com\/noticias\/wp-json\/wp\/v2\/posts\/63118\/revisions"}],"wp:featuredmedia":[{"embeddable":true,"href":"https:\/\/mussicom.com\/noticias\/wp-json\/wp\/v2\/media\/63119"}],"wp:attachment":[{"href":"https:\/\/mussicom.com\/noticias\/wp-json\/wp\/v2\/media?parent=63118"}],"wp:term":[{"taxonomy":"category","embeddable":true,"href":"https:\/\/mussicom.com\/noticias\/wp-json\/wp\/v2\/categories?post=63118"},{"taxonomy":"post_tag","embeddable":true,"href":"https:\/\/mussicom.com\/noticias\/wp-json\/wp\/v2\/tags?post=63118"}],"curies":[{"name":"wp","href":"https:\/\/api.w.org\/{rel}","templated":true}]}}