{"id":63062,"date":"2026-02-14T12:22:34","date_gmt":"2026-02-14T15:22:34","guid":{"rendered":"https:\/\/mussicom.com\/estudantes-recolhem-30-kg-de-microlixo-nas-praias-de-santos\/"},"modified":"2026-02-14T12:22:34","modified_gmt":"2026-02-14T15:22:34","slug":"estudantes-recolhem-30-kg-de-microlixo-nas-praias-de-santos","status":"publish","type":"post","link":"https:\/\/mussicom.com\/noticias\/estudantes-recolhem-30-kg-de-microlixo-nas-praias-de-santos\/","title":{"rendered":"Estudantes recolhem 30 kg de microlixo nas praias de Santos"},"content":{"rendered":"<p> <br \/>\n<\/p>\n<div>\n<p>\u201cAs pessoas precisam parar de jogar lixo na praia, porque isso polui o ambiente e pode matar os animais\u201d. O alerta \u00e9 do estudante Pedro Henrique da Silva Dias, de 10 anos, do 5\u00ba ano da UME Professor Jo\u00e3o Papa Sobrinho (Gonzaga), durante o Mutir\u00e3o Pr\u00e9-Carnaval \u2013 O Mar N\u00e3o Est\u00e1 Para Lixo, nesta sexta-feira (13), na Praia do Gonzaga, em Santos. A a\u00e7\u00e3o, realizada pelo Instituto Supereco, por meio do projeto Tecendo as \u00c1guas, reuniu cerca de 100 pessoas, entre alunos da rede municipal, volunt\u00e1rios e educadores, com estimativa de 30 quilos de microlixo recolhido, com destaque para centenas de bitucas de cigarro. O objetivo \u00e9 promover a limpeza da orla e a conscientiza\u00e7\u00e3o ambiental em um per\u00edodo de aumento do fluxo de visitantes, \u00e0s v\u00e9speras do Carnaval. A iniciativa contou ainda com o apoio do Instituto Nova Mar\u00e9 e parceria da Petrobras.<\/p>\n<p><img alt=\"\" fetchpriority=\"high\" decoding=\"async\" class=\"alignnone size-large wp-image-261718\" src=\"https:\/\/jornaldaorla.com.br\/wp-content\/uploads\/2026\/02\/RESIDUOS-\u00b4PRAIAS-RAIMUNDO-ROSA_2562-1-1024x683.jpg\" alt=\"\" width=\"1024\" height=\"683\" srcset=\"https:\/\/jornaldaorla.com.br\/wp-content\/uploads\/2026\/02\/RESIDUOS-\u00b4PRAIAS-RAIMUNDO-ROSA_2562-1-1024x683.jpg 1024w, https:\/\/jornaldaorla.com.br\/wp-content\/uploads\/2026\/02\/RESIDUOS-\u00b4PRAIAS-RAIMUNDO-ROSA_2562-1-300x200.jpg 300w, https:\/\/jornaldaorla.com.br\/wp-content\/uploads\/2026\/02\/RESIDUOS-\u00b4PRAIAS-RAIMUNDO-ROSA_2562-1-768x512.jpg 768w, https:\/\/jornaldaorla.com.br\/wp-content\/uploads\/2026\/02\/RESIDUOS-\u00b4PRAIAS-RAIMUNDO-ROSA_2562-1-1536x1024.jpg 1536w, https:\/\/jornaldaorla.com.br\/wp-content\/uploads\/2026\/02\/RESIDUOS-\u00b4PRAIAS-RAIMUNDO-ROSA_2562-1-2048x1366.jpg 2048w\" sizes=\"(max-width: 1024px) 100vw, 1024px\" data-eio=\"l\"\/><\/p>\n<p><strong>GRAVIMETRIA<\/strong><\/p>\n<p>Alunos e volunt\u00e1rios percorreram trechos demarcados da praia para a coleta de res\u00edduos s\u00f3lidos. Ap\u00f3s essa etapa, os materiais recolhidos foram levados para a atividade de gravimetria, considerada uma das fases centrais e mais educativas do mutir\u00e3o. Consiste na separa\u00e7\u00e3o, classifica\u00e7\u00e3o e quantifica\u00e7\u00e3o dos res\u00edduos coletados, como pl\u00e1sticos, pap\u00e9is, latinhas, lacres, tampinhas e micropl\u00e1sticos. A metodologia permite identificar os tipos de lixo mais frequentes e ajuda a compreender a origem desses materiais.<\/p>\n<p>Durante a triagem, os participantes separaram os res\u00edduos sobre lonas, destacando os itens mais encontrados. As bitucas de cigarro apareceram como o principal res\u00edduo recolhido, seguidos por micropl\u00e1sticos, tampinhas, lacres de latinha, pl\u00e1stico duro, hastes de cotonete e de pirulito, al\u00e9m de pequenos fragmentos de vidro.<\/p>\n<p>O inspetor de alunos da UME Jo\u00e3o Papa Sobrinho, Renato Rodrigues, ressaltou que a a\u00e7\u00e3o vai al\u00e9m da limpeza da areia. \u201cOs alunos entram em contato com a ci\u00eancia na pr\u00e1tica, analisam os res\u00edduos e refletem sobre como esse lixo chegou at\u00e9 a praia. Isso fortalece a cidadania e a consci\u00eancia ambiental desde cedo\u201d.<\/p>\n<p><strong>EDUCA\u00c7\u00c3O<\/strong><\/p>\n<p>A presidente do Instituto Supereco, Andree Ridder Vieira, destacou o car\u00e1ter educativo da mobiliza\u00e7\u00e3o. \u201cNo pr\u00e9-Carnaval, queremos sensibilizar moradores e turistas. As crian\u00e7as participam da coleta, da an\u00e1lise dos res\u00edduos e se tornam multiplicadoras dessa mensagem de cuidado com o oceano\u201d.<\/p>\n<p>Os organizadores alertam que o microlixo, por ser pequeno e menos vis\u00edvel, permanece na areia e representa riscos \u00e0 vida marinha e \u00e0 sa\u00fade humana.<\/p>\n<\/div>\n<p><br \/>\n<br \/>Fonte: <a href=\"https:\/\/jornaldaorla.com.br\/noticias\/estudantes-recolhem-30-kg-de-microlixo-nas-praias-de-santos\/\">Jornal Da Orla<\/a><\/p>\n","protected":false},"excerpt":{"rendered":"<p>\u201cAs pessoas precisam parar de jogar lixo na praia, porque isso polui o ambiente e pode matar os animais\u201d. O alerta \u00e9 do estudante Pedro Henrique da Silva Dias, de 10 anos, do 5\u00ba ano da UME Professor Jo\u00e3o Papa Sobrinho (Gonzaga), durante o Mutir\u00e3o Pr\u00e9-Carnaval \u2013 O Mar N\u00e3o Est\u00e1 Para Lixo, nesta sexta-feira [&hellip;]<\/p>\n","protected":false},"author":5,"featured_media":63063,"comment_status":"open","ping_status":"open","sticky":false,"template":"","format":"standard","meta":{"_seopress_robots_primary_cat":"","_seopress_titles_title":"","_seopress_titles_desc":"","_seopress_robots_index":"","footnotes":""},"categories":[52],"tags":[],"class_list":["post-63062","post","type-post","status-publish","format-standard","has-post-thumbnail","hentry","category-santoseregiao"],"_links":{"self":[{"href":"https:\/\/mussicom.com\/noticias\/wp-json\/wp\/v2\/posts\/63062","targetHints":{"allow":["GET"]}}],"collection":[{"href":"https:\/\/mussicom.com\/noticias\/wp-json\/wp\/v2\/posts"}],"about":[{"href":"https:\/\/mussicom.com\/noticias\/wp-json\/wp\/v2\/types\/post"}],"author":[{"embeddable":true,"href":"https:\/\/mussicom.com\/noticias\/wp-json\/wp\/v2\/users\/5"}],"replies":[{"embeddable":true,"href":"https:\/\/mussicom.com\/noticias\/wp-json\/wp\/v2\/comments?post=63062"}],"version-history":[{"count":0,"href":"https:\/\/mussicom.com\/noticias\/wp-json\/wp\/v2\/posts\/63062\/revisions"}],"wp:featuredmedia":[{"embeddable":true,"href":"https:\/\/mussicom.com\/noticias\/wp-json\/wp\/v2\/media\/63063"}],"wp:attachment":[{"href":"https:\/\/mussicom.com\/noticias\/wp-json\/wp\/v2\/media?parent=63062"}],"wp:term":[{"taxonomy":"category","embeddable":true,"href":"https:\/\/mussicom.com\/noticias\/wp-json\/wp\/v2\/categories?post=63062"},{"taxonomy":"post_tag","embeddable":true,"href":"https:\/\/mussicom.com\/noticias\/wp-json\/wp\/v2\/tags?post=63062"}],"curies":[{"name":"wp","href":"https:\/\/api.w.org\/{rel}","templated":true}]}}