{"id":63060,"date":"2026-02-14T12:14:24","date_gmt":"2026-02-14T15:14:24","guid":{"rendered":"https:\/\/mussicom.com\/lula-alia-festa-e-politica-pelo-carnaval-de-recife-salvador-e-rio\/"},"modified":"2026-02-14T12:14:24","modified_gmt":"2026-02-14T15:14:24","slug":"lula-alia-festa-e-politica-pelo-carnaval-de-recife-salvador-e-rio","status":"publish","type":"post","link":"https:\/\/mussicom.com\/noticias\/lula-alia-festa-e-politica-pelo-carnaval-de-recife-salvador-e-rio\/","title":{"rendered":"Lula alia festa e pol\u00edtica pelo Carnaval de Recife, Salvador e Rio"},"content":{"rendered":"<p> <br \/>\n<\/p>\n<div id=\"tp-post-content\">\n<p class=\"postParagraph_post-paragraph__juWZN postParagraph_post-paragraph-innerHtml__Q5vwc\">O carnaval do presidente Luiz In\u00e1cio Lula da Silva promete ser um dos mais animados do Brasil. Lula inicia neste s\u00e1bado (14) uma jornada pelas tr\u00eas cidades em que o feriado \u00e9 o mais concorrido no pa\u00eds. A turn\u00ea festiva e pol\u00edtica come\u00e7a pelo Recife, depois passa por Salvador e vai terminar no Rio de Janeiro.<\/p>\n<p class=\"postParagraph_post-paragraph__juWZN postParagraph_post-paragraph-innerHtml__Q5vwc\">A passagem do petista pelos principais p\u00f3los carnavalescos faz parte da estrat\u00e9gia de campanha \u00e0 reelei\u00e7\u00e3o presidencial. Lula alinhavou encontros com lideran\u00e7as pol\u00edticas nas tr\u00eas capitais e tamb\u00e9m vai comparecer \u00e0 desfiles e outros eventos p\u00fablicos.\u00a0<\/p>\n<p class=\"postParagraph_post-paragraph__juWZN postParagraph_post-paragraph-innerHtml__Q5vwc\">No Recife, o presidente acompanha o Galo da Madrugada, um dos mais tradicionais e maiores blocos de rua do mundo. Lula estar\u00e1 no camarote oficial do prefeito Jo\u00e3o Campos (PSB).\u00a0<\/p>\n<p class=\"postParagraph_post-paragraph__juWZN postParagraph_post-paragraph-innerHtml__Q5vwc\">Natural de Pernambuco, o presidente quer aproveitar o Carnaval para refor\u00e7ar sua liga\u00e7\u00e3o hist\u00f3rica com o Nordeste, regi\u00e3o onde tradicionalmente mant\u00e9m seus maiores \u00edndices de aprova\u00e7\u00e3o eleitoral.<\/p>\n<p class=\"postParagraph_post-paragraph__juWZN postParagraph_post-paragraph-innerHtml__Q5vwc\">Ainda neste s\u00e1bado, Lula segue para Salvador. Na capital baiana, ele participa da programa\u00e7\u00e3o no circuito Campo Grande, acompanhado de lideran\u00e7as do PT no estado, como o senador Jaques Wagner (PT) e o ministro da Casa Civil, Rui Costa.\u00a0<\/p>\n<p class=\"postParagraph_post-paragraph__juWZN postParagraph_post-paragraph-innerHtml__Q5vwc\">O presidente pode at\u00e9 subir no trio el\u00e9trico comandado pela cantora e ministra da Cultura Margareth Menezes. A presen\u00e7a dele, entretanto, ainda n\u00e3o est\u00e1 confirmada. A Bahia \u00e9 o quarto maior col\u00e9gio eleitoral do pa\u00eds e tem sido estrat\u00e9gico para o desempenho petista nas \u00faltimas elei\u00e7\u00f5es presidenciais.<\/p>\n<p class=\"postParagraph_post-paragraph__juWZN postParagraph_post-paragraph-innerHtml__Q5vwc\">No domingo (15), Lula vai ao Rio de Janeiro. Al\u00e9m de visita a um hospital na zona oeste, o petista assistir\u00e1 aos desfiles de escolas de samba no camarote do prefeito Eduardo Paes (PSD), seu aliado pol\u00edtico. O Rio \u00e9 o terceiro maior col\u00e9gio eleitoral brasileiro e um Estado onde o PT busca ampliar sua presen\u00e7a.<\/p>\n<p class=\"postParagraph_post-paragraph__juWZN postParagraph_post-paragraph-innerHtml__Q5vwc\">O presidente ser\u00e1 homenageado pela Acad\u00eamicos de Niter\u00f3i, que levar\u00e1 \u00e0 Marqu\u00eas de Sapuca\u00ed um samba-enredo que homenageia o petista: \u201cDo Alto do Mulungu surge a esperan\u00e7a: Lula, o oper\u00e1rio do Brasil\u201d. A primeira-dama Janja Lula da Silva ser\u00e1 destaque no \u00faltimo carro aleg\u00f3rico da escola.<\/p>\n<div class=\"postViewMore_post-view-more-container___5wai\" data-mrf-recirculation=\"Post - Veja tamb\u00e9m\">\n<p class=\"gp-styles-module-size-small-afeYRa gp-styles-module-font-family2-afeYRa gp-styles-module-color-secondary-afeYRa gp-styles-module-weight-bold-afeYRa\">VEJA TAMB\u00c9M:<\/p>\n<ul class=\"postViewMore_post-view-more-list__CU_CE\">\n<li class=\"postViewMore_post-view-more-item__2MzRb\"><span class=\"postViewMore_post-view-more-link-icon___stPC\"><svg xmlns=\"http:\/\/www.w3.org\/2000\/svg\" width=\"16\" height=\"16\" viewbox=\"0 0 16 16\"><rect width=\"16\" height=\"16\" fill=\"none\"\/><g transform=\"translate(3 3)\"><path d=\"M22.5,15l3.4,3.4-3.4,3.4\" transform=\"translate(-15.896 -11.793)\" fill=\"none\" stroke=\"#717171\" stroke-linecap=\"round\" stroke-width=\"1.4\"\/><path d=\"M6,6v4.2a2.452,2.452,0,0,0,2.5,2.4H16\" transform=\"translate(-6 -6)\" fill=\"none\" stroke=\"#717171\" stroke-linecap=\"round\" stroke-width=\"1.4\"\/><\/g><\/svg><\/span><span class=\"postViewMore_post-view-more-link-text__hO_kM\">Desfile em homenagem a Lula pode configurar propaganda eleitoral, diz Andr\u00e9 Mendon\u00e7a<\/span><\/li>\n<\/ul>\n<\/div>\n<p class=\"postParagraph_post-paragraph__juWZN postParagraph_post-paragraph-innerHtml__Q5vwc\">O governo federal repassou R$ 12 milh\u00f5es para as escolas de samba do Grupo Especial do Carnaval do Rio de Janeiro, em uma parceria que envolve a Embratur, o Minist\u00e9rio da Cultura e a Liga Independente das Escolas de Samba do Rio de Janeiro (Liesa). O valor ser\u00e1 dividido igualmente entre as 12 agremia\u00e7\u00f5es, com R$ 1 milh\u00e3o para cada escola.<\/p>\n<p class=\"postParagraph_post-paragraph__juWZN postParagraph_post-paragraph-innerHtml__Q5vwc\">A agenda carnavalesca termina em Bras\u00edlia, na segunda-feira (16). No dia seguinte, o presidente embarca para viagens oficiais \u00e0 \u00cdndia e \u00e0 Coreia do Sul, compromissos voltados \u00e0 pol\u00edtica externa e \u00e0 agenda econ\u00f4mica.<\/p>\n<div class=\"postViewMore_post-view-more-container___5wai\" data-mrf-recirculation=\"Post - Veja tamb\u00e9m\">\n<p class=\"gp-styles-module-size-small-afeYRa gp-styles-module-font-family2-afeYRa gp-styles-module-color-secondary-afeYRa gp-styles-module-weight-bold-afeYRa\">VEJA TAMB\u00c9M:<\/p>\n<ul class=\"postViewMore_post-view-more-list__CU_CE\">\n<li class=\"postViewMore_post-view-more-item__2MzRb\"><span class=\"postViewMore_post-view-more-link-icon___stPC\"><svg xmlns=\"http:\/\/www.w3.org\/2000\/svg\" width=\"16\" height=\"16\" viewbox=\"0 0 16 16\"><rect width=\"16\" height=\"16\" fill=\"none\"\/><g transform=\"translate(3 3)\"><path d=\"M22.5,15l3.4,3.4-3.4,3.4\" transform=\"translate(-15.896 -11.793)\" fill=\"none\" stroke=\"#717171\" stroke-linecap=\"round\" stroke-width=\"1.4\"\/><path d=\"M6,6v4.2a2.452,2.452,0,0,0,2.5,2.4H16\" transform=\"translate(-6 -6)\" fill=\"none\" stroke=\"#717171\" stroke-linecap=\"round\" stroke-width=\"1.4\"\/><\/g><\/svg><\/span><span class=\"postViewMore_post-view-more-link-text__hO_kM\">C\u00e1rmen liberou samba de Lula, mas viu situa\u00e7\u00e3o \u201cexcepcional\u00edssima\u201d para censurar Brasil Paralelo<\/span><\/li>\n<li class=\"postViewMore_post-view-more-item__2MzRb\"><span class=\"postViewMore_post-view-more-link-icon___stPC\"><svg xmlns=\"http:\/\/www.w3.org\/2000\/svg\" width=\"16\" height=\"16\" viewbox=\"0 0 16 16\"><rect width=\"16\" height=\"16\" fill=\"none\"\/><g transform=\"translate(3 3)\"><path d=\"M22.5,15l3.4,3.4-3.4,3.4\" transform=\"translate(-15.896 -11.793)\" fill=\"none\" stroke=\"#717171\" stroke-linecap=\"round\" stroke-width=\"1.4\"\/><path d=\"M6,6v4.2a2.452,2.452,0,0,0,2.5,2.4H16\" transform=\"translate(-6 -6)\" fill=\"none\" stroke=\"#717171\" stroke-linecap=\"round\" stroke-width=\"1.4\"\/><\/g><\/svg><\/span><span class=\"postViewMore_post-view-more-link-text__hO_kM\">Juiz rejeita a\u00e7\u00f5es da oposi\u00e7\u00e3o contra escola de samba que homenagear\u00e1 Lula<\/span><\/li>\n<\/ul>\n<\/div>\n<\/div>\n<p><br \/>\n<br \/>Fonte: <a href=\"https:\/\/www.gazetadopovo.com.br\/republica\/lula-carnaval-em-agenda-politica\/\">Revista Oeste<\/a><\/p>\n","protected":false},"excerpt":{"rendered":"<p>O carnaval do presidente Luiz In\u00e1cio Lula da Silva promete ser um dos mais animados do Brasil. Lula inicia neste s\u00e1bado (14) uma jornada pelas tr\u00eas cidades em que o feriado \u00e9 o mais concorrido no pa\u00eds. A turn\u00ea festiva e pol\u00edtica come\u00e7a pelo Recife, depois passa por Salvador e vai terminar no Rio de [&hellip;]<\/p>\n","protected":false},"author":5,"featured_media":63061,"comment_status":"open","ping_status":"open","sticky":false,"template":"","format":"standard","meta":{"_seopress_robots_primary_cat":"","_seopress_titles_title":"","_seopress_titles_desc":"","_seopress_robots_index":"","footnotes":""},"categories":[1],"tags":[],"class_list":["post-63060","post","type-post","status-publish","format-standard","has-post-thumbnail","hentry","category-ultimas-noticias"],"_links":{"self":[{"href":"https:\/\/mussicom.com\/noticias\/wp-json\/wp\/v2\/posts\/63060","targetHints":{"allow":["GET"]}}],"collection":[{"href":"https:\/\/mussicom.com\/noticias\/wp-json\/wp\/v2\/posts"}],"about":[{"href":"https:\/\/mussicom.com\/noticias\/wp-json\/wp\/v2\/types\/post"}],"author":[{"embeddable":true,"href":"https:\/\/mussicom.com\/noticias\/wp-json\/wp\/v2\/users\/5"}],"replies":[{"embeddable":true,"href":"https:\/\/mussicom.com\/noticias\/wp-json\/wp\/v2\/comments?post=63060"}],"version-history":[{"count":0,"href":"https:\/\/mussicom.com\/noticias\/wp-json\/wp\/v2\/posts\/63060\/revisions"}],"wp:featuredmedia":[{"embeddable":true,"href":"https:\/\/mussicom.com\/noticias\/wp-json\/wp\/v2\/media\/63061"}],"wp:attachment":[{"href":"https:\/\/mussicom.com\/noticias\/wp-json\/wp\/v2\/media?parent=63060"}],"wp:term":[{"taxonomy":"category","embeddable":true,"href":"https:\/\/mussicom.com\/noticias\/wp-json\/wp\/v2\/categories?post=63060"},{"taxonomy":"post_tag","embeddable":true,"href":"https:\/\/mussicom.com\/noticias\/wp-json\/wp\/v2\/tags?post=63060"}],"curies":[{"name":"wp","href":"https:\/\/api.w.org\/{rel}","templated":true}]}}