{"id":63054,"date":"2026-02-14T11:22:46","date_gmt":"2026-02-14T14:22:46","guid":{"rendered":"https:\/\/mussicom.com\/cta-movel-de-guaruja-vai-distribuir-autotestes-de-hiv-e-insumos-de-prevencao-nos-blocos-e-bandas\/"},"modified":"2026-02-14T11:22:46","modified_gmt":"2026-02-14T14:22:46","slug":"cta-movel-de-guaruja-vai-distribuir-autotestes-de-hiv-e-insumos-de-prevencao-nos-blocos-e-bandas","status":"publish","type":"post","link":"https:\/\/mussicom.com\/noticias\/cta-movel-de-guaruja-vai-distribuir-autotestes-de-hiv-e-insumos-de-prevencao-nos-blocos-e-bandas\/","title":{"rendered":"CTA M\u00f3vel de Guaruj\u00e1 vai distribuir autotestes de HIV e insumos de preven\u00e7\u00e3o nos blocos e bandas"},"content":{"rendered":"<p> <br \/>\n<\/p>\n<div id=\"texto\">\n<p>A Prefeitura de Guaruj\u00e1 vai levar o CTA (Centro de Testagem e Aconselhamento) M\u00f3vel aos blocos e bandas de Carnaval da Cidade entre esta sexta-feira (13) e a pr\u00f3xima sexta-feira (20). Durante a programa\u00e7\u00e3o, equipes estar\u00e3o presentes para orientar os foli\u00f5es e distribuir kits de preven\u00e7\u00e3o. A a\u00e7\u00e3o \u00e9 capitaneada pela Secretaria de Sa\u00fade (Sesau), com objetivo de refor\u00e7ar os cuidados com a sa\u00fade mesmo em meio \u00e0 Festa de Momo.<\/p>\n<p>\u00a0<\/p>\n<p>Ao todo, j\u00e1 foram confeccionados mais de 300 kits, que contam com autoteste de HIV, preservativos internos do tipo SENSI (fina), preservativos externos, gel lubrificante e panfleto informativo. As equipes tamb\u00e9m v\u00e3o explicar como utilizar corretamente o autoteste e orientar sobre quais provid\u00eancias devem ser tomadas de acordo com o resultado, al\u00e9m de esclarecer d\u00favidas sobre preven\u00e7\u00e3o e infec\u00e7\u00f5es sexualmente transmiss\u00edveis (ISTs).<\/p>\n<p>\u00a0<\/p>\n<p>A estrat\u00e9gia foi adotada pela Sesau considerando que, durante os blocos e bandas, dificilmente as pessoas interrompem a divers\u00e3o para realizar exames no local. &#8220;Com o kit em m\u00e3os, o foli\u00e3o pode levar o autoteste para casa e realizar o procedimento com mais tranq\u00fcilidade&#8221;, destaca a coordenadora do CTA M\u00f3vel, La\u00eds Maessaka.<\/p>\n<p>\u00a0<\/p>\n<p>Al\u00e9m disso, s\u00e3o disponibilizadas nas unidades de sa\u00fade do Munic\u00edpio as Profilaxias Pr\u00e9-Exposi\u00e7\u00e3o (PrEP) e P\u00f3s-Exposi\u00e7\u00e3o (PEP). Enquanto a PrEP est\u00e1 dispon\u00edvel gratuitamente na Unidade CTA da Unidade Complexa Willian Rocha (Rua H\u00e9lio Ferreira, 369 &#8211; Jardim Boa Esperan\u00e7a), a PEP pode ser encontrada em todas Unidades de Pronto Atendimento (UPAs) e Prontos-Socorros do Munic\u00edpio.<\/p>\n<p>\u00a0<\/p>\n<p>Os medicamentos\u00a0s\u00e3o estrat\u00e9gias gratuitas do SUS para prevenir infec\u00e7\u00e3o pelo HIV e tamb\u00e9m ser\u00e3o focos de orienta\u00e7\u00e3o pela equipe do CTA M\u00f3vel nos bloquinhos.<\/p>\n<p>\u00a0<\/p>\n<p><strong>Confira a programa\u00e7\u00e3o do CTA M\u00f3vel nos blocos e bandas de carnaval<\/strong><\/p>\n<p><strong>S\u00e1bado (14), das 14 \u00e0s 17 horas:\u00a0<\/strong>Bloco do Saru\u00ea \u2013 Local: Rua Avediz Simonian \/ Av. Prestes Maia \/ Rua Jos\u00e9 Avelino de Oliveira \/ Pra\u00e7a Ivete Vargas \/ Rua Hor\u00e1cio Guedes Barreiro\u00a0&#8211;\u00a0Bairro: Tombo \u2013 Itinerante<\/p>\n<p><strong>S\u00e1bado (14), das 18 \u00e0s 20 horas<\/strong>: Banda do Gr\u00eamio \u2013 Local: Rua Ranulfo Ver\u00edssimo \/ Rua Nelson Hor\u00e1cio da Concei\u00e7\u00e3o \/ Rua Jos\u00e9 Alves de Oliveira \/ Rua Oswaldo Rubens Louren\u00e7o \/ Rua Ranulpho Ver\u00edssimo\u00a0&#8211;\u00a0Bairro: Jardim Las Palmas<\/p>\n<p><strong>Domingo (15), das 12 \u00e0s 16 horas<\/strong>: Banda Pitangueiras &#8211;\u00a0Local: Pra\u00e7a M\u00e1rio da Silva\u00a0&#8211;\u00a0Bairro: Barra Funda \u2013 Fixa<\/p>\n<p><strong>Domingo (15), das 17 \u00e0s 22 horas<\/strong>: Bloco Funchal Folia \u2013 Local: Rua Gra\u00fana \/ Rua do Sol \/ Rua Ostreira &#8211;\u00a0Bairro: Jardim dos P\u00e1ssaros \u2013 Itinerante<\/p>\n<p><strong>Segunda-feira (16), das 16 \u00e0s 18 horas<\/strong>:\u00a0<strong>Cord\u00e3o Carnavalesco Urso Guaru-Ya \u2013 Local:\u00a0<\/strong>Pra\u00e7a Dr. Walter Belian \/ Rua Aran Sarkissian \/ Rua Jer\u00f4nimo Lopes Agria \/ Rua Jos\u00e9 Joaquim Ferreira Canaes \/ Rua Lino da Cunha Leal \/ Rua Benjamin Francisco Oliveira\u00a0&#8211;\u00a0Bairro: Guai\u00faba \u2013 Itinerante<\/p>\n<p><strong>Segunda-feira (16), das 19 \u00e0s 22 horas<\/strong>: Bloco da Caverna do Drag\u00e3o \u2013 Local: Av. Santa Maria, n.\u00ba 535, at\u00e9 a Rua Dois de Junho\u00a0&#8211;\u00a0Bairro: Vila J\u00falia \u2013 Fixa<\/p>\n<p><strong>Ter\u00e7a-feira (17), das 15 \u00e0s 17 horas<\/strong>: Banda do Graveto \u2013 Local:\u00a0Rua Teresa Cristina da Silva Sabino, em frente ao campo\u00a0&#8211;\u00a0Bairro: Morrinhos \u2013 Fixa<\/p>\n<p><strong>Ter\u00e7a-feira (17), das 18 \u00e0s 20 horas<\/strong>: Banda Coc\u00e3o Folia \u2013 Local: Rua Borac\u00e9ia x Santa Izabel\u00a0&#8211;\u00a0Bairro: Pae Car\u00e1 \u2013 Vicente de Carvalho \u2013 Fixa<\/p>\n<p><strong>Sexta-feira (20), das 19 \u00e0s 22 horas<\/strong>: Banda Imperador \u2013\u00a0Rua Presidente Kennedy \/ Av. Miguel Mussa Gaze \/ Pra\u00e7a do Povo\u00a0&#8211;\u00a0Bairro: Santa Rosa \u2013 Itinerante<\/p>\n<\/p><\/div>\n<p><script async defer crossorigin=\"anonymous\" src=\"https:\/\/connect.facebook.net\/pt_BR\/sdk.js#xfbml=1&#038;version=v12.0&#038;appId=&#038;autoLogAppEvents=1\" nonce=\"ou0fI1lo\"><\/script><br \/>\n<br \/><br \/>\n<br \/>Fonte: <a href=\"https:\/\/www.bs9.com.br\/litoral\/cta-movel-de-guaruja-vai-distribuir-autotestes-de-hiv-e-insumos-de\/37707\/\">BS9<\/a><\/p>\n","protected":false},"excerpt":{"rendered":"<p>A Prefeitura de Guaruj\u00e1 vai levar o CTA (Centro de Testagem e Aconselhamento) M\u00f3vel aos blocos e bandas de Carnaval da Cidade entre esta sexta-feira (13) e a pr\u00f3xima sexta-feira (20). Durante a programa\u00e7\u00e3o, equipes estar\u00e3o presentes para orientar os foli\u00f5es e distribuir kits de preven\u00e7\u00e3o. A a\u00e7\u00e3o \u00e9 capitaneada pela Secretaria de Sa\u00fade (Sesau), [&hellip;]<\/p>\n","protected":false},"author":5,"featured_media":63055,"comment_status":"open","ping_status":"open","sticky":false,"template":"","format":"standard","meta":{"_seopress_robots_primary_cat":"","_seopress_titles_title":"","_seopress_titles_desc":"","_seopress_robots_index":"","footnotes":""},"categories":[52],"tags":[],"class_list":["post-63054","post","type-post","status-publish","format-standard","has-post-thumbnail","hentry","category-santoseregiao"],"_links":{"self":[{"href":"https:\/\/mussicom.com\/noticias\/wp-json\/wp\/v2\/posts\/63054","targetHints":{"allow":["GET"]}}],"collection":[{"href":"https:\/\/mussicom.com\/noticias\/wp-json\/wp\/v2\/posts"}],"about":[{"href":"https:\/\/mussicom.com\/noticias\/wp-json\/wp\/v2\/types\/post"}],"author":[{"embeddable":true,"href":"https:\/\/mussicom.com\/noticias\/wp-json\/wp\/v2\/users\/5"}],"replies":[{"embeddable":true,"href":"https:\/\/mussicom.com\/noticias\/wp-json\/wp\/v2\/comments?post=63054"}],"version-history":[{"count":0,"href":"https:\/\/mussicom.com\/noticias\/wp-json\/wp\/v2\/posts\/63054\/revisions"}],"wp:featuredmedia":[{"embeddable":true,"href":"https:\/\/mussicom.com\/noticias\/wp-json\/wp\/v2\/media\/63055"}],"wp:attachment":[{"href":"https:\/\/mussicom.com\/noticias\/wp-json\/wp\/v2\/media?parent=63054"}],"wp:term":[{"taxonomy":"category","embeddable":true,"href":"https:\/\/mussicom.com\/noticias\/wp-json\/wp\/v2\/categories?post=63054"},{"taxonomy":"post_tag","embeddable":true,"href":"https:\/\/mussicom.com\/noticias\/wp-json\/wp\/v2\/tags?post=63054"}],"curies":[{"name":"wp","href":"https:\/\/api.w.org\/{rel}","templated":true}]}}