{"id":63008,"date":"2026-02-13T23:12:24","date_gmt":"2026-02-14T02:12:24","guid":{"rendered":"https:\/\/mussicom.com\/chuva-no-carnaval-do-nordeste-algumas-areas-tem-previsao-de-mais-de-100-mm-saiba-o-que-esperar\/"},"modified":"2026-02-13T23:12:24","modified_gmt":"2026-02-14T02:12:24","slug":"chuva-no-carnaval-do-nordeste-algumas-areas-tem-previsao-de-mais-de-100-mm-saiba-o-que-esperar","status":"publish","type":"post","link":"https:\/\/mussicom.com\/noticias\/chuva-no-carnaval-do-nordeste-algumas-areas-tem-previsao-de-mais-de-100-mm-saiba-o-que-esperar\/","title":{"rendered":"Chuva no Carnaval do Nordeste? Algumas \u00e1reas tem previs\u00e3o de mais de 100 mm; saiba o que esperar"},"content":{"rendered":"<p> <br \/>\n<\/p>\n<div>\n<p style=\"text-align:justify\">De acordo com informa\u00e7\u00f5es do Meteored, o feriado de Carnaval deve apresentar contrastes no Nordeste. Enquanto \u00e1reas da Bahia tendem a registrar tempo firme e ensolarado, o Maranh\u00e3o pode enfrentar chuvas intensas, com acumulados que podem chegar a 100 mil\u00edmetros, com potencial para causar transtornos \u00e0 popula\u00e7\u00e3o.&#13;\n<\/p>\n<p style=\"text-align:justify\">A previs\u00e3o indica que parte da regi\u00e3o Nordeste deve passar o per\u00edodo sem chuva, enquanto \u00e1reas pr\u00f3ximas ao litoral norte do Brasil podem ser atingidas por volumes elevados de precipita\u00e7\u00e3o. H\u00e1 risco de acumulados de at\u00e9 50 mil\u00edmetros por dia e de ventos de at\u00e9 60 km\/h, com possibilidade de interrup\u00e7\u00f5es no fornecimento de energia, queda de galhos de \u00e1rvores, alagamentos e descargas el\u00e9tricas.<\/p>\n<p style=\"text-align:justify\">Na Bahia, as \u00e1reas mais suscet\u00edveis \u00e0 chuva a partir de s\u00e1bado concentram-se no litoral, onde a precipita\u00e7\u00e3o tende a ser fraca, por\u00e9m mais frequente, elevando os acumulados ao longo dos dias. No interior do estado, a previs\u00e3o aponta predom\u00ednio de tempo firme e ensolarado, com baixa probabilidade de chuva fraca. Nos demais estados do Nordeste, s\u00e3o esperadas pancadas fracas a moderadas ao longo do fim de semana e durante o feriado, na segunda-feira e na ter\u00e7a-feira.&#13;\n<\/p>\n<p style=\"text-align:justify\">As previs\u00f5es indicam que a situa\u00e7\u00e3o alertada pelo Instituto Nacional de Meteorologia deve persistir ao longo de todo o per\u00edodo de Carnaval. Pancadas de chuva podem atingir Alagoas, Pernambuco, Para\u00edba, Rio Grande do Norte, Cear\u00e1 e o norte do Piau\u00ed. O principal foco de aten\u00e7\u00e3o permanece no Maranh\u00e3o, sobretudo no extremo norte e no litoral do estado, incluindo a capital S\u00e3o Lu\u00eds, onde os maiores acumulados s\u00e3o esperados ao longo do fim de semana e do feriado.<\/p>\n<p style=\"text-align:justify\">Para os demais estados, os acumulados totais devem girar em torno de 50 mil\u00edmetros, com previs\u00e3o de nebulosidade e chuva ao longo do feriado, sobretudo entre a tarde e a noite, o que pode impactar as comemora\u00e7\u00f5es de Carnaval. Diante da possibilidade de chuvas fortes ou tempestades com raios, a orienta\u00e7\u00e3o \u00e9 n\u00e3o enfrentar o mau tempo ou correntezas, evitar abrigo sob \u00e1rvores ou pequenas constru\u00e7\u00f5es e manter aten\u00e7\u00e3o a \u00e1reas de encosta.&#13;\n<\/p>\n<\/p><\/div>\n<p><script data-cfasync=\"false\">\n    !function (f, b, e, v, n, t, s) {\n        if (f.fbq) return; n = f.fbq = function () {\n            n.callMethod ?\n                n.callMethod.apply(n, arguments) : n.queue.push(arguments)\n        };\n        if (!f._fbq) f._fbq = n; n.push = n; n.loaded = !0; n.version = '2.0';\n        n.queue = []; t = b.createElement(e); t.async = !0;\n        t.src = v; s = b.getElementsByTagName(e)[0];\n        s.parentNode.insertBefore(t, s)\n    }(window, document, 'script',\n        'https:\/\/connect.facebook.net\/en_US\/fbevents.js');\n    fbq('init', '522546078623747');\n    fbq('track', 'PageView');\n<\/script><br \/>\n<br \/><br \/>\n<br \/>Fonte: <a href=\"https:\/\/www.agrolink.com.br\/noticias\/chuva-no-carnaval-do-nordeste--algumas-areas-tem-previsao-de-mais-de-100-mm--saiba-o-que-esperar_510975.html\">AGROLINK<\/a><\/p>\n","protected":false},"excerpt":{"rendered":"<p>De acordo com informa\u00e7\u00f5es do Meteored, o feriado de Carnaval deve apresentar contrastes no Nordeste. Enquanto \u00e1reas da Bahia tendem a registrar tempo firme e ensolarado, o Maranh\u00e3o pode enfrentar chuvas intensas, com acumulados que podem chegar a 100 mil\u00edmetros, com potencial para causar transtornos \u00e0 popula\u00e7\u00e3o.&#13; A previs\u00e3o indica que parte da regi\u00e3o Nordeste [&hellip;]<\/p>\n","protected":false},"author":5,"featured_media":38116,"comment_status":"open","ping_status":"open","sticky":false,"template":"","format":"standard","meta":{"_seopress_robots_primary_cat":"","_seopress_titles_title":"","_seopress_titles_desc":"","_seopress_robots_index":"","footnotes":""},"categories":[53],"tags":[],"class_list":["post-63008","post","type-post","status-publish","format-standard","has-post-thumbnail","hentry","category-agronegocio"],"_links":{"self":[{"href":"https:\/\/mussicom.com\/noticias\/wp-json\/wp\/v2\/posts\/63008","targetHints":{"allow":["GET"]}}],"collection":[{"href":"https:\/\/mussicom.com\/noticias\/wp-json\/wp\/v2\/posts"}],"about":[{"href":"https:\/\/mussicom.com\/noticias\/wp-json\/wp\/v2\/types\/post"}],"author":[{"embeddable":true,"href":"https:\/\/mussicom.com\/noticias\/wp-json\/wp\/v2\/users\/5"}],"replies":[{"embeddable":true,"href":"https:\/\/mussicom.com\/noticias\/wp-json\/wp\/v2\/comments?post=63008"}],"version-history":[{"count":0,"href":"https:\/\/mussicom.com\/noticias\/wp-json\/wp\/v2\/posts\/63008\/revisions"}],"wp:featuredmedia":[{"embeddable":true,"href":"https:\/\/mussicom.com\/noticias\/wp-json\/wp\/v2\/media\/38116"}],"wp:attachment":[{"href":"https:\/\/mussicom.com\/noticias\/wp-json\/wp\/v2\/media?parent=63008"}],"wp:term":[{"taxonomy":"category","embeddable":true,"href":"https:\/\/mussicom.com\/noticias\/wp-json\/wp\/v2\/categories?post=63008"},{"taxonomy":"post_tag","embeddable":true,"href":"https:\/\/mussicom.com\/noticias\/wp-json\/wp\/v2\/tags?post=63008"}],"curies":[{"name":"wp","href":"https:\/\/api.w.org\/{rel}","templated":true}]}}