{"id":62990,"date":"2026-02-13T21:10:26","date_gmt":"2026-02-14T00:10:26","guid":{"rendered":"https:\/\/mussicom.com\/pesquisa-estabelece-padrao-para-a-producao-da-farinha-de-banana-verde\/"},"modified":"2026-02-13T21:10:26","modified_gmt":"2026-02-14T00:10:26","slug":"pesquisa-estabelece-padrao-para-a-producao-da-farinha-de-banana-verde","status":"publish","type":"post","link":"https:\/\/mussicom.com\/noticias\/pesquisa-estabelece-padrao-para-a-producao-da-farinha-de-banana-verde\/","title":{"rendered":"Pesquisa estabelece padr\u00e3o para a produ\u00e7\u00e3o da farinha de banana verde"},"content":{"rendered":"<p> <br \/>\n<\/p>\n<div>\n<p style=\"text-align:justify\">A Faperj destacou, em seu boletim do dia 5 de fevereiro, a pesquisa realizada pela Pesagro-Rio que estabelece padr\u00e3o para a produ\u00e7\u00e3o da farinha de banana verde.<\/p>\n<p style=\"text-align:justify\">A reportagem registra que, ap\u00f3s tr\u00eas anos de estudos, pesquisadores do Centro Estadual de Pesquisa em Qualidade de Alimentos estabeleceram padr\u00e3o de qualidade f\u00edsico-qu\u00edmica e microbiol\u00f3gica, tempo e temperatura do preparo, estabilidade nutricional e condi\u00e7\u00f5es ideais de manipula\u00e7\u00e3o e embalagem. Rica em fibras, sais minerais e vitaminas, a farinha de banana verde possui amido resistente, alimento funcional. A farinha de banana verde tem sido op\u00e7\u00e3o para o completo aproveitamento das bananas na cadeia produtiva, garantindo as qualidades nutricionais da fruta al\u00e9m de disponibilizar o amido resistente, o que caracteriza o produto como alimento funcional.&#13;\n<\/p>\n<p style=\"text-align:justify\">O projeto\u00a0conduzido pela Pesagro-Rio conta com o apoio\u00a0do Programa de Bolsa de Treinamento e Capacita\u00e7\u00e3o T\u00e9cnica em Apoio \u00e0 Pesquisa e Desenvolvimento do Setor Agropecu\u00e1rio e da Agroind\u00fastria do Estado do Rio de Janeiro\u00a0(TCT Agro), da Faperj. Segundo a pesquisadora Eliane Rodrigues, coordenadora do estudo, a farinha de banana verde \u00e9 rica em fibras, sais minerais e vitaminas, e possui grande diferencial em rela\u00e7\u00e3o \u00e0s demais farinhas: o amido resistente, alimento funcional que auxilia nas defesas do organismo e no tr\u00e2nsito intestinal. Ela pode ser empregada na fabrica\u00e7\u00e3o de v\u00e1rios alimentos como sopas, comidas infantis, bolos e biscoitos, dentre outros, dependendo da granulometria.\u00a0<\/p>\n<p style=\"text-align:justify\">Eliane Rodrigues conta que diversas pequenas agroind\u00fastrias do Estado do Rio de Janeiro aproveitam a banana verde fora do tamanho padr\u00e3o de consumo para fazer farinha. No entanto, n\u00e3o havia par\u00e2metros de qualidade no processo produtivo, fazendo com que o produto oferecido nas prateleiras ao consumidor n\u00e3o tivesse padr\u00e3o de qualidade. E sua pesquisa foi justamente para cobrir essa lacuna: determinar a qualidade f\u00edsico-qu\u00edmica, microbiol\u00f3gica e toxicol\u00f3gica das farinhas ofertadas no mercado consumidor.\u00a0&#13;\n<\/p>\n<p style=\"text-align:justify\">Eliane explica que no Centro Estadual de Pesquisa em Qualidade de Alimentos da Pesagro, em Niter\u00f3i, \u00e9 feito o controle de qualidade de diversos tipos de alimentos, englobando os aspectos f\u00edsico-qu\u00edmicos, microbiol\u00f3gicos, sensoriais e de contaminantes. Somado a isso, s\u00e3o desenvolvidas novas tecnologias de fabrica\u00e7\u00e3o e estudos com processamento tecnol\u00f3gico de alimentos.<\/p>\n<\/p><\/div>\n<p><script data-cfasync=\"false\">\n    !function (f, b, e, v, n, t, s) {\n        if (f.fbq) return; n = f.fbq = function () {\n            n.callMethod ?\n                n.callMethod.apply(n, arguments) : n.queue.push(arguments)\n        };\n        if (!f._fbq) f._fbq = n; n.push = n; n.loaded = !0; n.version = '2.0';\n        n.queue = []; t = b.createElement(e); t.async = !0;\n        t.src = v; s = b.getElementsByTagName(e)[0];\n        s.parentNode.insertBefore(t, s)\n    }(window, document, 'script',\n        'https:\/\/connect.facebook.net\/en_US\/fbevents.js');\n    fbq('init', '522546078623747');\n    fbq('track', 'PageView');\n<\/script><br \/>\n<br \/><br \/>\n<br \/>Fonte: <a href=\"https:\/\/www.agrolink.com.br\/noticias\/pesquisa-estabelece-padrao-para-a-producao-da-farinha-de-banana-verde_510977.html\">AGROLINK<\/a><\/p>\n","protected":false},"excerpt":{"rendered":"<p>A Faperj destacou, em seu boletim do dia 5 de fevereiro, a pesquisa realizada pela Pesagro-Rio que estabelece padr\u00e3o para a produ\u00e7\u00e3o da farinha de banana verde. A reportagem registra que, ap\u00f3s tr\u00eas anos de estudos, pesquisadores do Centro Estadual de Pesquisa em Qualidade de Alimentos estabeleceram padr\u00e3o de qualidade f\u00edsico-qu\u00edmica e microbiol\u00f3gica, tempo e [&hellip;]<\/p>\n","protected":false},"author":5,"featured_media":62991,"comment_status":"open","ping_status":"open","sticky":false,"template":"","format":"standard","meta":{"_seopress_robots_primary_cat":"","_seopress_titles_title":"","_seopress_titles_desc":"","_seopress_robots_index":"","footnotes":""},"categories":[53],"tags":[],"class_list":["post-62990","post","type-post","status-publish","format-standard","has-post-thumbnail","hentry","category-agronegocio"],"_links":{"self":[{"href":"https:\/\/mussicom.com\/noticias\/wp-json\/wp\/v2\/posts\/62990","targetHints":{"allow":["GET"]}}],"collection":[{"href":"https:\/\/mussicom.com\/noticias\/wp-json\/wp\/v2\/posts"}],"about":[{"href":"https:\/\/mussicom.com\/noticias\/wp-json\/wp\/v2\/types\/post"}],"author":[{"embeddable":true,"href":"https:\/\/mussicom.com\/noticias\/wp-json\/wp\/v2\/users\/5"}],"replies":[{"embeddable":true,"href":"https:\/\/mussicom.com\/noticias\/wp-json\/wp\/v2\/comments?post=62990"}],"version-history":[{"count":0,"href":"https:\/\/mussicom.com\/noticias\/wp-json\/wp\/v2\/posts\/62990\/revisions"}],"wp:featuredmedia":[{"embeddable":true,"href":"https:\/\/mussicom.com\/noticias\/wp-json\/wp\/v2\/media\/62991"}],"wp:attachment":[{"href":"https:\/\/mussicom.com\/noticias\/wp-json\/wp\/v2\/media?parent=62990"}],"wp:term":[{"taxonomy":"category","embeddable":true,"href":"https:\/\/mussicom.com\/noticias\/wp-json\/wp\/v2\/categories?post=62990"},{"taxonomy":"post_tag","embeddable":true,"href":"https:\/\/mussicom.com\/noticias\/wp-json\/wp\/v2\/tags?post=62990"}],"curies":[{"name":"wp","href":"https:\/\/api.w.org\/{rel}","templated":true}]}}