{"id":62986,"date":"2026-02-13T21:06:14","date_gmt":"2026-02-14T00:06:14","guid":{"rendered":"https:\/\/mussicom.com\/embaixador-dos-eua-defende-cortes-e-reformas-na-onu\/"},"modified":"2026-02-13T21:06:14","modified_gmt":"2026-02-14T00:06:14","slug":"embaixador-dos-eua-defende-cortes-e-reformas-na-onu","status":"publish","type":"post","link":"https:\/\/mussicom.com\/noticias\/embaixador-dos-eua-defende-cortes-e-reformas-na-onu\/","title":{"rendered":"Embaixador dos EUA defende cortes e reformas na ONU"},"content":{"rendered":"<p> <br \/>\n<\/p>\n<div id=\"tp-post-content\">\n<p class=\"postParagraph_post-paragraph__juWZN postParagraph_post-paragraph-innerHtml__Q5vwc\">O embaixador dos Estados Unidos nas Na\u00e7\u00f5es Unidas, Michael Waltz, defendeu durante sua participa\u00e7\u00e3o na Confer\u00eancia de Seguran\u00e7a de Munique, nesta sexta-feira (13), os cortes e sugest\u00f5es de reformas do governo do presidente Donald Trump na organiza\u00e7\u00e3o. Segundo ele, as medidas s\u00e3o necess\u00e1rias para tornar o organismo mais eficiente diante de crises internacionais.<\/p>\n<p class=\"postParagraph_post-paragraph__juWZN postParagraph_post-paragraph-innerHtml__Q5vwc\">\u201cA ONU sair\u00e1 mais forte ao final desse processo. O <em>status quo<\/em> era insustent\u00e1vel e n\u00e3o funcionava em lugares como Gaza ou Azerbaij\u00e3o-Arm\u00eania (ambos zona de conflito)\u201d, afirmou Waltz em uma palestra do evento dedicado \u00e0s transforma\u00e7\u00f5es na ordem global.<\/p>\n<p class=\"postParagraph_post-paragraph__juWZN postParagraph_post-paragraph-innerHtml__Q5vwc\">Os Estados Unidos s\u00e3o o maior contribuinte do or\u00e7amento das Na\u00e7\u00f5es Unidas, mas acumulam valores em atraso tanto no or\u00e7amento regular quanto nas miss\u00f5es de paz, segundo a ag\u00eancia <em>Reuters<\/em>. Em entrevista concedida no \u00faltimo dia 11 \u00e0 ag\u00eancia, Waltz afirmou que Washington pretende quitar suas obriga\u00e7\u00f5es financeiras com a ONU nos pr\u00f3ximos meses, ao mesmo tempo em que manter\u00e1 a press\u00e3o por reformas estruturais e medidas de redu\u00e7\u00e3o de custos dentro da organiza\u00e7\u00e3o.<\/p>\n<p class=\"postParagraph_post-paragraph__juWZN postParagraph_post-paragraph-innerHtml__Q5vwc\">\u201cVamos continuar pressionando por efici\u00eancia sustentada\u201d, declarou na ocasi\u00e3o.<\/p>\n<p class=\"postParagraph_post-paragraph__juWZN postParagraph_post-paragraph-innerHtml__Q5vwc\">Durante sua participa\u00e7\u00e3o na confer\u00eancia desta sexta-feira, Waltz defendeu a cria\u00e7\u00e3o do Conselho de Paz, lan\u00e7ado por Trump durante o F\u00f3rum Econ\u00f4mico de Davos, no m\u00eas passado. Segundo o embaixador, a iniciativa \u00e9 \u201cperfeitamente aceit\u00e1vel se estivermos obtendo resultados\u201d.<\/p>\n<\/div>\n<p><br \/>\n<br \/>Fonte: <a href=\"https:\/\/www.gazetadopovo.com.br\/mundo\/embaixador-dos-eua-defende-cortes-e-reformas-na-onu\/\">Revista Oeste<\/a><\/p>\n","protected":false},"excerpt":{"rendered":"<p>O embaixador dos Estados Unidos nas Na\u00e7\u00f5es Unidas, Michael Waltz, defendeu durante sua participa\u00e7\u00e3o na Confer\u00eancia de Seguran\u00e7a de Munique, nesta sexta-feira (13), os cortes e sugest\u00f5es de reformas do governo do presidente Donald Trump na organiza\u00e7\u00e3o. Segundo ele, as medidas s\u00e3o necess\u00e1rias para tornar o organismo mais eficiente diante de crises internacionais. \u201cA ONU [&hellip;]<\/p>\n","protected":false},"author":5,"featured_media":62987,"comment_status":"open","ping_status":"open","sticky":false,"template":"","format":"standard","meta":{"_seopress_robots_primary_cat":"","_seopress_titles_title":"","_seopress_titles_desc":"","_seopress_robots_index":"","footnotes":""},"categories":[48],"tags":[],"class_list":["post-62986","post","type-post","status-publish","format-standard","has-post-thumbnail","hentry","category-internacional"],"_links":{"self":[{"href":"https:\/\/mussicom.com\/noticias\/wp-json\/wp\/v2\/posts\/62986","targetHints":{"allow":["GET"]}}],"collection":[{"href":"https:\/\/mussicom.com\/noticias\/wp-json\/wp\/v2\/posts"}],"about":[{"href":"https:\/\/mussicom.com\/noticias\/wp-json\/wp\/v2\/types\/post"}],"author":[{"embeddable":true,"href":"https:\/\/mussicom.com\/noticias\/wp-json\/wp\/v2\/users\/5"}],"replies":[{"embeddable":true,"href":"https:\/\/mussicom.com\/noticias\/wp-json\/wp\/v2\/comments?post=62986"}],"version-history":[{"count":0,"href":"https:\/\/mussicom.com\/noticias\/wp-json\/wp\/v2\/posts\/62986\/revisions"}],"wp:featuredmedia":[{"embeddable":true,"href":"https:\/\/mussicom.com\/noticias\/wp-json\/wp\/v2\/media\/62987"}],"wp:attachment":[{"href":"https:\/\/mussicom.com\/noticias\/wp-json\/wp\/v2\/media?parent=62986"}],"wp:term":[{"taxonomy":"category","embeddable":true,"href":"https:\/\/mussicom.com\/noticias\/wp-json\/wp\/v2\/categories?post=62986"},{"taxonomy":"post_tag","embeddable":true,"href":"https:\/\/mussicom.com\/noticias\/wp-json\/wp\/v2\/tags?post=62986"}],"curies":[{"name":"wp","href":"https:\/\/api.w.org\/{rel}","templated":true}]}}