{"id":62957,"date":"2026-02-13T18:11:42","date_gmt":"2026-02-13T21:11:42","guid":{"rendered":"https:\/\/mussicom.com\/site-vaza-reuniao-do-stf-ministros-suspeitam-terem-sido-gravados\/"},"modified":"2026-02-13T18:11:42","modified_gmt":"2026-02-13T21:11:42","slug":"site-vaza-reuniao-do-stf-ministros-suspeitam-terem-sido-gravados","status":"publish","type":"post","link":"https:\/\/mussicom.com\/noticias\/site-vaza-reuniao-do-stf-ministros-suspeitam-terem-sido-gravados\/","title":{"rendered":"Site vaza reuni\u00e3o do STF; ministros suspeitam terem sido gravados"},"content":{"rendered":"<p> <br \/>\n<\/p>\n<div id=\"tp-post-content\">\n<p class=\"postParagraph_post-paragraph__juWZN postParagraph_post-paragraph-innerHtml__Q5vwc\">As manifesta\u00e7\u00f5es de uma reuni\u00e3o do STF a portas fechadas, que selou a sa\u00edda do ministro Dias Toffoli da relatoria do caso Master, vazaram na imprensa. O site <em>Poder 360<\/em> reproduziu frases inteiras que magistrados teriam dito. Pela fidelidade com que as frases foram citadas, os ministros declararam, nos bastidores, suspeitar terem sido gravados pelo ministro Dias Toffoli, segundo noticiou a <em>Folha de S.Paulo<\/em>.<\/p>\n<p class=\"postParagraph_post-paragraph__juWZN postParagraph_post-paragraph-innerHtml__Q5vwc\">De acordo com o <em>Poder 360<\/em>, o tom da reuni\u00e3o teria sido \u201cpol\u00edtico\u201d e com um objetivo de \u201cautopreserva\u00e7\u00e3o\u201d dos magistrados. O placar por manter a relatoria com Toffoli seria de 8 a favor e 2 contra, mas ele teria aceitado sair da relatoria em troca de uma nota de apoio com a unanimidade dos ministros &#8211; uma ideia que, segundo a reportagem, teria partido de Fl\u00e1vio Dino. Dino e Toffoli t\u00eam uma rela\u00e7\u00e3o de d\u00e9cadas.<\/p>\n<p class=\"postParagraph_post-paragraph__juWZN postParagraph_post-paragraph-innerHtml__Q5vwc\">A vers\u00e3o de um acordo corporativista foi refor\u00e7ada pelas declara\u00e7\u00f5es de Toffoli ao sair do tribunal, dizendo que foi \u201ctudo un\u00e2nime\u201d e que o encontro teria transcorrido em clima \u201cexcelente\u201d. Muitas reclama\u00e7\u00f5es de desconforto sobre a atua\u00e7\u00e3o da Pol\u00edcia Federal teriam marcado as conversas.<\/p>\n<div class=\"postViewMore_post-view-more-container___5wai\" data-mrf-recirculation=\"Post - Veja tamb\u00e9m\">\n<p class=\"gp-styles-module-size-small-afeYRa gp-styles-module-font-family2-afeYRa gp-styles-module-color-secondary-afeYRa gp-styles-module-weight-bold-afeYRa\">VEJA TAMB\u00c9M:<\/p>\n<ul class=\"postViewMore_post-view-more-list__CU_CE\">\n<li class=\"postViewMore_post-view-more-item__2MzRb\">\n<div class=\"postViewMore_post-view-more-image__5gUSe\"><picture class=\"imageDefault_image-container__XGd8_\"><\/picture><\/div>\n<p>Fim da linha para Toffoli: caso Master deixa situa\u00e7\u00e3o de ministro insustent\u00e1vel no STF<\/li>\n<li class=\"postViewMore_post-view-more-item__2MzRb\">\n<div class=\"postViewMore_post-view-more-image__5gUSe\"><picture class=\"imageDefault_image-container__XGd8_\"><img decoding=\"async\" class=\"imageDefault_image-item__lU2Dk\" src=\"https:\/\/media.gazetadopovo.com.br\/2026\/02\/12144417\/toffoli-2-380x214.jpg.webp\" alt=\"Dias Toffoli\" width=\"72\" height=\"72\"\/><\/picture><\/div>\n<p>CPI votar\u00e1 convoca\u00e7\u00e3o de Toffoli por envolvimento no caso Master ap\u00f3s o carnaval<\/li>\n<\/ul>\n<\/div>\n<p class=\"postParagraph_post-paragraph__juWZN postParagraph_post-paragraph-innerHtml__Q5vwc\">Toffoli declarou \u00e0 colunista da<em> Folha<\/em> M\u00f4nica Bergamo que n\u00e3o gravou e n\u00e3o relatou &#8220;nada para ningu\u00e9m&#8221;. Em seguida, trouxe uma suspeita de que algum funcion\u00e1rio do setor de inform\u00e1tica poderia ter feito a grava\u00e7\u00e3o. A <strong>Gazeta do Povo<\/strong> entrou em contato com a assessoria de comunica\u00e7\u00e3o do STF e aguarda resposta.<\/p>\n<h2 class=\"postParagraph_post-paragraph__juWZN postParagraph_post-paragraph-innerHtml__Q5vwc postParagraph_type-tag-h2__TtFkT\">Impasse evitado com acordo de Dino<\/h2>\n<p class=\"postParagraph_post-paragraph__juWZN postParagraph_post-paragraph-innerHtml__Q5vwc\">O <em>Poder 360<\/em> relatou que, em uma primeira reuni\u00e3o com menos ministros, no come\u00e7o da tarde de quinta-feira (12), Moraes e Gilmar Mendes teriam declarado que votariam a favor de manter Toffoli na relatoria do caso Master, ao que Carmen L\u00facia e Edson Fachin teriam se manifestado contr\u00e1rios. Com o impasse, o assunto s\u00f3 seria resolvido em uma vota\u00e7\u00e3o em plen\u00e1rio nesta sexta.<\/p>\n<p class=\"postParagraph_post-paragraph__juWZN postParagraph_post-paragraph-innerHtml__Q5vwc\">Os trechos que levantaram a suspeita de vazamento seriam frases inteiras, como a de Gilmar Mendes, que teria dito: &#8220;Eu acho que o que est\u00e1 por tr\u00e1s disso \u00e9 que o ministro Toffoli tomou algumas decis\u00f5es ao longo do seu tempo nesse caso Master aqui no STF que contrariaram a Pol\u00edcia Federal. E a Pol\u00edcia Federal quis revidar&#8221;.<\/p>\n<h2 class=\"postParagraph_post-paragraph__juWZN postParagraph_post-paragraph-innerHtml__Q5vwc postParagraph_type-tag-h2__TtFkT\">Taxistas contra o Supremo<\/h2>\n<p class=\"postParagraph_post-paragraph__juWZN postParagraph_post-paragraph-innerHtml__Q5vwc\">J\u00e1 Carmen L\u00facia teria dito que todo taxista com quem conversa \u201cfala mal do Supremo. A popula\u00e7\u00e3o est\u00e1 contra o Supremo&#8221;. E que, apesar de ter confian\u00e7a no ministro Toffoli, seria preciso \u201cpensar na institucionalidade\u201d.\u00a0<\/p>\n<p class=\"postParagraph_post-paragraph__juWZN postParagraph_post-paragraph-innerHtml__Q5vwc\">Ainda de acordo com reportagem do<em> Poder 360<\/em>, Luiz Fux teria dito &#8220;o ministro Toffoli para mim tem f\u00e9 p\u00fablica. Meu voto \u00e9 a favor dele. Acabou. Eu n\u00e3o sei o que voc\u00eas est\u00e3o discutindo&#8221;. J\u00e1 DIno teria chamado as 200 p\u00e1ginas de provas da PF de &#8220;lixo jur\u00eddico&#8221;.<\/p>\n<p class=\"postParagraph_post-paragraph__juWZN postParagraph_post-paragraph-innerHtml__Q5vwc\">Diversos outros ministros teriam se manifestado a favor de Toffoli, o que passou como t\u00f4nica desta reuni\u00e3o. Sendo todas as falas reproduzidas favor\u00e1veis ao ministro, surgiu a hip\u00f3tese de que ele teria gravado a reuni\u00e3o com os colegas, uma flagrante \u201cquebra de confian\u00e7a\u201d, segundo os colegas, o que ele negou vigorosamente, se dizendo \u201cdiscreto\u201d.<\/p>\n<p class=\"postParagraph_post-paragraph__juWZN postParagraph_post-paragraph-innerHtml__Q5vwc\">Mesmo assim, os ministros acabaram concluindo nesta reuni\u00e3o que, para garantir o que chamaram de \u201cinstitucionalidade\u201d, o melhor para a Corte seria a solu\u00e7\u00e3o proposta por Dino de Toffoli ser afastado da relatoria do caso Master e a mesma passar ao sorteio, que acabou definindo Andr\u00e9 Mendon\u00e7a como novo relator.<\/p>\n<\/div>\n<p><br \/>\n<br \/>Fonte: <a href=\"https:\/\/www.gazetadopovo.com.br\/republica\/site-vaza-bastidores-de-reuniao-no-stf-e-ministros-suspeitam-que-foram-gravados\/\">Revista Oeste<\/a><\/p>\n","protected":false},"excerpt":{"rendered":"<p>As manifesta\u00e7\u00f5es de uma reuni\u00e3o do STF a portas fechadas, que selou a sa\u00edda do ministro Dias Toffoli da relatoria do caso Master, vazaram na imprensa. O site Poder 360 reproduziu frases inteiras que magistrados teriam dito. Pela fidelidade com que as frases foram citadas, os ministros declararam, nos bastidores, suspeitar terem sido gravados pelo [&hellip;]<\/p>\n","protected":false},"author":5,"featured_media":62762,"comment_status":"open","ping_status":"open","sticky":false,"template":"","format":"standard","meta":{"_seopress_robots_primary_cat":"","_seopress_titles_title":"","_seopress_titles_desc":"","_seopress_robots_index":"","footnotes":""},"categories":[1],"tags":[],"class_list":["post-62957","post","type-post","status-publish","format-standard","has-post-thumbnail","hentry","category-ultimas-noticias"],"_links":{"self":[{"href":"https:\/\/mussicom.com\/noticias\/wp-json\/wp\/v2\/posts\/62957","targetHints":{"allow":["GET"]}}],"collection":[{"href":"https:\/\/mussicom.com\/noticias\/wp-json\/wp\/v2\/posts"}],"about":[{"href":"https:\/\/mussicom.com\/noticias\/wp-json\/wp\/v2\/types\/post"}],"author":[{"embeddable":true,"href":"https:\/\/mussicom.com\/noticias\/wp-json\/wp\/v2\/users\/5"}],"replies":[{"embeddable":true,"href":"https:\/\/mussicom.com\/noticias\/wp-json\/wp\/v2\/comments?post=62957"}],"version-history":[{"count":0,"href":"https:\/\/mussicom.com\/noticias\/wp-json\/wp\/v2\/posts\/62957\/revisions"}],"wp:featuredmedia":[{"embeddable":true,"href":"https:\/\/mussicom.com\/noticias\/wp-json\/wp\/v2\/media\/62762"}],"wp:attachment":[{"href":"https:\/\/mussicom.com\/noticias\/wp-json\/wp\/v2\/media?parent=62957"}],"wp:term":[{"taxonomy":"category","embeddable":true,"href":"https:\/\/mussicom.com\/noticias\/wp-json\/wp\/v2\/categories?post=62957"},{"taxonomy":"post_tag","embeddable":true,"href":"https:\/\/mussicom.com\/noticias\/wp-json\/wp\/v2\/tags?post=62957"}],"curies":[{"name":"wp","href":"https:\/\/api.w.org\/{rel}","templated":true}]}}