{"id":62909,"date":"2026-02-13T14:07:30","date_gmt":"2026-02-13T17:07:30","guid":{"rendered":"https:\/\/mussicom.com\/e-preciso-poder-punir-os-membros-do-stf\/"},"modified":"2026-02-13T14:07:30","modified_gmt":"2026-02-13T17:07:30","slug":"e-preciso-poder-punir-os-membros-do-stf","status":"publish","type":"post","link":"https:\/\/mussicom.com\/noticias\/e-preciso-poder-punir-os-membros-do-stf\/","title":{"rendered":"\u00c9 preciso poder punir os membros do STF"},"content":{"rendered":"<p> <br \/>\n<\/p>\n<div id=\"tp-post-content\">\n<p class=\"postParagraph_post-paragraph__juWZN postParagraph_post-paragraph-innerHtml__Q5vwc\">Um colunista da grande m\u00eddia sugeriu que a paci\u00eancia com Dias Toffoli acabou. Game over. Problemas extremos requerem solu\u00e7\u00f5es extremas. Com o Brasil \u00e0 bancarrota, algu\u00e9m tem de ceder: ou o Brasil, ou Dias Toffoli. Este Vale de L\u00e1grimas \u00e9 pequeno demais para os dois. Chegou a hora do vamos ver. <em>Quo usque tandem abutere, Dias Toffoli, patientia nostra?<\/em> Para o colunista, chegamos ao limiar. Toffoli precisa\u2026 de aposentadoria imediata.<\/p>\n<p class=\"postParagraph_post-paragraph__juWZN postParagraph_post-paragraph-innerHtml__Q5vwc\">Aposentadoria? Dias Toffoli continuaria recebendo R$ 46.366,19 por m\u00eas (os ministros j\u00e1 votaram por aumentar os pr\u00f3prios sal\u00e1rios em 2022, mas tamb\u00e9m votaram por aumentar de novo a partir de julho de 2026, ent\u00e3o talvez ainda ganhe o b\u00f4nus), ainda teria o poder de lobby sobre a rep\u00fablica inteira, poderia voltar a ser consultor jur\u00eddico da CUT, assessor parlamentar na Assembleia Legislativa, assessor jur\u00eddico da lideran\u00e7a do PT. Talvez, digamos, virar um grande empres\u00e1rio dos ramos dos resorts de luxo e dos cassinos e jogos de azar. Acreditamos em seu potencial de neg\u00f3cios.<\/p>\n<p class=\"postParagraph_post-paragraph__juWZN postParagraph_post-paragraph-innerHtml__Q5vwc\">E isto \u00e9 uma\u2026 puni\u00e7\u00e3o? Extrem\u00edssima, que faz com que todo o pa\u00eds reconhe\u00e7a o surto de coragem do jornalista em sugerir \u2013 sugerir! \u2013 tal, digamos, extremismo? O m\u00e1ximo rigor da lei?<\/p>\n<p class=\"postParagraph_post-paragraph__juWZN postParagraph_post-paragraph-innerHtml__Q5vwc\">Qualquer pessoa no pa\u00eds que seja pega cometendo um crime \u00e9, ou deveria ser, presa. Ainda mais no pa\u00eds do STF do inqu\u00e9rito das fake news, famoso inqu\u00e9rito do fim do mundo, feito para impedir que a Lava Jato continuasse prendendo bandidos e instaurando a censura no Brasil. Que come\u00e7ou pela reportagem \u201cO amigo do amigo do meu pai\u201d, que seria o pr\u00f3prio\u2026 Dias Toffoli, segundo dela\u00e7\u00e3o de Marcelo Odebrecht. Reportagem devidamente censurada, o pr\u00f3prio Amigo do Amigo do Meu Pai passou a fazer jus ao que dizia a reportagem e saiu tirando todo mundo da Lava Jato da cadeia.<\/p>\n<p class=\"postParagraph_post-paragraph__juWZN postParagraph_post-paragraph-innerHtml__Q5vwc\">A Pol\u00edcia Federal, sem prender mais bandidos e corruptos, passou a punir qualquer pessoa na internet por qualquer motivo, sem nem sequer se saber quem foi punido, como, por qu\u00ea. Isso sem falar em Filipe Martins, preso duas vezes: uma por n\u00e3o ter viajado aos EUA antes de acontecer algo pelo qual o queriam responsabilizar, e depois por n\u00e3o ter feito\u2026 uma busca no LinkedIn. Preso, preso. Meses em cela, tendo passado por solit\u00e1ria e priva\u00e7\u00e3o de sono.<\/p>\n<p class=\"postParagraph_post-paragraph__juWZN postParagraph_post-paragraph-innerHtml__Q5vwc\">Ou seja, n\u00e3o fazer uma busca no LinkedIn, provada pela pr\u00f3pria Microsoft, n\u00e3o viajar, provado pelo pr\u00f3prio Uber, rende cadeia. Nem precisamos lembrar de Bolsonaro respondendo a inqu\u00e9rito na Pol\u00edcia Federal por se aproximar de uma baleia\u2026 Mas, para Toffoli, que instaurou a censura no Brasil com seu cupincha Alexandre de Moraes, uma puni\u00e7\u00e3o muito draconiana: aposentadoria imediata.<\/p>\n<p class=\"postParagraph_post-paragraph__juWZN postParagraph_post-paragraph-innerHtml__Q5vwc\">Ah, mas espere. O colunista n\u00e3o reclama da ditadura brutal, e sim de Toffoli ser flagrado julgando o caso do Banco Master, sendo que parece ter feito transa\u00e7\u00f5es com um dos fundos gerenciados pelo Banco Master e o cunhado de Daniel Vorcaro, atrav\u00e9s da empresa dos seus irm\u00e3os (passou um bom tempo fazendo a eg\u00edpcia e fingindo que n\u00e3o tinha de explicar para o p\u00fablico que era s\u00f3cio oculto da empresa).<\/p>\n<p class=\"postParagraph_post-paragraph__juWZN postParagraph_post-paragraph-innerHtml__Q5vwc\">Bom, \u00e9 algo. Vamos ignorar o quanto a emissora do colunista favoreceu a ditadura por ora. Mas, se \u00e9 para reclamar de julgar transa\u00e7\u00f5es, o STF quase inteiro tem um hist\u00f3rico de troca de favores com o Banco Master. S\u00e3o todos <em>persons of interest<\/em>.<\/p>\n<p class=\"postParagraph_post-paragraph__juWZN postParagraph_post-paragraph-innerHtml__Q5vwc\">Daniel Vorcaro patrocinou os eventos mais famosos dos lobistas das altas esferas do pa\u00eds. O Lide, de Jo\u00e3o Doria, o Esfera, de Jo\u00e3o Camargo, o Grupo Voto, de Karim Miskulin \u2013 todos foram patrocinados pelo Banco Master. Al\u00e9m de empres\u00e1rios e pol\u00edticos, os eventos contavam religiosamente com\u2026 membros do Supremo Tribunal Federal.<\/p>\n<p class=\"postParagraph_post-paragraph__juWZN postParagraph_post-paragraph-innerHtml__Q5vwc\">F\u00f3rum Jur\u00eddico Brasil de Ideias em Londres? Dinheiro do Banco Master. E com convidados como\u2026 Dias Toffoli, Alexandre de Moraes, Gilmar Mendes, al\u00e9m do advogado-geral da Uni\u00e3o (AGU), Jorge Messias, do procurador-geral da Rep\u00fablica (PGR), Paulo Gonet e do ministro de Minas e Energia, Alexandre Silveira. F\u00f3rum Esfera Internacional de Paris, em outubro de 2023? Dinheiro do Banco Master. O de Roma, um ano depois? Banco Master. F\u00f3rum Empresarial Lide no Rio de Janeiro, em agosto de 2024? Master. Sempre com v\u00e1rios ministros do STF.<\/p>\n<p class=\"postParagraph_post-paragraph__juWZN postParagraph_post-paragraph-innerHtml__Q5vwc\">Mas o mais famoso foi a Lide Brazil Conference de Nova York, em novembro de 2022. Com presen\u00e7a da nata do STF, foi condenado \u00e0 eternidade quando Lu\u00eds Roberto Barroso foi interpelado por um brasileiro perguntando sobre o c\u00f3digo-fonte de voc\u00ea-sabe-o-qu\u00ea. Barroso apenas vociferou: \u201cPerdeu, man\u00e9. N\u00e3o amola\u201d, mostrando que a Corte tem lado partid\u00e1rio, como apenas as cortes de ditaduras, e pouca paci\u00eancia com o outro partido. Alexandre de Moraes ainda mandou um tchauzinho para outros brasileiros, como a dizer quem manda.<\/p>\n<p class=\"postParagraph_post-paragraph__juWZN postParagraph_post-paragraph-innerHtml__Q5vwc\">Uma \u00fanica dica para chutar que banco financiou a confer\u00eancia.<\/p>\n<div class=\"postViewMore_post-view-more-container___5wai\" data-mrf-recirculation=\"Post - Veja tamb\u00e9m\">\n<p class=\"gp-styles-module-size-small-afeYRa gp-styles-module-font-family2-afeYRa gp-styles-module-color-secondary-afeYRa gp-styles-module-weight-bold-afeYRa\">VEJA TAMB\u00c9M:<\/p>\n<ul class=\"postViewMore_post-view-more-list__CU_CE\">\n<li class=\"postViewMore_post-view-more-item__2MzRb\"><span class=\"postViewMore_post-view-more-link-icon___stPC\"><svg xmlns=\"http:\/\/www.w3.org\/2000\/svg\" width=\"16\" height=\"16\" viewbox=\"0 0 16 16\"><rect width=\"16\" height=\"16\" fill=\"none\"\/><g transform=\"translate(3 3)\"><path d=\"M22.5,15l3.4,3.4-3.4,3.4\" transform=\"translate(-15.896 -11.793)\" fill=\"none\" stroke=\"#717171\" stroke-linecap=\"round\" stroke-width=\"1.4\"\/><path d=\"M6,6v4.2a2.452,2.452,0,0,0,2.5,2.4H16\" transform=\"translate(-6 -6)\" fill=\"none\" stroke=\"#717171\" stroke-linecap=\"round\" stroke-width=\"1.4\"\/><\/g><\/svg><\/span><span class=\"postViewMore_post-view-more-link-text__hO_kM\">Por que Viviane Barci acionar o STF n\u00e3o \u00e9 motivo para entupir as ruas?<\/span><\/li>\n<li class=\"postViewMore_post-view-more-item__2MzRb\"><span class=\"postViewMore_post-view-more-link-icon___stPC\"><svg xmlns=\"http:\/\/www.w3.org\/2000\/svg\" width=\"16\" height=\"16\" viewbox=\"0 0 16 16\"><rect width=\"16\" height=\"16\" fill=\"none\"\/><g transform=\"translate(3 3)\"><path d=\"M22.5,15l3.4,3.4-3.4,3.4\" transform=\"translate(-15.896 -11.793)\" fill=\"none\" stroke=\"#717171\" stroke-linecap=\"round\" stroke-width=\"1.4\"\/><path d=\"M6,6v4.2a2.452,2.452,0,0,0,2.5,2.4H16\" transform=\"translate(-6 -6)\" fill=\"none\" stroke=\"#717171\" stroke-linecap=\"round\" stroke-width=\"1.4\"\/><\/g><\/svg><\/span><span class=\"postViewMore_post-view-more-link-text__hO_kM\">N\u00e3o era s\u00f3 prender o Bolsonaro que a paz reinaria?<\/span><\/li>\n<\/ul>\n<\/div>\n<p class=\"postParagraph_post-paragraph__juWZN postParagraph_post-paragraph-innerHtml__Q5vwc\">Ali\u00e1s, \u00e9 curioso como os ministros do STF t\u00eam a infranque\u00e1vel necessidade de discutir o Brasil a muitos milhares de quil\u00f4metros do Brasil. O Gilmarpalooza, por exemplo, n\u00e3o pode ser realizado no Brasil, segundo Fl\u00e1vio Dino, porque no Brasil n\u00e3o tem espa\u00e7o (sic).<\/p>\n<p class=\"postParagraph_post-paragraph__juWZN postParagraph_post-paragraph-innerHtml__Q5vwc\">Enfim, o esc\u00e2ndalo Master n\u00e3o \u00e9 uma batata quente apenas nas m\u00e3os de Toffoli. E talvez uma aposentadoria por ditadura seja realmente muito pouco para mover um colunista. Talvez falar de lobby e transa\u00e7\u00f5es escamoteadas que gerem a necessidade de punir, finalmente, pela primeira vez desde G\u00eanese 1,1, um ministro do STF brasileiro.<\/p>\n<p class=\"postParagraph_post-paragraph__juWZN postParagraph_post-paragraph-innerHtml__Q5vwc\">Mas a puni\u00e7\u00e3o \u00e9 essa? Aposentadoria? Se h\u00e1 um enrosco no Brasil, \u00e9 essa ideia rid\u00edcula, ginasiana e b\u00e1rbara de que um ministro do STF s\u00f3 pode ser julgado pelos pr\u00f3prios pares ou \u201cpelo Senado\u201d, o que significa, na pr\u00e1tica, que \u00e9 apenas pelo presidente do Senado, que sempre ser\u00e1 indicado, no lobby das frinchas do poder, pelo\u2026 pr\u00f3prio STF.<\/p>\n<p class=\"postParagraph_post-paragraph__juWZN postParagraph_post-paragraph-innerHtml__Q5vwc\">Puni\u00e7\u00e3o \u00e9 cadeia. Algema nas costas. Revirar o celular igual ao que o STF adora fazer at\u00e9 com cabeleireira e pintor de parede. Cambur\u00e3o e sirene. Um uniforme laranja tamb\u00e9m urge ser adotado. E n\u00e3o se esque\u00e7a da tornozeleira. Embora o ideal mesmo sejam aquelas bolas de ferro na canela. Dever\u00edamos retomar do passado o que ele tinha de bom.<\/p>\n<blockquote class=\"postQuote_post-quote-container__KXTpH\">\n<div class=\"postQuote_post-quote-content__wp4c4\">\n<p>\u00c9 preciso punir ju\u00edzes do STF como se punem pessoas normais, abaixo das nuvens<\/p>\n<\/div>\n<\/blockquote>\n<p class=\"postParagraph_post-paragraph__juWZN postParagraph_post-paragraph-innerHtml__Q5vwc\">Basta criar um tribunal espec\u00edfico, com um desembargador de cada estado que nunca tenha trabalhado com aquele juiz, e julga-se ali mesmo \u2013 uma \u201cquarta inst\u00e2ncia\u201d que s\u00f3 julga um caso e \u00e9 desfeita a seguir. \u201cAh, mas desde a Segunda Guerra n\u00e3o se usa mais tribunal <em>ad hoc<\/em>!\u201d. E desde a Inquisi\u00e7\u00e3o que a mesma pessoa n\u00e3o julga e n\u00e3o conduz processo \u2013 que dir\u00e1 ser suposta v\u00edtima e conduzir oitiva e determinar para que delegado devem ser submetidos os autos, ou que se remetam ao pr\u00f3prio ministro todas as provas que a pol\u00edcia coletou\u2026 contra esse pr\u00f3prio ministro!<\/p>\n<p class=\"postParagraph_post-paragraph__juWZN postParagraph_post-paragraph-innerHtml__Q5vwc\">Presidentes do Senado tamb\u00e9m n\u00e3o podem empacar com pedidos de puni\u00e7\u00e3o a ministros do STF. \u201cAh, n\u00e3o estou com vontade.\u201d Problema seu, parceiro. Paute ou v\u00e1 preso junto. E \u00e9 preciso que outras pessoas tamb\u00e9m possam punir nossas Sumidades Supremas.<\/p>\n<p class=\"postParagraph_post-paragraph__juWZN postParagraph_post-paragraph-innerHtml__Q5vwc\">A pol\u00edcia n\u00e3o pode ficar sujeita aos arb\u00edtrios e siricoticos de ju\u00edzes. Ela pune o crime, mesmo o do juiz. E o juiz n\u00e3o pode punir o policial por isso. Tem de mandar para outra inst\u00e2ncia. E, se n\u00e3o mandar, de novo, \u00e9 crime contra a democracia e rende puni\u00e7\u00e3o. Que n\u00e3o \u00e9 advert\u00eancia ou aposentadoria depois de duas d\u00e9cadas de malversa\u00e7\u00f5es. \u00c9 cadeia, por ser crime contra a tal da democracia.<\/p>\n<p class=\"postParagraph_post-paragraph__juWZN postParagraph_post-paragraph-innerHtml__Q5vwc\">N\u00e3o h\u00e1 o menor sentido nesse arranjo esdr\u00faxulo no qual os ministros nunca podem ser punidos por nada. E s\u00f3 fazem cada vez mais atos dignos do Scar, vil\u00e3o do Rei Le\u00e3o. E, a cada novo ato, s\u00e3o incensados pela m\u00eddia, por medo ou coniv\u00eancia (ou cumplicidade?), como \u201cdefensores da democracia\u201d.<\/p>\n<p class=\"postParagraph_post-paragraph__juWZN postParagraph_post-paragraph-innerHtml__Q5vwc\">Ali\u00e1s, tamb\u00e9m precisamos parar de chamar ju\u00edzes de ministros, como se fossem parte do governo. Que, no fim, governam enquanto deveriam julgar. Qualquer ato al\u00e9m da Constitui\u00e7\u00e3o, qualquer \u201ccontrole direto de constitucionalidade\u201d e qualquer \u201cjulgamento por princ\u00edpios\u201d, qualquer ativismo judicial sem lei\u2026 tudo isso \u00e9 crime e suas decis\u00f5es poder\u00e3o ser revistas.<\/p>\n<p class=\"postParagraph_post-paragraph__juWZN postParagraph_post-paragraph-innerHtml__Q5vwc\">Por verdadeiros ju\u00edzes. N\u00e3o por ministros. Porque a era dos ministros deve ficar devidamente algemada. Com bola de ferro no p\u00e9.<\/p>\n<\/div>\n<p><br \/>\n<br \/>Fonte: <a href=\"https:\/\/www.gazetadopovo.com.br\/vozes\/flavio-morgenstern\/e-preciso-poder-punir-os-membros-do-stf\/\">Revista Oeste<\/a><\/p>\n","protected":false},"excerpt":{"rendered":"<p>Um colunista da grande m\u00eddia sugeriu que a paci\u00eancia com Dias Toffoli acabou. Game over. Problemas extremos requerem solu\u00e7\u00f5es extremas. Com o Brasil \u00e0 bancarrota, algu\u00e9m tem de ceder: ou o Brasil, ou Dias Toffoli. Este Vale de L\u00e1grimas \u00e9 pequeno demais para os dois. Chegou a hora do vamos ver. Quo usque tandem abutere, [&hellip;]<\/p>\n","protected":false},"author":5,"featured_media":62783,"comment_status":"open","ping_status":"open","sticky":false,"template":"","format":"standard","meta":{"_seopress_robots_primary_cat":"","_seopress_titles_title":"","_seopress_titles_desc":"","_seopress_robots_index":"","footnotes":""},"categories":[1],"tags":[],"class_list":["post-62909","post","type-post","status-publish","format-standard","has-post-thumbnail","hentry","category-ultimas-noticias"],"_links":{"self":[{"href":"https:\/\/mussicom.com\/noticias\/wp-json\/wp\/v2\/posts\/62909","targetHints":{"allow":["GET"]}}],"collection":[{"href":"https:\/\/mussicom.com\/noticias\/wp-json\/wp\/v2\/posts"}],"about":[{"href":"https:\/\/mussicom.com\/noticias\/wp-json\/wp\/v2\/types\/post"}],"author":[{"embeddable":true,"href":"https:\/\/mussicom.com\/noticias\/wp-json\/wp\/v2\/users\/5"}],"replies":[{"embeddable":true,"href":"https:\/\/mussicom.com\/noticias\/wp-json\/wp\/v2\/comments?post=62909"}],"version-history":[{"count":0,"href":"https:\/\/mussicom.com\/noticias\/wp-json\/wp\/v2\/posts\/62909\/revisions"}],"wp:featuredmedia":[{"embeddable":true,"href":"https:\/\/mussicom.com\/noticias\/wp-json\/wp\/v2\/media\/62783"}],"wp:attachment":[{"href":"https:\/\/mussicom.com\/noticias\/wp-json\/wp\/v2\/media?parent=62909"}],"wp:term":[{"taxonomy":"category","embeddable":true,"href":"https:\/\/mussicom.com\/noticias\/wp-json\/wp\/v2\/categories?post=62909"},{"taxonomy":"post_tag","embeddable":true,"href":"https:\/\/mussicom.com\/noticias\/wp-json\/wp\/v2\/tags?post=62909"}],"curies":[{"name":"wp","href":"https:\/\/api.w.org\/{rel}","templated":true}]}}