{"id":62887,"date":"2026-02-13T12:02:31","date_gmt":"2026-02-13T15:02:31","guid":{"rendered":"https:\/\/mussicom.com\/soja-sobe-em-chicago-e-cai-no-mercado-interno\/"},"modified":"2026-02-13T12:02:31","modified_gmt":"2026-02-13T15:02:31","slug":"soja-sobe-em-chicago-e-cai-no-mercado-interno","status":"publish","type":"post","link":"https:\/\/mussicom.com\/noticias\/soja-sobe-em-chicago-e-cai-no-mercado-interno\/","title":{"rendered":"Soja sobe em Chicago e cai no mercado interno"},"content":{"rendered":"<p> <br \/>\n<\/p>\n<div>\n<p style=\"text-align:justify\">A Central Internacional de An\u00e1lises Econ\u00f4micas e de Estudos de Mercado Agropecu\u00e1rio informou, em an\u00e1lise referente ao per\u00edodo de 19 de dezembro a 12 de fevereiro, divulgada nesta quinta-feira (12), que os pre\u00e7os internacionais da soja avan\u00e7aram no intervalo recente, enquanto as cota\u00e7\u00f5es internas recuaram no Brasil. \u201cNestes dois meses em que estivemos de recesso, assistimos a uma melhora nos pre\u00e7os internacionais da soja, a partir da cota\u00e7\u00e3o em Chicago, e uma piora nos pre\u00e7os internos da oleaginosa\u201d, registrou a entidade.&#13;\n<\/p>\n<p style=\"text-align:justify\">Na bolsa de Chicago, as cota\u00e7\u00f5es passaram por recuo em janeiro e recupera\u00e7\u00e3o na sequ\u00eancia. \u201cO bushel saiu de US$ 10,93 em 11 de dezembro, recuou para US$ 10,23 em 13 de janeiro e se recuperou para US$ 11,24 em 11 de fevereiro\u201d, apontou a Ceema. O fechamento desta quinta-feira (12) foi de US$ 11,37 por bushel na Chicago Board of Trade.<\/p>\n<p style=\"text-align:justify\">No mercado dom\u00e9stico, a Ceema destacou queda dos pre\u00e7os em reais. \u201cO saco de 60 quilos, que em meados de dezembro estava entre R$ 116,00 e R$ 127,00 nas principais pra\u00e7as, passou a registrar, em 11 de fevereiro, valores entre R$ 99,00 e R$ 117,00\u201d, informou. No Rio Grande do Sul, as refer\u00eancias recuaram de cerca de R$ 124,00 por saca para R$ 116,00 a R$ 117,00 no per\u00edodo.&#13;\n<\/p>\n<p style=\"text-align:justify\">No cen\u00e1rio externo, a entidade atribuiu a recupera\u00e7\u00e3o das cota\u00e7\u00f5es do \u00f3leo de soja \u00e0 alta do petr\u00f3leo e a fatores geopol\u00edticos. \u201cEntre 19 de dezembro e 10 de fevereiro, a libra-peso do \u00f3leo subiu 19,6% em d\u00f3lares\u201d, apontou a an\u00e1lise. A Ceema tamb\u00e9m citou perdas j\u00e1 observadas em lavouras brasileiras, com destaque para o Rio Grande do Sul. \u201cDe uma safra esperada ao redor de 21,4 milh\u00f5es de toneladas, j\u00e1 se pode indicar que ser\u00e1 abaixo de 20 milh\u00f5es, com relatos de perdas de at\u00e9 40% em algumas propriedades, em fun\u00e7\u00e3o do calor e da falta de chuvas\u201d, informou.<\/p>\n<p style=\"text-align:justify\">A an\u00e1lise acrescentou que declara\u00e7\u00f5es do presidente dos Estados Unidos, Donald Trump, sobre compras futuras da China de soja norte-americana para 2026 tamb\u00e9m entraram no radar do mercado. No Brasil, o recuo dos pre\u00e7os internos foi associado ao in\u00edcio da colheita, \u00e0 valoriza\u00e7\u00e3o do real e \u00e0 queda dos pr\u00eamios nos portos. \u201cA colheita avan\u00e7a e, apesar das perdas, o volume segue relevante; al\u00e9m disso, o real se valorizou para R$ 5,18 por d\u00f3lar nesta semana, ante R$ 5,57 no fim de dezembro, e os pr\u00eamios recuaram com a entrada da safra\u201d, afirmou a Ceema.&#13;\n<\/p>\n<p style=\"text-align:justify\">O relat\u00f3rio mais recente do USDA, divulgado em 10 de fevereiro, manteve a colheita dos Estados Unidos em 116 milh\u00f5es de toneladas e os estoques finais em 9,5 milh\u00f5es de toneladas para 2025\/26. \u201cA produ\u00e7\u00e3o mundial subiu para 428,2 milh\u00f5es de toneladas e os estoques finais globais para 125,5 milh\u00f5es\u201d, destacou a an\u00e1lise, acrescentando que as importa\u00e7\u00f5es chinesas foram mantidas em 112 milh\u00f5es de toneladas no atual ano comercial.<\/p>\n<\/p><\/div>\n<p><script data-cfasync=\"false\">\n    !function (f, b, e, v, n, t, s) {\n        if (f.fbq) return; n = f.fbq = function () {\n            n.callMethod ?\n                n.callMethod.apply(n, arguments) : n.queue.push(arguments)\n        };\n        if (!f._fbq) f._fbq = n; n.push = n; n.loaded = !0; n.version = '2.0';\n        n.queue = []; t = b.createElement(e); t.async = !0;\n        t.src = v; s = b.getElementsByTagName(e)[0];\n        s.parentNode.insertBefore(t, s)\n    }(window, document, 'script',\n        'https:\/\/connect.facebook.net\/en_US\/fbevents.js');\n    fbq('init', '522546078623747');\n    fbq('track', 'PageView');\n<\/script><br \/>\n<br \/><br \/>\n<br \/>Fonte: <a href=\"https:\/\/www.agrolink.com.br\/noticias\/soja-sobe-em-chicago-e-cai-no-mercado-interno_510947.html\">AGROLINK<\/a><\/p>\n","protected":false},"excerpt":{"rendered":"<p>A Central Internacional de An\u00e1lises Econ\u00f4micas e de Estudos de Mercado Agropecu\u00e1rio informou, em an\u00e1lise referente ao per\u00edodo de 19 de dezembro a 12 de fevereiro, divulgada nesta quinta-feira (12), que os pre\u00e7os internacionais da soja avan\u00e7aram no intervalo recente, enquanto as cota\u00e7\u00f5es internas recuaram no Brasil. \u201cNestes dois meses em que estivemos de recesso, [&hellip;]<\/p>\n","protected":false},"author":5,"featured_media":35141,"comment_status":"open","ping_status":"open","sticky":false,"template":"","format":"standard","meta":{"_seopress_robots_primary_cat":"","_seopress_titles_title":"","_seopress_titles_desc":"","_seopress_robots_index":"","footnotes":""},"categories":[53],"tags":[],"class_list":["post-62887","post","type-post","status-publish","format-standard","has-post-thumbnail","hentry","category-agronegocio"],"_links":{"self":[{"href":"https:\/\/mussicom.com\/noticias\/wp-json\/wp\/v2\/posts\/62887","targetHints":{"allow":["GET"]}}],"collection":[{"href":"https:\/\/mussicom.com\/noticias\/wp-json\/wp\/v2\/posts"}],"about":[{"href":"https:\/\/mussicom.com\/noticias\/wp-json\/wp\/v2\/types\/post"}],"author":[{"embeddable":true,"href":"https:\/\/mussicom.com\/noticias\/wp-json\/wp\/v2\/users\/5"}],"replies":[{"embeddable":true,"href":"https:\/\/mussicom.com\/noticias\/wp-json\/wp\/v2\/comments?post=62887"}],"version-history":[{"count":0,"href":"https:\/\/mussicom.com\/noticias\/wp-json\/wp\/v2\/posts\/62887\/revisions"}],"wp:featuredmedia":[{"embeddable":true,"href":"https:\/\/mussicom.com\/noticias\/wp-json\/wp\/v2\/media\/35141"}],"wp:attachment":[{"href":"https:\/\/mussicom.com\/noticias\/wp-json\/wp\/v2\/media?parent=62887"}],"wp:term":[{"taxonomy":"category","embeddable":true,"href":"https:\/\/mussicom.com\/noticias\/wp-json\/wp\/v2\/categories?post=62887"},{"taxonomy":"post_tag","embeddable":true,"href":"https:\/\/mussicom.com\/noticias\/wp-json\/wp\/v2\/tags?post=62887"}],"curies":[{"name":"wp","href":"https:\/\/api.w.org\/{rel}","templated":true}]}}