{"id":62856,"date":"2026-02-13T08:55:22","date_gmt":"2026-02-13T11:55:22","guid":{"rendered":"https:\/\/mussicom.com\/meis-no-setor-de-velas-aromaticas-crescem-1956-no-estado-de-sao-paulo-nos-ultimos-cinco-anos\/"},"modified":"2026-02-13T08:55:22","modified_gmt":"2026-02-13T11:55:22","slug":"meis-no-setor-de-velas-aromaticas-crescem-1956-no-estado-de-sao-paulo-nos-ultimos-cinco-anos","status":"publish","type":"post","link":"https:\/\/mussicom.com\/noticias\/meis-no-setor-de-velas-aromaticas-crescem-1956-no-estado-de-sao-paulo-nos-ultimos-cinco-anos\/","title":{"rendered":"MEIs no setor de velas arom\u00e1ticas crescem 195,6% no estado de S\u00e3o Paulo nos \u00faltimos cinco anos"},"content":{"rendered":"<p> <br \/>\n<\/p>\n<div id=\"texto\">\n<p>Nos \u00faltimos cinco anos, o mercado de velas artesanais arom\u00e1ticas apresentou crescimento entre os Microempreendedores Individuais (MEIs). De acordo com um levantamento do Sebrae-SP, com dados da Receita Federal, o n\u00famero de MEIs ativos no setor de fabrica\u00e7\u00e3o de velas aumentou de 570 em 2021 para 1.685 em 2025, um salto de 195,6%.<br \/>&#13;<br \/>\n\u00a0<\/p>\n<p>No estado de S\u00e3o Paulo, algumas cidades se destacam pela quantidade de microempreendedores atuantes no setor. A capital lidera o ranking, com 578 MEIs ativos, seguida por Guarulhos (52), Campinas (49), Santo Andr\u00e9 (48) e S\u00e3o Jos\u00e9 dos Campos (31).<br \/>&#13;<br \/>\n\u00a0<\/p>\n<p>Com um mercado cada vez mais aquecido, \u00e9 essencial buscar estrat\u00e9gias para se destacar. A analista do Sebrae-SP, Beatriz Micheletto, destaca: &#8220;Como tend\u00eancia, \u00e9 importante monitorar o mercado para entender o que os consumidores desejam a cada per\u00edodo. Para esse segmento, \u00e9 fundamental apostar em mat\u00e9rias-primas naturais, sustent\u00e1veis e que n\u00e3o agridam a sa\u00fade e o meio ambiente.&#8221;<br \/>&#13;<br \/>\n\u00a0<\/p>\n<p>Empres\u00e1ria na cidade de S\u00e3o Paulo, Shirley P\u00e9rola \u00e9 empreendedora h\u00e1 13 anos, quando realizou o sonho de montar um sal\u00e3o de beleza. Durante a pandemia percebeu que muitas clientes buscavam mais do que a est\u00e9tica, desejavam tamb\u00e9m acolhimento. Foi nesse cen\u00e1rio que Shirley viu a oportunidade de expandir os neg\u00f3cios e passou a produzir velas arom\u00e1ticas. &#8220;Eu resolvi personalizar uma vela arom\u00e1tica para cada atendimento, a fim de proporcionar esse acolhimento. Ao final de cada atendimento, presenteio a cliente com a vela.&#8221; Assim nasceu a P\u00e9rola Cosm\u00e9tick.<br \/>&#13;<br \/>\n\u00a0<\/p>\n<p>O crescimento do setor acompanha o aumento do interesse do p\u00fablico pelo segmento. De acordo com o Google Trends, nos \u00faltimos cinco anos, houve um aumento nas buscas por termos relacionados a velas arom\u00e1ticas, incluindo pesquisas sobre como produzi-las, o que indica interesse tanto no consumo quanto na produ\u00e7\u00e3o desses itens.<br \/>&#13;<br \/>\n\u00a0<\/p>\n<p>Beatriz ressalta que a fabrica\u00e7\u00e3o de velas arom\u00e1ticas vai al\u00e9m da decora\u00e7\u00e3o ou do aconchego, elas tamb\u00e9m despertam os sentidos. &#8220;As pessoas est\u00e3o buscando produtos naturais (as velas artesanais s\u00e3o feitas com \u00f3leo de coco, que n\u00e3o fica cheiro de parafina) que transformem seus ambientes com beleza e aconchego, e por isso, as velas entram na decora\u00e7\u00e3o de ambientes. Mas al\u00e9m disso, elas tamb\u00e9m disparam alguns gatilhos como concentra\u00e7\u00e3o e medita\u00e7\u00e3o, essas sensa\u00e7\u00f5es sinest\u00e9sicas que podem ter rela\u00e7\u00e3o com os aromas envolvidos na fabrica\u00e7\u00e3o dos produtos.&#8221;<br \/>&#13;<br \/>\n\u00a0<\/p>\n<p>Pensando nisso, Shirley busca estudar as sensa\u00e7\u00f5es que cada aroma desperta na mente humana, conversando com as clientes para entender se gostam de aromas mais c\u00edtricos, amadeirados ou frut\u00edferos: &#8220;\u00c9 preciso estudar cada cheiro, porque da mesma forma que um aroma pode despertar uma lembran\u00e7a boa, se n\u00e3o souber trabalh\u00e1-lo, posso acabar despertando um sentimento ruim.&#8221;<br \/>&#13;<br \/>\n\u00a0<\/p>\n<p>Em 2024, com o apoio do Sebrae-SP, a empres\u00e1ria expos seus produtos na Feira NaturalTech, uma oportunidade de conquistar clientes, expandir os neg\u00f3cios e conhecer novos mercados: &#8220;Foi uma experi\u00eancia muito boa, com muitos insights e dicas, inclusive, percebi a possibilidade de exportar. Hoje estou buscando algumas certifica\u00e7\u00f5es que podem me ajudar a levar os meus produtos para mais lugares.&#8221; Atualmente, ela vende as velas em plataformas on-line e em uma loja colaborativa.<\/p>\n<p>\u00a0<\/p>\n<p>A analista pontua que \u00e9 necess\u00e1rio estrat\u00e9gia, planejamento e paix\u00e3o na hora de empreender. &#8220;Pesquise muito, siga influenciadores do segmento e fa\u00e7a an\u00e1lises. Fa\u00e7a um planejamento para iniciar de forma estruturada e busque seu diferencial no mercado. Veja se voc\u00ea tem afinidade com o neg\u00f3cio. O empreendedor precisa amar o que faz e n\u00e3o apenas come\u00e7ar porque \u00e9 uma oportunidade lucrativa.&#8221;<br \/>&#13;<br \/>\n\u00a0<\/p>\n<p>Para se destacar em um mercado cada vez mais competitivo, Shirley busca oferecer mais do que velas: ela quer proporcionar ao consumidor uma verdadeira experi\u00eancia. Para isso, investiu em aromas exclusivos, inspirados no bioma nativo da Mata Atl\u00e2ntica, como os frutos de cambuci e de uvaia: &#8220;Eu desenvolvi, a partir do fruto do cambuci, moldes com o formato da fruta, o que torna a experi\u00eancia mais imersiva. Al\u00e9m disso, esses frutos naturais possuem propriedades que auxiliam na sa\u00fade e no bem-estar.&#8221;<br \/>&#13;<br \/>\n\u00a0<\/p>\n<p>&#8220;Quando um empreendedor define seu diferencial, inova constantemente e sabe aonde quer chegar, ele sempre encontrar\u00e1 seu espa\u00e7o no mercado. A dica de ouro \u00e9: encontre o &#8216;DNA&#8217; do seu neg\u00f3cio, encante e conquiste seus clientes&#8221;, finaliza Beatriz.<\/p>\n<\/p><\/div>\n<p><script async defer crossorigin=\"anonymous\" src=\"https:\/\/connect.facebook.net\/pt_BR\/sdk.js#xfbml=1&#038;version=v12.0&#038;appId=&#038;autoLogAppEvents=1\" nonce=\"ou0fI1lo\"><\/script><br \/>\n<br \/><br \/>\n<br \/>Fonte: <a href=\"https:\/\/www.bs9.com.br\/brasil\/meis-no-setor-de-velas-aromaticas-crescem-1956-no-estado-de-sao\/37642\/\">BS9<\/a><\/p>\n","protected":false},"excerpt":{"rendered":"<p>Nos \u00faltimos cinco anos, o mercado de velas artesanais arom\u00e1ticas apresentou crescimento entre os Microempreendedores Individuais (MEIs). De acordo com um levantamento do Sebrae-SP, com dados da Receita Federal, o n\u00famero de MEIs ativos no setor de fabrica\u00e7\u00e3o de velas aumentou de 570 em 2021 para 1.685 em 2025, um salto de 195,6%.&#13; \u00a0 No [&hellip;]<\/p>\n","protected":false},"author":5,"featured_media":62857,"comment_status":"open","ping_status":"open","sticky":false,"template":"","format":"standard","meta":{"_seopress_robots_primary_cat":"","_seopress_titles_title":"","_seopress_titles_desc":"","_seopress_robots_index":"","footnotes":""},"categories":[52],"tags":[],"class_list":["post-62856","post","type-post","status-publish","format-standard","has-post-thumbnail","hentry","category-santoseregiao"],"_links":{"self":[{"href":"https:\/\/mussicom.com\/noticias\/wp-json\/wp\/v2\/posts\/62856","targetHints":{"allow":["GET"]}}],"collection":[{"href":"https:\/\/mussicom.com\/noticias\/wp-json\/wp\/v2\/posts"}],"about":[{"href":"https:\/\/mussicom.com\/noticias\/wp-json\/wp\/v2\/types\/post"}],"author":[{"embeddable":true,"href":"https:\/\/mussicom.com\/noticias\/wp-json\/wp\/v2\/users\/5"}],"replies":[{"embeddable":true,"href":"https:\/\/mussicom.com\/noticias\/wp-json\/wp\/v2\/comments?post=62856"}],"version-history":[{"count":0,"href":"https:\/\/mussicom.com\/noticias\/wp-json\/wp\/v2\/posts\/62856\/revisions"}],"wp:featuredmedia":[{"embeddable":true,"href":"https:\/\/mussicom.com\/noticias\/wp-json\/wp\/v2\/media\/62857"}],"wp:attachment":[{"href":"https:\/\/mussicom.com\/noticias\/wp-json\/wp\/v2\/media?parent=62856"}],"wp:term":[{"taxonomy":"category","embeddable":true,"href":"https:\/\/mussicom.com\/noticias\/wp-json\/wp\/v2\/categories?post=62856"},{"taxonomy":"post_tag","embeddable":true,"href":"https:\/\/mussicom.com\/noticias\/wp-json\/wp\/v2\/tags?post=62856"}],"curies":[{"name":"wp","href":"https:\/\/api.w.org\/{rel}","templated":true}]}}