{"id":62848,"date":"2026-02-13T07:51:17","date_gmt":"2026-02-13T10:51:17","guid":{"rendered":"https:\/\/mussicom.com\/eua-enviarao-maior-porta-avioes-do-mundo-ao-oriente-medio\/"},"modified":"2026-02-13T07:51:17","modified_gmt":"2026-02-13T10:51:17","slug":"eua-enviarao-maior-porta-avioes-do-mundo-ao-oriente-medio","status":"publish","type":"post","link":"https:\/\/mussicom.com\/noticias\/eua-enviarao-maior-porta-avioes-do-mundo-ao-oriente-medio\/","title":{"rendered":"EUA enviar\u00e3o maior porta-avi\u00f5es do mundo ao Oriente M\u00e9dio"},"content":{"rendered":"<p> <br \/>\n<\/p>\n<div id=\"tp-post-content\">\n<p class=\"postParagraph_post-paragraph__juWZN postParagraph_post-paragraph-innerHtml__Q5vwc\">O maior porta-avi\u00f5es do mundo, o USS Gerald R. Ford, e seus navios de escolta, que atualmente est\u00e3o posicionados no mar do Caribe, ser\u00e3o transferidos para o Oriente M\u00e9dio, segundo relataram quatro autoridades americanas que falaram sob condi\u00e7\u00e3o de anonimato ao jornal<em> The New York Times<\/em>.<\/p>\n<p class=\"postParagraph_post-paragraph__juWZN postParagraph_post-paragraph-innerHtml__Q5vwc\">O an\u00fancio surge em meio a uma crescente tens\u00e3o entre o governo de Donald Trump e o regime do Ir\u00e3.<\/p>\n<p class=\"postParagraph_post-paragraph__juWZN postParagraph_post-paragraph-innerHtml__Q5vwc\">Os tripulantes foram avisados da decis\u00e3o nesta quinta-feira (12). O porta-avi\u00f5es deve continuar estacionado na regi\u00e3o at\u00e9, no m\u00ednimo, o in\u00edcio de maio, de acordo com as fontes.<\/p>\n<p class=\"postParagraph_post-paragraph__juWZN postParagraph_post-paragraph-innerHtml__Q5vwc\">Os EUA j\u00e1 contam com outro grupo de ataque posicionado no Golfo P\u00e9rsico, o USS Abraham Lincoln, como parte da campanha de press\u00e3o contra Teer\u00e3. Trump j\u00e1 havia sinalizado nesta semana que pretendia enviar um segundo porta-avi\u00f5es para a regi\u00e3o, mas n\u00e3o deu detalhes de qual poderia ser.<\/p>\n<h2 class=\"postParagraph_post-paragraph__juWZN postParagraph_post-paragraph-innerHtml__Q5vwc postParagraph_type-tag-h2__TtFkT\">Porta-avi\u00f5es foi usado em opera\u00e7\u00e3o de captura do ditador Maduro<\/h2>\n<p class=\"postParagraph_post-paragraph__juWZN postParagraph_post-paragraph-innerHtml__Q5vwc\">O\u00a0USS Gerald R. Ford foi redirecionado para o Caribe em outubro para a opera\u00e7\u00e3o destinada a refor\u00e7ar o combate ao narcotr\u00e1fico internacional na Am\u00e9rica Latina.<\/p>\n<p class=\"postParagraph_post-paragraph__juWZN postParagraph_post-paragraph-innerHtml__Q5vwc\">Meses depois, os americanos intensificaram a press\u00e3o sobre a Venezuela e acabaram capturando o ditador Nicol\u00e1s Maduro, em 3 de janeiro.<\/p>\n<p class=\"postParagraph_post-paragraph__juWZN postParagraph_post-paragraph-innerHtml__Q5vwc\">A embarca\u00e7\u00e3o \u00e9 considerada o maior e mais poderoso navio de guerra j\u00e1 constru\u00eddo e se tornou o s\u00edmbolo m\u00e1ximo da superioridade naval americana.<\/p>\n<p class=\"postParagraph_post-paragraph__juWZN postParagraph_post-paragraph-innerHtml__Q5vwc\">Trump insistiu nesta quinta-feira na necessidade de chegar a um acordo nuclear com o Ir\u00e3, porque \u201ccaso contr\u00e1rio, ser\u00e1 muito traum\u00e1tico\u201d para o pa\u00eds. De acordo com o l\u00edder republicano, Teer\u00e3 deveria \u201cter chegado a um acordo na primeira vez. Em vez disso, eles sofreram o Midnight Hammer (referindo-se \u00e0 opera\u00e7\u00e3o Martelo da Meia-Noite), na qual os EUA bombardearam tr\u00eas instala\u00e7\u00f5es nucleares iranianas em junho passado.<\/p>\n<p class=\"postParagraph_post-paragraph__juWZN postParagraph_post-paragraph-innerHtml__Q5vwc\">As negocia\u00e7\u00f5es para fechar um acordo nuclear entre EUA e Ir\u00e3 foram retomadas na semana passada, na primeira reuni\u00e3o desde a guerra de 12 dias que ocorreu em junho do ano passado entre o Ir\u00e3 e Israel, na qual Washington participou e bombardeou instala\u00e7\u00f5es nucleares iranianas.<\/p>\n<\/div>\n<p><br \/>\n<br \/>Fonte: <a href=\"https:\/\/www.gazetadopovo.com.br\/mundo\/eua-enviarao-maior-porta-avioes-do-mundo-ao-oriente-medio-diz-jornal\/\">Revista Oeste<\/a><\/p>\n","protected":false},"excerpt":{"rendered":"<p>O maior porta-avi\u00f5es do mundo, o USS Gerald R. Ford, e seus navios de escolta, que atualmente est\u00e3o posicionados no mar do Caribe, ser\u00e3o transferidos para o Oriente M\u00e9dio, segundo relataram quatro autoridades americanas que falaram sob condi\u00e7\u00e3o de anonimato ao jornal The New York Times. O an\u00fancio surge em meio a uma crescente tens\u00e3o [&hellip;]<\/p>\n","protected":false},"author":5,"featured_media":62849,"comment_status":"open","ping_status":"open","sticky":false,"template":"","format":"standard","meta":{"_seopress_robots_primary_cat":"","_seopress_titles_title":"","_seopress_titles_desc":"","_seopress_robots_index":"","footnotes":""},"categories":[48],"tags":[],"class_list":["post-62848","post","type-post","status-publish","format-standard","has-post-thumbnail","hentry","category-internacional"],"_links":{"self":[{"href":"https:\/\/mussicom.com\/noticias\/wp-json\/wp\/v2\/posts\/62848","targetHints":{"allow":["GET"]}}],"collection":[{"href":"https:\/\/mussicom.com\/noticias\/wp-json\/wp\/v2\/posts"}],"about":[{"href":"https:\/\/mussicom.com\/noticias\/wp-json\/wp\/v2\/types\/post"}],"author":[{"embeddable":true,"href":"https:\/\/mussicom.com\/noticias\/wp-json\/wp\/v2\/users\/5"}],"replies":[{"embeddable":true,"href":"https:\/\/mussicom.com\/noticias\/wp-json\/wp\/v2\/comments?post=62848"}],"version-history":[{"count":0,"href":"https:\/\/mussicom.com\/noticias\/wp-json\/wp\/v2\/posts\/62848\/revisions"}],"wp:featuredmedia":[{"embeddable":true,"href":"https:\/\/mussicom.com\/noticias\/wp-json\/wp\/v2\/media\/62849"}],"wp:attachment":[{"href":"https:\/\/mussicom.com\/noticias\/wp-json\/wp\/v2\/media?parent=62848"}],"wp:term":[{"taxonomy":"category","embeddable":true,"href":"https:\/\/mussicom.com\/noticias\/wp-json\/wp\/v2\/categories?post=62848"},{"taxonomy":"post_tag","embeddable":true,"href":"https:\/\/mussicom.com\/noticias\/wp-json\/wp\/v2\/tags?post=62848"}],"curies":[{"name":"wp","href":"https:\/\/api.w.org\/{rel}","templated":true}]}}