{"id":62842,"date":"2026-02-13T06:54:44","date_gmt":"2026-02-13T09:54:44","guid":{"rendered":"https:\/\/mussicom.com\/registrada-alta-de-61-na-area-tratada-em-2025\/"},"modified":"2026-02-13T06:54:44","modified_gmt":"2026-02-13T09:54:44","slug":"registrada-alta-de-61-na-area-tratada-em-2025","status":"publish","type":"post","link":"https:\/\/mussicom.com\/noticias\/registrada-alta-de-61-na-area-tratada-em-2025\/","title":{"rendered":"Registrada alta de 6,1% na \u00e1rea tratada em 2025"},"content":{"rendered":"<p> <br \/>\n<\/p>\n<div>\n<p>A \u00e1rea tratada com defensivos agr\u00edcolas no Brasil deve encerrar o ciclo de 2025 em alta, refletindo a din\u00e2mica observada ao longo do ano nas principais regi\u00f5es produtoras. A estimativa indica crescimento de 6,1% em rela\u00e7\u00e3o a 2024, com um total de 2,6 bilh\u00f5es de hectares tratados.&#13;\n<\/p>\n<p>A terceira proje\u00e7\u00e3o foi elaborada pela Kynetec Brasil, a pedido do Sindicato Nacional da Ind\u00fastria de Produtos para a Defesa Vegetal. O levantamento utiliza como base a \u00c1rea Potencial Tratada, indicador que considera n\u00e3o apenas a \u00e1rea cultivada, mas tamb\u00e9m o n\u00famero de aplica\u00e7\u00f5es realizadas e a quantidade de produtos utilizados no tanque, permitindo medir a intensidade de uso das tecnologias no campo.<\/p>\n<p>O desempenho do setor variou entre os dois semestres. Nos primeiros meses do ano, a seca no Sul e a retra\u00e7\u00e3o dos pre\u00e7os da safra anterior impactaram o ritmo de aplica\u00e7\u00f5es. J\u00e1 na segunda metade de 2025, o avan\u00e7o da \u00e1rea cultivada, especialmente de soja e milho, e o in\u00edcio da safra 25\/26 trouxeram maior dinamismo. O plantio dentro do per\u00edodo preferencial e o avan\u00e7o das aplica\u00e7\u00f5es iniciais contribu\u00edram para o resultado, assim como a maior press\u00e3o de pragas, doen\u00e7as f\u00fangicas e o manejo de resist\u00eancia de plantas daninhas.&#13;\n<\/p>\n<p>Do total aplicado, 45% correspondem a herbicidas, 23% a fungicidas, 23% a inseticidas, 1% a tratamentos de sementes e 7% a outros produtos, como adjuvantes e reguladores de crescimento.<\/p>\n<p>A soja lidera o ranking por cultura, com 55% da \u00e1rea tratada, seguida por milho, algod\u00e3o, pastagem e cana. No recorte regional, Mato Grosso e Rond\u00f4nia concentram 32% do total, seguidos por BAMATOPIPA, S\u00e3o Paulo e Minas Gerais, al\u00e9m dos estados do Sul e Centro-Oeste. O fechamento oficial ocorrer\u00e1 em abril, ap\u00f3s a consolida\u00e7\u00e3o dos dados da safra de soja.<br \/>&#13;<br \/>\n\u00a0<\/p>\n<\/p><\/div>\n<p><script data-cfasync=\"false\">\n    !function (f, b, e, v, n, t, s) {\n        if (f.fbq) return; n = f.fbq = function () {\n            n.callMethod ?\n                n.callMethod.apply(n, arguments) : n.queue.push(arguments)\n        };\n        if (!f._fbq) f._fbq = n; n.push = n; n.loaded = !0; n.version = '2.0';\n        n.queue = []; t = b.createElement(e); t.async = !0;\n        t.src = v; s = b.getElementsByTagName(e)[0];\n        s.parentNode.insertBefore(t, s)\n    }(window, document, 'script',\n        'https:\/\/connect.facebook.net\/en_US\/fbevents.js');\n    fbq('init', '522546078623747');\n    fbq('track', 'PageView');\n<\/script><br \/>\n<br \/><br \/>\n<br \/>Fonte: <a href=\"https:\/\/www.agrolink.com.br\/noticias\/registrada-alta-de-6-1--na-area-tratada-em-2025_510921.html\">AGROLINK<\/a><\/p>\n","protected":false},"excerpt":{"rendered":"<p>A \u00e1rea tratada com defensivos agr\u00edcolas no Brasil deve encerrar o ciclo de 2025 em alta, refletindo a din\u00e2mica observada ao longo do ano nas principais regi\u00f5es produtoras. A estimativa indica crescimento de 6,1% em rela\u00e7\u00e3o a 2024, com um total de 2,6 bilh\u00f5es de hectares tratados.&#13; A terceira proje\u00e7\u00e3o foi elaborada pela Kynetec Brasil, [&hellip;]<\/p>\n","protected":false},"author":5,"featured_media":62843,"comment_status":"open","ping_status":"open","sticky":false,"template":"","format":"standard","meta":{"_seopress_robots_primary_cat":"","_seopress_titles_title":"","_seopress_titles_desc":"","_seopress_robots_index":"","footnotes":""},"categories":[53],"tags":[],"class_list":["post-62842","post","type-post","status-publish","format-standard","has-post-thumbnail","hentry","category-agronegocio"],"_links":{"self":[{"href":"https:\/\/mussicom.com\/noticias\/wp-json\/wp\/v2\/posts\/62842","targetHints":{"allow":["GET"]}}],"collection":[{"href":"https:\/\/mussicom.com\/noticias\/wp-json\/wp\/v2\/posts"}],"about":[{"href":"https:\/\/mussicom.com\/noticias\/wp-json\/wp\/v2\/types\/post"}],"author":[{"embeddable":true,"href":"https:\/\/mussicom.com\/noticias\/wp-json\/wp\/v2\/users\/5"}],"replies":[{"embeddable":true,"href":"https:\/\/mussicom.com\/noticias\/wp-json\/wp\/v2\/comments?post=62842"}],"version-history":[{"count":0,"href":"https:\/\/mussicom.com\/noticias\/wp-json\/wp\/v2\/posts\/62842\/revisions"}],"wp:featuredmedia":[{"embeddable":true,"href":"https:\/\/mussicom.com\/noticias\/wp-json\/wp\/v2\/media\/62843"}],"wp:attachment":[{"href":"https:\/\/mussicom.com\/noticias\/wp-json\/wp\/v2\/media?parent=62842"}],"wp:term":[{"taxonomy":"category","embeddable":true,"href":"https:\/\/mussicom.com\/noticias\/wp-json\/wp\/v2\/categories?post=62842"},{"taxonomy":"post_tag","embeddable":true,"href":"https:\/\/mussicom.com\/noticias\/wp-json\/wp\/v2\/tags?post=62842"}],"curies":[{"name":"wp","href":"https:\/\/api.w.org\/{rel}","templated":true}]}}