{"id":62835,"date":"2026-02-13T05:52:58","date_gmt":"2026-02-13T08:52:58","guid":{"rendered":"https:\/\/mussicom.com\/sao-vicente-lanca-programa-de-reurbanizacao-de-grandes-vias\/"},"modified":"2026-02-13T05:52:58","modified_gmt":"2026-02-13T08:52:58","slug":"sao-vicente-lanca-programa-de-reurbanizacao-de-grandes-vias","status":"publish","type":"post","link":"https:\/\/mussicom.com\/noticias\/sao-vicente-lanca-programa-de-reurbanizacao-de-grandes-vias\/","title":{"rendered":"S\u00e3o Vicente lan\u00e7a programa de reurbaniza\u00e7\u00e3o de grandes vias"},"content":{"rendered":"<p> <br \/>\n<\/p>\n<div id=\"texto\">\n<p>A Prefeitura de S\u00e3o Vicente lan\u00e7ou, na noite desta ter\u00e7a-feira (10), o programa &#8220;S\u00e3o Vicente no Eixo&#8221;, pacote de reurbaniza\u00e7\u00f5es que prev\u00ea interven\u00e7\u00f5es estruturais sobre as principais vias de circula\u00e7\u00e3o da Cidade. Com investimento superior \u00e0 marca de R$ 36,5 milh\u00f5es, a iniciativa contempla vias de grande fluxo de moradores, trabalhadores e turistas, refor\u00e7ando o processo de transforma\u00e7\u00e3o do Munic\u00edpio. A cerim\u00f4nia foi realizada no Espa\u00e7o Plataforma (Ilha Porchat), contando com autoridades municipais e acad\u00eamicas e integrantes do setor privado.<br \/>&#13;<br \/>\n\u00a0<\/p>\n<p>Os projetos incluem melhorias de acessibilidade, requalifica\u00e7\u00e3o de cal\u00e7adas, ciclovias, reorganiza\u00e7\u00e3o vi\u00e1ria e paisagismo nas avenidas Capit\u00e3o-Mor Aguiar, Capit\u00e3o Luiz Ant\u00f4nio Pimenta, Linha Amarela e no canteiro central do Itarar\u00e9 \u2014 eixos considerados estrat\u00e9gicos para a mobilidade, o com\u00e9rcio e o turismo. O programa tamb\u00e9m comp\u00f5e o projeto de extens\u00e3o do VLT \u00e0 \u00c1rea Continental.<br \/>&#13;<br \/>\n\u00a0<\/p>\n<p>&#8220;Estamos preparando S\u00e3o Vicente para um novo ciclo de desenvolvimento. A Cidade vai receber o Instituto Federal, um novo complexo materno-infantil e a expans\u00e3o do VLT. \u00c9 o in\u00edcio de uma nova hist\u00f3ria&#8221;, afirmou o prefeito Kayo Amado.<br \/>&#13;<br \/>\n\u00a0<\/p>\n<p><strong>Interven\u00e7\u00f5es<\/strong><br \/>&#13;<br \/>\nLinha Amarela \u2013 Principal liga\u00e7\u00e3o entre a regi\u00e3o Insular, a \u00c1rea Continental e munic\u00edpios vizinhos, a via receber\u00e1 cal\u00e7adas padronizadas com o piso nos dois lados da via, amplia\u00e7\u00e3o de vagas de estacionamento, implanta\u00e7\u00e3o de travessias elevadas e novo paisagismo.<br \/>&#13;<br \/>\n\u00a0<\/p>\n<p>Av. Capit\u00e3o-Mor Aguiar \u2013 Eixo de conex\u00e3o com o centro comercial e futuro endere\u00e7o do Complexo Materno-Infantil, ter\u00e1 cal\u00e7adas padronizadas nos dois lados da via, ciclovia no canteiro central e rampas de acessibilidade, al\u00e9m de ciclofaixas integrando a via \u00e0 Linha Amarela.<br \/>&#13;<br \/>\n\u00a0<\/p>\n<p>Av. Capit\u00e3o Luiz Ant\u00f4nio Pimenta \u2013 Porta de entrada da cidade e futura sede do Instituto Federal, ser\u00e1 reestruturada com cal\u00e7adas padronizadas dos dois lados da via, ciclovia, travessias elevadas e paisagismo.<br \/>&#13;<br \/>\n\u00a0<\/p>\n<p>Canteiro central do Itarar\u00e9 \u2013 O canteiro central do Itarar\u00e9 ganhar\u00e1 reurbaniza\u00e7\u00e3o, paisagismo, acessibilidade e ajustes nos acessos de todo o canteiro central, ligando todo o trecho da Ilha Porchat at\u00e9 a divisa com Santos. O projeto tamb\u00e9m contempla a revitaliza\u00e7\u00e3o da Pra\u00e7a Elos Clube \u2014 refor\u00e7ando as conex\u00f5es com a tradi\u00e7\u00e3o portuguesa. O local possui um monumento do poeta lusitano, Lu\u00eds de Cam\u00f5es.<\/p>\n<p>\u00a0<\/p>\n<p>VLT para a \u00c1rea Continental \u2013 Com 7,5 km de linha ferrovi\u00e1ria, o VLT chegar\u00e1 \u00e0 \u00c1rea Continental por meio de quatro novas esta\u00e7\u00f5es: Ponte Nova, Quarenten\u00e1rio, Rio Branco e Terminal Samarit\u00e1.<br \/>&#13;<br \/>\n\u00a0<\/p>\n<p>Os projetos entrar\u00e3o em processo licitat\u00f3rio nos pr\u00f3ximos dias e as obras iniciar\u00e3o ainda neste semestre.<br \/>&#13;<br \/>\n\u00a0<\/p>\n<p>Para o diretor da Unesp \u2013 Campus S\u00e3o Vicente, Odair Almeida, as interven\u00e7\u00f5es fortalecem a integra\u00e7\u00e3o urbana. &#8220;Conex\u00e3o \u00e9 a palavra-chave. A melhoria dos acessos amplia a seguran\u00e7a e facilita a mobilidade de estudantes, servidores e moradores do entorno.&#8221;<br \/>&#13;<br \/>\n\u00a0<\/p>\n<p>&#8220;As cidades que crescem s\u00e3o as que planejam. Estamos organizando S\u00e3o Vicente para os pr\u00f3ximos 500 anos, com obras que devolvem autoestima, atraem investimentos e melhoram o dia a dia da popula\u00e7\u00e3o&#8221;, concluiu Kayo Amado.<\/p>\n<p>\u00a0<\/p>\n<div data-oembed-url=\"https:\/\/youtu.be\/X4d6vOHnJTY\">\n<p><iframe title=\"S\u00e3o Vicente no Eixo \u2013 Reurbaniza\u00e7\u00e3o de Grandes Vias\" width=\"800\" height=\"450\" src=\"https:\/\/www.youtube.com\/embed\/X4d6vOHnJTY?feature=oembed\" frameborder=\"0\" allow=\"accelerometer; autoplay; clipboard-write; encrypted-media; gyroscope; picture-in-picture; web-share\" referrerpolicy=\"strict-origin-when-cross-origin\" allowfullscreen><\/iframe><\/p>\n<\/div>\n<p>\u00a0<\/p>\n<\/p><\/div>\n<p><script async defer crossorigin=\"anonymous\" src=\"https:\/\/connect.facebook.net\/pt_BR\/sdk.js#xfbml=1&#038;version=v12.0&#038;appId=&#038;autoLogAppEvents=1\" nonce=\"ou0fI1lo\"><\/script><br \/>\n<br \/><br \/>\n<br \/>Fonte: <a href=\"https:\/\/www.bs9.com.br\/litoral\/sao-vicente-lanca-programa-de-reurbanizacao-de-grandes-vias\/37646\/\">BS9<\/a><\/p>\n","protected":false},"excerpt":{"rendered":"<p>A Prefeitura de S\u00e3o Vicente lan\u00e7ou, na noite desta ter\u00e7a-feira (10), o programa &#8220;S\u00e3o Vicente no Eixo&#8221;, pacote de reurbaniza\u00e7\u00f5es que prev\u00ea interven\u00e7\u00f5es estruturais sobre as principais vias de circula\u00e7\u00e3o da Cidade. Com investimento superior \u00e0 marca de R$ 36,5 milh\u00f5es, a iniciativa contempla vias de grande fluxo de moradores, trabalhadores e turistas, refor\u00e7ando o [&hellip;]<\/p>\n","protected":false},"author":5,"featured_media":62836,"comment_status":"open","ping_status":"open","sticky":false,"template":"","format":"standard","meta":{"_seopress_robots_primary_cat":"","_seopress_titles_title":"","_seopress_titles_desc":"","_seopress_robots_index":"","footnotes":""},"categories":[52],"tags":[],"class_list":["post-62835","post","type-post","status-publish","format-standard","has-post-thumbnail","hentry","category-santoseregiao"],"_links":{"self":[{"href":"https:\/\/mussicom.com\/noticias\/wp-json\/wp\/v2\/posts\/62835","targetHints":{"allow":["GET"]}}],"collection":[{"href":"https:\/\/mussicom.com\/noticias\/wp-json\/wp\/v2\/posts"}],"about":[{"href":"https:\/\/mussicom.com\/noticias\/wp-json\/wp\/v2\/types\/post"}],"author":[{"embeddable":true,"href":"https:\/\/mussicom.com\/noticias\/wp-json\/wp\/v2\/users\/5"}],"replies":[{"embeddable":true,"href":"https:\/\/mussicom.com\/noticias\/wp-json\/wp\/v2\/comments?post=62835"}],"version-history":[{"count":0,"href":"https:\/\/mussicom.com\/noticias\/wp-json\/wp\/v2\/posts\/62835\/revisions"}],"wp:featuredmedia":[{"embeddable":true,"href":"https:\/\/mussicom.com\/noticias\/wp-json\/wp\/v2\/media\/62836"}],"wp:attachment":[{"href":"https:\/\/mussicom.com\/noticias\/wp-json\/wp\/v2\/media?parent=62835"}],"wp:term":[{"taxonomy":"category","embeddable":true,"href":"https:\/\/mussicom.com\/noticias\/wp-json\/wp\/v2\/categories?post=62835"},{"taxonomy":"post_tag","embeddable":true,"href":"https:\/\/mussicom.com\/noticias\/wp-json\/wp\/v2\/tags?post=62835"}],"curies":[{"name":"wp","href":"https:\/\/api.w.org\/{rel}","templated":true}]}}