{"id":62823,"date":"2026-02-13T03:50:41","date_gmt":"2026-02-13T06:50:41","guid":{"rendered":"https:\/\/mussicom.com\/sabesp-investe-r-325-milhoes-em-nova-estacao-e-reservatorios-de-agua-para-a-baixada-santista\/"},"modified":"2026-02-13T03:50:41","modified_gmt":"2026-02-13T06:50:41","slug":"sabesp-investe-r-325-milhoes-em-nova-estacao-e-reservatorios-de-agua-para-a-baixada-santista","status":"publish","type":"post","link":"https:\/\/mussicom.com\/noticias\/sabesp-investe-r-325-milhoes-em-nova-estacao-e-reservatorios-de-agua-para-a-baixada-santista\/","title":{"rendered":"Sabesp investe R$ 325 milh\u00f5es em nova esta\u00e7\u00e3o e reservat\u00f3rios de \u00e1gua para a Baixada Santista"},"content":{"rendered":"<p> <br \/>\n<\/p>\n<div id=\"texto\">\n<p>Para abastecer a Baixada Santista, a Sabesp tem realizado um conjunto de a\u00e7\u00f5es simult\u00e2neas pela regi\u00e3o. Para tornar ainda mais robusto o sistema integrado de abastecimento de \u00e1gua, est\u00e1 sendo constru\u00edda uma nova esta\u00e7\u00e3o de tratamento de \u00e1gua em Praia Grande, a ETA Melvi.<\/p>\n<p>\u00a0<\/p>\n<p>Com investimento de R$ 150 milh\u00f5es, a esta\u00e7\u00e3o ter\u00e1 capacidade para tratar 1.270 litros por segundo. A obra come\u00e7ou em fevereiro de 2025 e a previs\u00e3o \u00e9 iniciar os testes operacionais em janeiro de 2027. Al\u00e9m disso, a Sabesp est\u00e1 inovando na tecnologia utilizada e implantando uma ETA de forma modular, ou seja, fabricada atrav\u00e9s de processo industrializado e montada no local da obra.<\/p>\n<p>\u00a0<\/p>\n<p>&#8220;O modelo foi escolhido para otimizar o espa\u00e7o ocupado, devido \u00e0 proximidade do Parque Estadual da Serra do Mar. Com isso, a esta\u00e7\u00e3o tem seu tempo de constru\u00e7\u00e3o reduzido e pode ser adaptada com mais flexibilidade ao longo do tempo. Al\u00e9m de gerar menos res\u00edduos e diminuir a exposi\u00e7\u00e3o das etapas de montagem \u00e0s vari\u00e1veis clim\u00e1ticas&#8221;, explica o Rela\u00e7\u00f5es Governamentais da Sabesp, Jo\u00e3o Paulo Tavares Papa.<\/p>\n<p>\u00a0<\/p>\n<p>Ao mesmo tempo, a Sabesp vai investir R$ 175 milh\u00f5es no Centro de Reserva\u00e7\u00e3o Boqueir\u00e3o, em Praia Grande, para abastecer as imedia\u00e7\u00f5es do bairro que d\u00e1 nome ao equipamento. Ser\u00e3o dois grandes reservat\u00f3rios, com capacidade para 15 milh\u00f5es de litros cada um, totalizando uma reserva de 30 milh\u00f5es de litros de \u00e1gua tratada. Juntos, formar\u00e3o o quarto maior centro de reserva\u00e7\u00e3o da Baixada Santista. A mobiliza\u00e7\u00e3o das equipes para in\u00edcio de sua constru\u00e7\u00e3o deve acontecer ainda neste primeiro semestre de 2026 e a previs\u00e3o \u00e9 concluir em julho de 2027.<\/p>\n<p>\u00a0<\/p>\n<p>Esta obra faz parte dos 23 novos reservat\u00f3rios que oferecer\u00e3o mais \u00e1gua nas torneiras de moradores, turistas e comerciantes da Baixada Santista, at\u00e9 2029. Nesse mesmo per\u00edodo, o planejamento da Sabesp prev\u00ea R$ 7,5 bilh\u00f5es em melhorias no fornecimento de \u00e1gua e na coleta e tratamento de esgoto, obras aceleradas ap\u00f3s a desestatiza\u00e7\u00e3o da companhia, realizada em 2024.<\/p>\n<p>\u00a0<\/p>\n<p>O maior \u00e9 o Reservat\u00f3rio-T\u00fanel Santa Teresa-Voturu\u00e1, entre Santos e S\u00e3o Vicente, com 110 milh\u00f5es de litros; o segundo maior \u00e9 o Melvi, com 45 milh\u00f5es de litros, tamb\u00e9m em Praia Grande; e o terceiro ser\u00e1 o conjunto de reservat\u00f3rios Mambu-Branco, com quatro reservat\u00f3rios para 10 milh\u00f5es de litros cada um, em constru\u00e7\u00e3o em Itanha\u00e9m, e que come\u00e7am a funcionar a partir deste ano.<\/p>\n<p>\u00a0<\/p>\n<p><strong>Sistema Integrado de Abastecimento de \u00c1gua<\/strong><\/p>\n<p>A regi\u00e3o metropolitana da Baixada Santista \u00e9 abastecida por uma infraestrutura interligada entre as cidades, para a transfer\u00eancia de \u00e1gua de uma para outra. Assim, as melhorias no abastecimento de um munic\u00edpio, tamb\u00e9m beneficiam indiretamente os demais munic\u00edpios da regi\u00e3o.<\/p>\n<p>\u00a0<\/p>\n<p>A Sabesp capta a \u00e1gua bruta de 27 rios, ribeir\u00f5es e c\u00f3rregos e direciona a uma das 15 esta\u00e7\u00f5es de tratamento. A \u00e1gua j\u00e1 tratada e pot\u00e1vel segue, por meio de tubula\u00e7\u00f5es adutoras, para um dos 58 reservat\u00f3rios constru\u00eddos em lugares estrat\u00e9gicos e que funcionam entre as nove cidades da regi\u00e3o. Dos centros de reserva\u00e7\u00e3o, a \u00e1gua tratada \u00e9 distribu\u00edda pelas redes e fornecida \u00e0 popula\u00e7\u00e3o atrav\u00e9s da liga\u00e7\u00e3o de \u00e1gua dos im\u00f3veis. Sob as nove cidades da regi\u00e3o existem 6,8 mil km de tubula\u00e7\u00f5es (entre redes de distribui\u00e7\u00e3o e adutoras), dist\u00e2ncia entre Santos e Miami, nos Estados Unidos.<\/p>\n<p>\u00a0<\/p>\n<p>A Sabesp j\u00e1 investiu cerca de R$ 2 bilh\u00f5es para transformar a estrutura do Sistema Integrado de Abastecimento de \u00c1gua da Baixada Santista. E pretende investir R$ 7,5 bilh\u00f5es at\u00e9 2029, sendo R$ 3 bilh\u00f5es em execu\u00e7\u00e3o entre as nove cidades da regi\u00e3o.<\/p>\n<\/p><\/div>\n<p><script async defer crossorigin=\"anonymous\" src=\"https:\/\/connect.facebook.net\/pt_BR\/sdk.js#xfbml=1&#038;version=v12.0&#038;appId=&#038;autoLogAppEvents=1\" nonce=\"ou0fI1lo\"><\/script><br \/>\n<br \/><br \/>\n<br \/>Fonte: <a href=\"https:\/\/www.bs9.com.br\/litoral\/sabesp-investe-r-325-milhoes-em-nova-estacao-e-reservatorios-de-agua\/37647\/\">BS9<\/a><\/p>\n","protected":false},"excerpt":{"rendered":"<p>Para abastecer a Baixada Santista, a Sabesp tem realizado um conjunto de a\u00e7\u00f5es simult\u00e2neas pela regi\u00e3o. Para tornar ainda mais robusto o sistema integrado de abastecimento de \u00e1gua, est\u00e1 sendo constru\u00edda uma nova esta\u00e7\u00e3o de tratamento de \u00e1gua em Praia Grande, a ETA Melvi. \u00a0 Com investimento de R$ 150 milh\u00f5es, a esta\u00e7\u00e3o ter\u00e1 capacidade [&hellip;]<\/p>\n","protected":false},"author":5,"featured_media":62824,"comment_status":"open","ping_status":"open","sticky":false,"template":"","format":"standard","meta":{"_seopress_robots_primary_cat":"","_seopress_titles_title":"","_seopress_titles_desc":"","_seopress_robots_index":"","footnotes":""},"categories":[52],"tags":[],"class_list":["post-62823","post","type-post","status-publish","format-standard","has-post-thumbnail","hentry","category-santoseregiao"],"_links":{"self":[{"href":"https:\/\/mussicom.com\/noticias\/wp-json\/wp\/v2\/posts\/62823","targetHints":{"allow":["GET"]}}],"collection":[{"href":"https:\/\/mussicom.com\/noticias\/wp-json\/wp\/v2\/posts"}],"about":[{"href":"https:\/\/mussicom.com\/noticias\/wp-json\/wp\/v2\/types\/post"}],"author":[{"embeddable":true,"href":"https:\/\/mussicom.com\/noticias\/wp-json\/wp\/v2\/users\/5"}],"replies":[{"embeddable":true,"href":"https:\/\/mussicom.com\/noticias\/wp-json\/wp\/v2\/comments?post=62823"}],"version-history":[{"count":0,"href":"https:\/\/mussicom.com\/noticias\/wp-json\/wp\/v2\/posts\/62823\/revisions"}],"wp:featuredmedia":[{"embeddable":true,"href":"https:\/\/mussicom.com\/noticias\/wp-json\/wp\/v2\/media\/62824"}],"wp:attachment":[{"href":"https:\/\/mussicom.com\/noticias\/wp-json\/wp\/v2\/media?parent=62823"}],"wp:term":[{"taxonomy":"category","embeddable":true,"href":"https:\/\/mussicom.com\/noticias\/wp-json\/wp\/v2\/categories?post=62823"},{"taxonomy":"post_tag","embeddable":true,"href":"https:\/\/mussicom.com\/noticias\/wp-json\/wp\/v2\/tags?post=62823"}],"curies":[{"name":"wp","href":"https:\/\/api.w.org\/{rel}","templated":true}]}}