{"id":62790,"date":"2026-02-12T23:43:15","date_gmt":"2026-02-13T02:43:15","guid":{"rendered":"https:\/\/mussicom.com\/jeffrey-epstein-possui-cpf-ativo-no-brasil\/"},"modified":"2026-02-12T23:43:15","modified_gmt":"2026-02-13T02:43:15","slug":"jeffrey-epstein-possui-cpf-ativo-no-brasil","status":"publish","type":"post","link":"https:\/\/mussicom.com\/noticias\/jeffrey-epstein-possui-cpf-ativo-no-brasil\/","title":{"rendered":"Jeffrey Epstein possui CPF ativo no Brasil"},"content":{"rendered":"<p> <br \/>\n<\/p>\n<div id=\"tp-post-content\">\n<p class=\"postParagraph_post-paragraph__juWZN postParagraph_post-paragraph-innerHtml__Q5vwc\">O financista Jeffrey Edward Epstein, morto em 2019 enquanto aguardava julgamento por crimes de tr\u00e1fico sexual de menores nos Estados Unidos, tem um CPF (Cadastro de Pessoa F\u00edsica) ativo no Brasil. A <strong>Gazeta do Povo<\/strong> consultou o n\u00famero do documento no site da Receita Federal e confirmou que o cadastro consta como \u201cregular\u201d.<\/p>\n<p class=\"postParagraph_post-paragraph__juWZN postParagraph_post-paragraph-innerHtml__Q5vwc\">De acordo com o comprovante de situa\u00e7\u00e3o cadastral emitido pelo Minist\u00e9rio da Fazenda, o CPF possui data de inscri\u00e7\u00e3o em 23 de abril de 2003 e mostra o nome completo do financista &#8211; Jeffrey Edward Epstein.<\/p>\n<div class=\"postImage_post-content-image__2CJdu\"><picture class=\"imageDefault_image-container__XGd8_\"><source type=\"image\/webp\" srcset=\"https:\/\/media.gazetadopovo.com.br\/2026\/02\/12173802\/epstein-834x540.jpg.webp 834w, https:\/\/media.gazetadopovo.com.br\/2026\/02\/12173802\/epstein-660x372.jpg.webp 660w, https:\/\/media.gazetadopovo.com.br\/2026\/02\/12173802\/epstein-540x378.jpg.webp 540w, https:\/\/media.gazetadopovo.com.br\/2026\/02\/12173802\/epstein-380x214.jpg.webp 380w, https:\/\/media.gazetadopovo.com.br\/2026\/02\/12173802\/epstein-540x540.jpg.webp 540w, https:\/\/media.gazetadopovo.com.br\/2026\/02\/12173802\/epstein-372x372.jpg.webp 372w, https:\/\/media.gazetadopovo.com.br\/2026\/02\/12173802\/epstein-214x214.jpg.webp 214w, https:\/\/media.gazetadopovo.com.br\/2026\/02\/12173802\/epstein.jpg.webp 834w\" sizes=\"(max-width: 767px) 328px, 638px\"\/><source type=\"image\/jpeg\" srcset=\"https:\/\/media.gazetadopovo.com.br\/2026\/02\/12173802\/epstein-834x540.jpg.webp 834w, https:\/\/media.gazetadopovo.com.br\/2026\/02\/12173802\/epstein-660x372.jpg.webp 660w, https:\/\/media.gazetadopovo.com.br\/2026\/02\/12173802\/epstein-540x378.jpg.webp 540w, https:\/\/media.gazetadopovo.com.br\/2026\/02\/12173802\/epstein-380x214.jpg.webp 380w, https:\/\/media.gazetadopovo.com.br\/2026\/02\/12173802\/epstein-540x540.jpg.webp 540w, https:\/\/media.gazetadopovo.com.br\/2026\/02\/12173802\/epstein-372x372.jpg.webp 372w, https:\/\/media.gazetadopovo.com.br\/2026\/02\/12173802\/epstein-214x214.jpg.webp 214w, https:\/\/media.gazetadopovo.com.br\/2026\/02\/12173802\/epstein.jpg.webp 834w\" sizes=\"(max-width: 767px) 328px, 638px\"\/><\/picture><\/div>\n<p class=\"postParagraph_post-paragraph__juWZN postParagraph_post-paragraph-innerHtml__Q5vwc\">A exist\u00eancia do CPF brasileiro de Epstein aparece mencionada em um dos arquivos liberados no dia 30 de janeiro no conjunto de documentos ligados ao caso envolvendo o financista americano. O material integra um lote chamado \u201cArquivos Diversos\u201d. \u00c9 nessa parte que h\u00e1 refer\u00eancia direta a um \u201cCPF brasileiro\u201d de Epstein.<\/p>\n<p class=\"postParagraph_post-paragraph__juWZN postParagraph_post-paragraph-innerHtml__Q5vwc\">Os documentos divulgados no \u00faltimo dia 30 mostram que Epstein tinha um certo interesse pelo Brasil. O pa\u00eds \u00e9 citado em mais de quatro mil registros tornados p\u00fablicos pelo Departamento de Justi\u00e7a dos EUA. Parte desse material inclui trocas de mensagens e documentos financeiros que indicariam movimenta\u00e7\u00f5es e sondagens relacionadas ao territ\u00f3rio brasileiro.<\/p>\n<p class=\"postParagraph_post-paragraph__juWZN postParagraph_post-paragraph-innerHtml__Q5vwc\">Entre os arquivos h\u00e1 conversas atribu\u00eddas a Epstein e ao ex-agente de modelos franc\u00eas Jean-Luc Brunel, que tamb\u00e9m foi investigado por tr\u00e1fico sexual. Segundo os registros divulgados, as mensagens tratam de poss\u00edveis neg\u00f3cios envolvendo ag\u00eancias de modelos no Brasil e da realiza\u00e7\u00e3o de concursos voltados \u00e0 sele\u00e7\u00e3o de jovens mulheres.<\/p>\n<p class=\"postParagraph_post-paragraph__juWZN postParagraph_post-paragraph-innerHtml__Q5vwc\">Os registros tamb\u00e9m incluem um depoimento prestado em 2010 na Justi\u00e7a da Fl\u00f3rida, no qual uma testemunha afirmou que Epstein viajava com frequ\u00eancia ao Brasil e mantinha contato com pessoas que atuariam no recrutamento de mulheres. O nome da suposta intermedi\u00e1ria aparece restrito nos autos divulgados.<\/p>\n<p class=\"postParagraph_post-paragraph__juWZN postParagraph_post-paragraph-innerHtml__Q5vwc\">Al\u00e9m das men\u00e7\u00f5es a neg\u00f3cios e viagens, h\u00e1 ainda refer\u00eancia ao Brasil em di\u00e1logos mantidos entre Epstein e o ex-estrategista da Casa Branca Steve Bannon, onde ambos conversam sobre a situa\u00e7\u00e3o pol\u00edtica do pa\u00eds.<\/p>\n<p class=\"postParagraph_post-paragraph__juWZN postParagraph_post-paragraph-innerHtml__Q5vwc\">A <strong>Gazeta do Povo<\/strong> entrou em contato com a Receita Federal para comentar a exist\u00eancia do CPF em nome de Epstein, mas o \u00f3rg\u00e3o n\u00e3o se manifestou at\u00e9 a publica\u00e7\u00e3o desta mat\u00e9ria. O texto ser\u00e1 atualizado quando houver resposta.<\/p>\n<p class=\"postParagraph_post-paragraph__juWZN postParagraph_post-paragraph-innerHtml__Q5vwc\">A Receita Federal informa em seu site que brasileiros ou estrangeiros n\u00e3o residentes podem solicitar inscri\u00e7\u00e3o no CPF caso possuam bens ou direitos sujeitos a registro p\u00fablico no Brasil, como im\u00f3veis, contas banc\u00e1rias ou aplica\u00e7\u00f5es financeiras. O \u00f3rg\u00e3o tamb\u00e9m esclarece que qualquer pessoa f\u00edsica pode solicitar inscri\u00e7\u00e3o, mesmo que n\u00e3o esteja obrigada.<\/p>\n<\/div>\n<p><br \/>\n<br \/>Fonte: <a href=\"https:\/\/www.gazetadopovo.com.br\/mundo\/documentos-mostram-que-jeffrey-epstein-possui-cpf-ativo-no-brasil\/\">Revista Oeste<\/a><\/p>\n","protected":false},"excerpt":{"rendered":"<p>O financista Jeffrey Edward Epstein, morto em 2019 enquanto aguardava julgamento por crimes de tr\u00e1fico sexual de menores nos Estados Unidos, tem um CPF (Cadastro de Pessoa F\u00edsica) ativo no Brasil. A Gazeta do Povo consultou o n\u00famero do documento no site da Receita Federal e confirmou que o cadastro consta como \u201cregular\u201d. De acordo [&hellip;]<\/p>\n","protected":false},"author":5,"featured_media":60831,"comment_status":"open","ping_status":"open","sticky":false,"template":"","format":"standard","meta":{"_seopress_robots_primary_cat":"","_seopress_titles_title":"","_seopress_titles_desc":"","_seopress_robots_index":"","footnotes":""},"categories":[48],"tags":[],"class_list":["post-62790","post","type-post","status-publish","format-standard","has-post-thumbnail","hentry","category-internacional"],"_links":{"self":[{"href":"https:\/\/mussicom.com\/noticias\/wp-json\/wp\/v2\/posts\/62790","targetHints":{"allow":["GET"]}}],"collection":[{"href":"https:\/\/mussicom.com\/noticias\/wp-json\/wp\/v2\/posts"}],"about":[{"href":"https:\/\/mussicom.com\/noticias\/wp-json\/wp\/v2\/types\/post"}],"author":[{"embeddable":true,"href":"https:\/\/mussicom.com\/noticias\/wp-json\/wp\/v2\/users\/5"}],"replies":[{"embeddable":true,"href":"https:\/\/mussicom.com\/noticias\/wp-json\/wp\/v2\/comments?post=62790"}],"version-history":[{"count":0,"href":"https:\/\/mussicom.com\/noticias\/wp-json\/wp\/v2\/posts\/62790\/revisions"}],"wp:featuredmedia":[{"embeddable":true,"href":"https:\/\/mussicom.com\/noticias\/wp-json\/wp\/v2\/media\/60831"}],"wp:attachment":[{"href":"https:\/\/mussicom.com\/noticias\/wp-json\/wp\/v2\/media?parent=62790"}],"wp:term":[{"taxonomy":"category","embeddable":true,"href":"https:\/\/mussicom.com\/noticias\/wp-json\/wp\/v2\/categories?post=62790"},{"taxonomy":"post_tag","embeddable":true,"href":"https:\/\/mussicom.com\/noticias\/wp-json\/wp\/v2\/tags?post=62790"}],"curies":[{"name":"wp","href":"https:\/\/api.w.org\/{rel}","templated":true}]}}