{"id":62782,"date":"2026-02-12T22:50:39","date_gmt":"2026-02-13T01:50:39","guid":{"rendered":"https:\/\/mussicom.com\/toffoli-abre-mao-do-caso-master-em-troca-de-apoio-no-stf\/"},"modified":"2026-02-12T22:50:39","modified_gmt":"2026-02-13T01:50:39","slug":"toffoli-abre-mao-do-caso-master-em-troca-de-apoio-no-stf","status":"publish","type":"post","link":"https:\/\/mussicom.com\/noticias\/toffoli-abre-mao-do-caso-master-em-troca-de-apoio-no-stf\/","title":{"rendered":"Toffoli abre m\u00e3o do caso Master em troca de apoio no STF"},"content":{"rendered":"<p> <br \/>\n<\/p>\n<div id=\"tp-post-content\">\n<p class=\"postParagraph_post-paragraph__juWZN postParagraph_post-paragraph-innerHtml__Q5vwc\">Ap\u00f3s horas reunido com os demais ministros do Supremo Tribunal Federal (STF), o ministro Dias Toffoli abriu m\u00e3o da condu\u00e7\u00e3o das investiga\u00e7\u00f5es sobre o caso Master. Em nota, a Corte informou que os colegas reconheceram que n\u00e3o caberia suspei\u00e7\u00e3o ou impedimento dele no caso, mesmo ap\u00f3s a revela\u00e7\u00e3o de men\u00e7\u00f5es a Toffoli em mensagens no celular do banqueiro Daniel Vorcaro, incluindo pagamentos. O novo relator j\u00e1 foi sorteado e ser\u00e1 o ministro Andr\u00e9 Mendon\u00e7a.<\/p>\n<p class=\"postParagraph_post-paragraph__juWZN postParagraph_post-paragraph-innerHtml__Q5vwc\">Com rela\u00e7\u00e3o \u00e0 sa\u00edda de Toffoli do caso, a solu\u00e7\u00e3o encontrada foi convencer o ministro a deixar as investiga\u00e7\u00f5es sobre as fraudes financeiras do Master em troca do apoio dos demais membros da Corte ao agora ex-relator. Esse desfecho tamb\u00e9m tem o objetivo de preservar a pr\u00f3pria imagem do STF, desgastada com a revela\u00e7\u00e3o paulatina de fatos, nas \u00faltimas semanas, que colocaram em d\u00favida a isen\u00e7\u00e3o do ministro para conduzir o caso.<\/p>\n<p class=\"postParagraph_post-paragraph__juWZN postParagraph_post-paragraph-innerHtml__Q5vwc\">A perman\u00eancia de Toffoli no caso tornou-se um problema para o STF ap\u00f3s a PF enviar a Fachin, nesta semana, um relat\u00f3rio descrevendo em detalhes sua rela\u00e7\u00e3o com Vorcaro.<\/p>\n<div class=\"postViewMore_post-view-more-container___5wai\" data-mrf-recirculation=\"Post - Veja tamb\u00e9m\">\n<p class=\"gp-styles-module-size-small-afeYRa gp-styles-module-font-family2-afeYRa gp-styles-module-color-secondary-afeYRa gp-styles-module-weight-bold-afeYRa\">VEJA TAMB\u00c9M:<\/p>\n<ul class=\"postViewMore_post-view-more-list__CU_CE\">\n<li class=\"postViewMore_post-view-more-item__2MzRb\">\n<div class=\"postViewMore_post-view-more-image__5gUSe\"><picture class=\"imageDefault_image-container__XGd8_\"><\/picture><\/div>\n<p>Editorial em v\u00eddeo: Toffoli n\u00e3o tem mais condi\u00e7\u00f5es de permanecer no STF<\/li>\n<li class=\"postViewMore_post-view-more-item__2MzRb\">\n<div class=\"postViewMore_post-view-more-image__5gUSe\"><picture class=\"imageDefault_image-container__XGd8_\"><img decoding=\"async\" class=\"imageDefault_image-item__lU2Dk\" src=\"https:\/\/media.gazetadopovo.com.br\/2026\/02\/12191054\/dias-toffoli-11-fevereiro-2026-380x214.jpg.webp\" alt=\"dias toffoli banco master daniel vorcaro\" width=\"72\" height=\"72\"\/><\/picture><\/div>\n<p>Editorial: A hora da verdade para o Brasil: Toffoli tem de sair<\/li>\n<\/ul>\n<\/div>\n<p class=\"postParagraph_post-paragraph__juWZN postParagraph_post-paragraph-innerHtml__Q5vwc\">Al\u00e9m de men\u00e7\u00f5es de pagamentos ao ministro, o material cont\u00e9m registros de contatos diretos entre os dois. Pressionado, Toffoli admitiu, em nota, que \u00e9 s\u00f3cio de uma empresa que recebeu dinheiro de um fundo ligado a Fabiano Zettel, cunhado de Vorcaro, tamb\u00e9m investigado, na venda de parte de um resort de sua fam\u00edlia, em 2021.<\/p>\n<p class=\"postParagraph_post-paragraph__juWZN postParagraph_post-paragraph-innerHtml__Q5vwc\">Ainda que Toffoli afirme que o neg\u00f3cio foi legal e que n\u00e3o h\u00e1 ilicitude no fato de um ministro ser s\u00f3cio de empresas, a rela\u00e7\u00e3o com um investigado recomendava seu afastamento imediato do caso, na vis\u00e3o de v\u00e1rios ministros, por conflito de interesses.<\/p>\n<p class=\"postParagraph_post-paragraph__juWZN postParagraph_post-paragraph-innerHtml__Q5vwc\">A situa\u00e7\u00e3o foi agravada pela perspectiva de que a PF tenha mais elementos comprometedores sobre o ministro. O vazamento de mais detalhes s\u00f3 iria piorar a sua situa\u00e7\u00e3o no STF. A avalia\u00e7\u00e3o \u00e9 de que, caso Toffoli n\u00e3o se afastasse de forma volunt\u00e1ria, por suspei\u00e7\u00e3o, a Corte inteira ficaria manchada por avalizar sua postura.<\/p>\n<p class=\"postParagraph_post-paragraph__juWZN postParagraph_post-paragraph-innerHtml__Q5vwc\">At\u00e9 as reuni\u00f5es fechadas dos ministros, Toffoli se recusava a abrir m\u00e3o da relatoria e tinha dito a interlocutores que, na supervis\u00e3o da investiga\u00e7\u00e3o, teria autorizado as medidas necess\u00e1rias para a PF se aprofundar no caso.<\/p>\n<p class=\"postParagraph_post-paragraph__juWZN postParagraph_post-paragraph-innerHtml__Q5vwc\">Caso fosse afastado por suspei\u00e7\u00e3o, as provas do caso ficariam comprometidas porque o reconhecimento de parcialidade anularia seus atos na investiga\u00e7\u00e3o, que incluem autoriza\u00e7\u00e3o para depoimentos e coleta de provas.<\/p>\n<p class=\"postParagraph_post-paragraph__juWZN postParagraph_post-paragraph-innerHtml__Q5vwc\">Nesta quinta-feira (12), dia seguinte \u00e0 revela\u00e7\u00e3o de que a PF entregou ao presidente do STF, Edson Fachin, um extenso relat\u00f3rio descrevendo a rela\u00e7\u00e3o de Toffoli com Vorcaro, os ministros se fecharam. Convocados por Fachin, fizeram duas reuni\u00f5es ap\u00f3s a sess\u00e3o de julgamentos. A primeira durou pouco mais de 2 horas, entre 16h45 e 19h. Eles retornaram \u00e0s 20h ao gabinete de Fachin para mais 30 minutos. Ao final, divulgaram a nota informando sobre o afastamento de Toffoli do caso.<\/p>\n<p class=\"postParagraph_post-paragraph__juWZN postParagraph_post-paragraph-innerHtml__Q5vwc\">\u201cExpressam, neste ato, apoio pessoal ao Exmo. Min. Dias Toffoli, respeitando a dignidade de Sua Excel\u00eancia, bem como a inexist\u00eancia de suspei\u00e7\u00e3o ou de impedimento. Anote-se que Sua Excel\u00eancia atendeu a todos os pedidos formulados pela PF e PGR\u201d, diz a nota conjunta. O texto diz que foi Toffoli quem resolveu deixar a relatoria para o \u201cbom andamento dos processos\u201d e considerando \u201cos altos interesses institucionais\u201d do STF.<\/p>\n<p class=\"postParagraph_post-paragraph__juWZN postParagraph_post-paragraph-innerHtml__Q5vwc\">No in\u00edcio da tarde, ao chegar \u00e0 sess\u00e3o, Toffoli trocou breves palavras com Gilmar Mendes, o decano do STF, que j\u00e1 havia defendido sua atua\u00e7\u00e3o. Ao longo das sustenta\u00e7\u00f5es orais, Gilmar Mendes deixou o plen\u00e1rio, Toffoli tamb\u00e9m, mas depois retornou. Durante a sess\u00e3o, Toffoli n\u00e3o teve contato com outros ministros e foi um dos \u00faltimos a deixar o local, sozinho.<\/p>\n<p class=\"postParagraph_post-paragraph__juWZN postParagraph_post-paragraph-innerHtml__Q5vwc\">Ap\u00f3s a reuni\u00e3o com os demais ministros, \u00e0 noite, Toffoli tamb\u00e9m deixou o STF sozinho. Questionado pela imprensa sobre o clima, disse apenas que foi \u201cexcelente\u201d.<\/p>\n<p class=\"postParagraph_post-paragraph__juWZN postParagraph_post-paragraph-innerHtml__Q5vwc\">A press\u00e3o sobre Toffoli tamb\u00e9m envolve o Pal\u00e1cio do Planalto. Nos bastidores, ministros do governo falaram \u00e0 imprensa que sua perman\u00eancia no caso havia se tornado insustent\u00e1vel e se cogitava at\u00e9 mesmo uma \u201cren\u00fancia\u201d ou aposentadoria precoce do ministro, caso novas revela\u00e7\u00f5es indiquem suspeitas maiores sobre sua rela\u00e7\u00e3o com Vorcaro.<\/p>\n<p class=\"postParagraph_post-paragraph__juWZN postParagraph_post-paragraph-innerHtml__Q5vwc\">Numa eventual sa\u00edda de Toffoli do STF, o presidente Luiz In\u00e1cio Lula da Silva teria direito a indicar mais um ministro. Isso favoreceria a indica\u00e7\u00e3o que ele j\u00e1 fez de Jorge Messias, o advogado-geral da Uni\u00e3o, cujo nome \u00e9 rejeitado pelo presidente do Senado, Davi Alcolumbre, que trabalhava para a indica\u00e7\u00e3o do senador Rodrigo Pacheco.<\/p>\n<div class=\"postViewMore_post-view-more-container___5wai\" data-mrf-recirculation=\"Post - Veja tamb\u00e9m\">\n<p class=\"gp-styles-module-size-small-afeYRa gp-styles-module-font-family2-afeYRa gp-styles-module-color-secondary-afeYRa gp-styles-module-weight-bold-afeYRa\">VEJA TAMB\u00c9M:<\/p>\n<ul class=\"postViewMore_post-view-more-list__CU_CE\">\n<li class=\"postViewMore_post-view-more-item__2MzRb\">\n<div class=\"postViewMore_post-view-more-image__5gUSe\"><picture class=\"imageDefault_image-container__XGd8_\"><img decoding=\"async\" class=\"imageDefault_image-item__lU2Dk\" src=\"https:\/\/media.gazetadopovo.com.br\/2026\/02\/12202504\/oposicao-impeachment-toffoli-380x214.jpg.webp\" alt=\"Oposi\u00e7\u00e3o protocola impeachment de Toffoli; veja quem assina o pedido\" width=\"72\" height=\"72\"\/><\/picture><\/div>\n<p>Oposi\u00e7\u00e3o protocola impeachment de Toffoli; veja quem assina o pedido<\/li>\n<li class=\"postViewMore_post-view-more-item__2MzRb\">\n<div class=\"postViewMore_post-view-more-image__5gUSe\"><picture class=\"imageDefault_image-container__XGd8_\"><img decoding=\"async\" class=\"imageDefault_image-item__lU2Dk\" src=\"https:\/\/media.gazetadopovo.com.br\/2026\/02\/10103324\/55079017535_6494399342_o-380x214.jpg.webp\" alt=\"Dias Toffoli \u00e9 relator do caso Master no STF.\" width=\"72\" height=\"72\"\/><\/picture><\/div>\n<p>Investigadores da PF relatam press\u00e3o em atua\u00e7\u00e3o no caso Toffoli<\/li>\n<\/ul>\n<\/div>\n<h2 class=\"postParagraph_post-paragraph__juWZN postParagraph_post-paragraph-innerHtml__Q5vwc postParagraph_type-tag-h2__TtFkT\">PF v\u00ea ind\u00edcios de crime contra Toffoli<\/h2>\n<p class=\"postParagraph_post-paragraph__juWZN postParagraph_post-paragraph-innerHtml__Q5vwc\">No relat\u00f3rio entregue a Fachin, a Pol\u00edcia Federal sugeriu haver ind\u00edcios de crime na conduta de Toffoli. Para encaminhar o relat\u00f3rio ao presidente do STF, o \u00f3rg\u00e3o citou o artigo 33 da Lei Org\u00e2nica da Magistratura, que diz que \u201cquando, no curso de investiga\u00e7\u00e3o, houver ind\u00edcio da pr\u00e1tica de crime por parte do magistrado, a autoridade policial, civil ou militar, remeter\u00e1 os respectivos autos ao Tribunal ou \u00f3rg\u00e3o especial competente para o julgamento, a fim de que prossiga na investiga\u00e7\u00e3o\u201d.<\/p>\n<p class=\"postParagraph_post-paragraph__juWZN postParagraph_post-paragraph-innerHtml__Q5vwc\">Se isso se confirmar, n\u00e3o basta um afastamento de Toffoli do caso. Haveria necessidade de abrir uma investiga\u00e7\u00e3o contra ele, algo que nunca ocorreu no STF.<\/p>\n<p class=\"postParagraph_post-paragraph__juWZN postParagraph_post-paragraph-innerHtml__Q5vwc\">O presidente do STF j\u00e1 enviou o relat\u00f3rio \u00e0 Procuradoria-Geral da Rep\u00fablica (PGR), que tem a prerrogativa de pedir a abertura de um inqu\u00e9rito sobre ele \u2013 a investiga\u00e7\u00e3o, no entanto, teria de ser autorizada pela Corte, outra situa\u00e7\u00e3o in\u00e9dita.<\/p>\n<p class=\"postParagraph_post-paragraph__juWZN postParagraph_post-paragraph-innerHtml__Q5vwc\">Fachin, inicialmente, pediu a Toffoli que esclarecesse o caso. Ele prestou as informa\u00e7\u00f5es e, em nota \u00e0 imprensa, informou que \u201cjamais teve qualquer rela\u00e7\u00e3o de amizade e muito menos amizade \u00edntima com o investigado Daniel Vorcaro\u201d, e que \u201cjamais recebeu qualquer valor\u201d do banqueiro ou de seu cunhado, Fabiano Zettel. Confira a nota enviada \u00e0 imprensa pelo gabinete de Toffoli na \u00edntegra no fim da mat\u00e9ria. A manifesta\u00e7\u00e3o ocorreu antes do afastamento do ministro do caso Master.<\/p>\n<p class=\"postParagraph_post-paragraph__juWZN postParagraph_post-paragraph-innerHtml__Q5vwc\">Fachin, de qualquer modo, abriu, de of\u00edcio, uma argui\u00e7\u00e3o de suspei\u00e7\u00e3o, um processo pr\u00f3prio no STF para averiguar a imparcialidade e independ\u00eancia de um ministro para conduzir um caso. As explica\u00e7\u00f5es de Toffoli foram juntadas nesse processo. Depois das reuni\u00f5es dos ministros com Toffoli, o processo de suspei\u00e7\u00e3o ser\u00e1 arquivado.<\/p>\n<p class=\"postParagraph_post-paragraph__juWZN postParagraph_post-paragraph-innerHtml__Q5vwc\">Pelo regimento interno, o pr\u00f3prio presidente do STF deveria conduzir esse procedimento. Al\u00e9m de ouvir Toffoli, Fachin tamb\u00e9m poderia convocar testemunhas e, depois, convocar uma sess\u00e3o secreta, na qual os demais ministros deliberariam sobre o afastamento ou n\u00e3o do colega no caso.<\/p>\n<p class=\"postParagraph_post-paragraph__juWZN postParagraph_post-paragraph-innerHtml__Q5vwc\">Se a suspei\u00e7\u00e3o fosse reconhecida, todas as decis\u00f5es de Toffoli seriam consideradas nulas. Isso traria grande preju\u00edzo para a investiga\u00e7\u00e3o, uma vez que o ministro foi quem autorizou depoimentos e coleta de provas. Assim, se fosse mantido no controle do inqu\u00e9rito, Toffoli poderia se blindar e comprometer toda a apura\u00e7\u00e3o sobre o Master.<\/p>\n<p class=\"postParagraph_post-paragraph__juWZN postParagraph_post-paragraph-innerHtml__Q5vwc\">Atos que ele tomou desde que avocou toda a investiga\u00e7\u00e3o para si, no fim do ano passado, decretando sigilo m\u00e1ximo e condicionando qualquer dilig\u00eancia \u00e0 sua pr\u00e9via autoriza\u00e7\u00e3o, incomodaram os investigadores da PF e tamb\u00e9m t\u00e9cnicos do Banco Central.<\/p>\n<p class=\"postParagraph_post-paragraph__juWZN postParagraph_post-paragraph-innerHtml__Q5vwc\">Nos depoimentos, Toffoli mandou a delegada do caso fazer uma s\u00e9rie de perguntas que jogam suspeitas sobre a liquida\u00e7\u00e3o do banco. Um dos diretores do BC foi chamado a depor e quase foi submetido a uma acarea\u00e7\u00e3o com os investigados pela fraude.<\/p>\n<p class=\"postParagraph_post-paragraph__juWZN postParagraph_post-paragraph-innerHtml__Q5vwc\">Toffoli tamb\u00e9m irritou a PF quando, em janeiro, mandou lacrar e recolher em seu gabinete celulares e laptops apreendidos na segunda fase da opera\u00e7\u00e3o, em janeiro. Diante da repercuss\u00e3o negativa imediata, mandou os equipamentos para a Procuradoria-Geral da Rep\u00fablica (PGR) e mesmo assim designou os peritos da PF que iriam acompanhar a extra\u00e7\u00e3o dos dados \u2013 outro procedimento heterodoxo em investiga\u00e7\u00f5es.<\/p>\n<div class=\"postViewMore_post-view-more-container___5wai\" data-mrf-recirculation=\"Post - Veja tamb\u00e9m\">\n<p class=\"gp-styles-module-size-small-afeYRa gp-styles-module-font-family2-afeYRa gp-styles-module-color-secondary-afeYRa gp-styles-module-weight-bold-afeYRa\">VEJA TAMB\u00c9M:<\/p>\n<ul class=\"postViewMore_post-view-more-list__CU_CE\">\n<li class=\"postViewMore_post-view-more-item__2MzRb\">\n<div class=\"postViewMore_post-view-more-image__5gUSe\"><picture class=\"imageDefault_image-container__XGd8_\"><img loading=\"lazy\" decoding=\"async\" class=\"imageDefault_image-item__lU2Dk\" src=\"https:\/\/media.gazetadopovo.com.br\/2025\/12\/09010413\/Podcast-15-Minutos-logo-1-380x214.png.webp\" alt=\"\" width=\"72\" height=\"72\"\/><\/picture><\/div>\n<p>Novo dossi\u00ea da PF detalha repasses ligados ao resort Tayay\u00e1<\/li>\n<\/ul>\n<\/div>\n<h3 class=\"postParagraph_post-paragraph__juWZN postParagraph_post-paragraph-innerHtml__Q5vwc postParagraph_type-tag-h3__xSAn9\"><strong>Confira a nota na \u00edntegra:<\/strong><\/h3>\n<p class=\"postParagraph_post-paragraph__juWZN postParagraph_post-paragraph-innerHtml__Q5vwc\"><em>NOTA DO GABINETE DO MINISTRO DIAS TOFFOLI<\/em><\/p>\n<p class=\"postParagraph_post-paragraph__juWZN postParagraph_post-paragraph-innerHtml__Q5vwc\"><em>A Maridt \u00e9 uma empresa familiar, constitu\u00edda na forma de sociedade an\u00f4nima de capital fechado, prevista na Lei 6.404\/76, devidamente registrada na Junta Comercial e com presta\u00e7\u00e3o de declara\u00e7\u00f5es anuais \u00e0 Receita Federal do Brasil. Suas declara\u00e7\u00f5es \u00e0 Receita Federal, bem como as de seus acionistas, sempre foram devidamente aprovadas.<\/em><\/p>\n<p class=\"postParagraph_post-paragraph__juWZN postParagraph_post-paragraph-innerHtml__Q5vwc\"><em>O Ministro Dias Toffoli faz parte do quadro societ\u00e1rio, sendo a referida empresa administrada por parentes do Ministro. De acordo com a Lei Org\u00e2nica da Magistratura, no artigo 36 da Lei Complementar 35\/1979, o magistrado pode integrar o quadro societ\u00e1rio de empresas e dela receber dividendos, sendo-lhe apenas vedado praticar atos de gest\u00e3o na qualidade de administrador.<\/em><\/p>\n<p class=\"postParagraph_post-paragraph__juWZN postParagraph_post-paragraph-innerHtml__Q5vwc\"><em>A referida empresa foi integrante do grupo Tayaya Ribeir\u00e3o Claro at\u00e9 21 de fevereiro de 2025. A participa\u00e7\u00e3o anteriormente existente foi integralmente encerrada por meio de duas opera\u00e7\u00f5es sucessivas, sendo a primeira a venda de cotas ao Fundo Arllen, em 27 de setembro de 2021, e a segunda a aliena\u00e7\u00e3o do saldo remanescente \u00e0 empresa PHD Holding, em 21 de fevereiro de 2025.<\/em><\/p>\n<p class=\"postParagraph_post-paragraph__juWZN postParagraph_post-paragraph-innerHtml__Q5vwc\"><em>Deve-se ressaltar que tudo foi devidamente declarado \u00e0 Receita Federal do Brasil e que todas as vendas foram realizadas dentro de valor de mercado. Todos os atos e informa\u00e7\u00f5es da Maridt e de seus s\u00f3cios est\u00e3o devidamente declarados \u00e0 Receita Federal do Brasil sem nenhuma restri\u00e7\u00e3o.<\/em><\/p>\n<p class=\"postParagraph_post-paragraph__juWZN postParagraph_post-paragraph-innerHtml__Q5vwc\"><em>A a\u00e7\u00e3o referente \u00e0 compra do Banco Master pelo BRB foi distribu\u00edda ao Ministro Dias Toffoli no dia 28 de novembro de 2025. Ou seja, quando h\u00e1 muito a Maridt n\u00e3o fazia mais parte do grupo Tayaya Ribeir\u00e3o Claro.<\/em><\/p>\n<p class=\"postParagraph_post-paragraph__juWZN postParagraph_post-paragraph-innerHtml__Q5vwc\"><em>Ademais, o Ministro desconhece o gestor do Fundo Arllen, bem como jamais teve qualquer rela\u00e7\u00e3o de amizade e muito menos amizade \u00edntima com o investigado Daniel Vorcaro. Por fim, o Ministro esclarece que jamais recebeu qualquer valor de Daniel Vorcaro ou de seu cunhado Fabiano Zettel.<\/em><\/p>\n<div class=\"postViewMore_post-view-more-container___5wai\" data-mrf-recirculation=\"Post - Veja tamb\u00e9m\">\n<p class=\"gp-styles-module-size-small-afeYRa gp-styles-module-font-family2-afeYRa gp-styles-module-color-secondary-afeYRa gp-styles-module-weight-bold-afeYRa\">VEJA TAMB\u00c9M:<\/p>\n<ul class=\"postViewMore_post-view-more-list__CU_CE\">\n<li class=\"postViewMore_post-view-more-item__2MzRb\">\n<div class=\"postViewMore_post-view-more-image__5gUSe\"><picture class=\"imageDefault_image-container__XGd8_\"><img loading=\"lazy\" decoding=\"async\" class=\"imageDefault_image-item__lU2Dk\" src=\"https:\/\/media.gazetadopovo.com.br\/2026\/01\/30135428\/Dias-Toffoli-banco-master-380x214.jpg.webp\" alt=\"Dias Toffoli\" width=\"72\" height=\"72\"\/><\/picture><\/div>\n<p>Toffoli confirma que foi s\u00f3cio de resort, mas nega pagamentos de Vorcaro<\/li>\n<li class=\"postViewMore_post-view-more-item__2MzRb\">\n<div class=\"postViewMore_post-view-more-image__5gUSe\"><picture class=\"imageDefault_image-container__XGd8_\"><img loading=\"lazy\" decoding=\"async\" class=\"imageDefault_image-item__lU2Dk\" src=\"https:\/\/media.gazetadopovo.com.br\/2026\/01\/21071951\/54978413324_83dc904863_c-380x214.jpg\" alt=\"Dias Toffoli\" width=\"72\" height=\"72\"\/><\/picture><\/div>\n<p>Toffoli manda PF enviar dados de celulares de Vorcaro que citam o ministro<\/li>\n<\/ul>\n<\/div>\n<\/div>\n<p><br \/>\n<br \/>Fonte: <a href=\"https:\/\/www.gazetadopovo.com.br\/republica\/toffoli-abre-mao-do-caso-master-em-troca-de-apoio-no-stf-e-preservacao-de-provas\/\">Revista Oeste<\/a><\/p>\n","protected":false},"excerpt":{"rendered":"<p>Ap\u00f3s horas reunido com os demais ministros do Supremo Tribunal Federal (STF), o ministro Dias Toffoli abriu m\u00e3o da condu\u00e7\u00e3o das investiga\u00e7\u00f5es sobre o caso Master. Em nota, a Corte informou que os colegas reconheceram que n\u00e3o caberia suspei\u00e7\u00e3o ou impedimento dele no caso, mesmo ap\u00f3s a revela\u00e7\u00e3o de men\u00e7\u00f5es a Toffoli em mensagens no [&hellip;]<\/p>\n","protected":false},"author":5,"featured_media":62783,"comment_status":"open","ping_status":"open","sticky":false,"template":"","format":"standard","meta":{"_seopress_robots_primary_cat":"","_seopress_titles_title":"","_seopress_titles_desc":"","_seopress_robots_index":"","footnotes":""},"categories":[1],"tags":[],"class_list":["post-62782","post","type-post","status-publish","format-standard","has-post-thumbnail","hentry","category-ultimas-noticias"],"_links":{"self":[{"href":"https:\/\/mussicom.com\/noticias\/wp-json\/wp\/v2\/posts\/62782","targetHints":{"allow":["GET"]}}],"collection":[{"href":"https:\/\/mussicom.com\/noticias\/wp-json\/wp\/v2\/posts"}],"about":[{"href":"https:\/\/mussicom.com\/noticias\/wp-json\/wp\/v2\/types\/post"}],"author":[{"embeddable":true,"href":"https:\/\/mussicom.com\/noticias\/wp-json\/wp\/v2\/users\/5"}],"replies":[{"embeddable":true,"href":"https:\/\/mussicom.com\/noticias\/wp-json\/wp\/v2\/comments?post=62782"}],"version-history":[{"count":0,"href":"https:\/\/mussicom.com\/noticias\/wp-json\/wp\/v2\/posts\/62782\/revisions"}],"wp:featuredmedia":[{"embeddable":true,"href":"https:\/\/mussicom.com\/noticias\/wp-json\/wp\/v2\/media\/62783"}],"wp:attachment":[{"href":"https:\/\/mussicom.com\/noticias\/wp-json\/wp\/v2\/media?parent=62782"}],"wp:term":[{"taxonomy":"category","embeddable":true,"href":"https:\/\/mussicom.com\/noticias\/wp-json\/wp\/v2\/categories?post=62782"},{"taxonomy":"post_tag","embeddable":true,"href":"https:\/\/mussicom.com\/noticias\/wp-json\/wp\/v2\/tags?post=62782"}],"curies":[{"name":"wp","href":"https:\/\/api.w.org\/{rel}","templated":true}]}}