{"id":62763,"date":"2026-02-12T21:37:21","date_gmt":"2026-02-13T00:37:21","guid":{"rendered":"https:\/\/mussicom.com\/alckmin-critica-quebra-de-patentes-de-canetas-emagrecedoras\/"},"modified":"2026-02-12T21:37:21","modified_gmt":"2026-02-13T00:37:21","slug":"alckmin-critica-quebra-de-patentes-de-canetas-emagrecedoras","status":"publish","type":"post","link":"https:\/\/mussicom.com\/noticias\/alckmin-critica-quebra-de-patentes-de-canetas-emagrecedoras\/","title":{"rendered":"Alckmin critica quebra de patentes\u00a0de canetas emagrecedoras"},"content":{"rendered":"<p> <br \/>\n<\/p>\n<div>\n<p><strong>Os projetos em tramita\u00e7\u00e3o no Congresso que preveem a quebra ou a prorroga\u00e7\u00e3o de patentes de medicamentos, como canetas emagrecedoras, n\u00e3o t\u00eam apoio do governo<\/strong>, disse nesta quinta-feira (12) o vice-presidente da Rep\u00fablica e ministro do Desenvolvimento, Ind\u00fastria, Com\u00e9rcio e Servi\u00e7os (Mdic).<img decoding=\"async\" src=\"https:\/\/agenciabrasil.ebc.com.br\/ebc.gif?id=1678082&amp;o=node\" style=\"width:1px; height:1px; display:inline;\"\/><\/p>\n<p><strong>Segundo ele, mudan\u00e7as nas regras de propriedade intelectual geram inseguran\u00e7a jur\u00eddica e afastam investimentos.<\/strong><\/p>\n<p>A declara\u00e7\u00e3o foi dada ap\u00f3s reuni\u00e3o com representantes da Interfarma, associa\u00e7\u00e3o da ind\u00fastria farmac\u00eautica.<\/p>\n<p>Na semana passada, a C\u00e2mara dos Deputados aprovou o regime de urg\u00eancia para o Projeto de Lei 68\/26, que permite o licenciamento compuls\u00f3rio \u2013 na pr\u00e1tica, a quebra de patentes \u2013 de medicamentos como Mounjaro e Zepbound, conhecidos como canetas emagrecedoras. O texto pode ser votado diretamente no plen\u00e1rio.<\/p>\n<blockquote>\n<p>\u201cA nossa posi\u00e7\u00e3o \u00e9 contr\u00e1ria. N\u00f3s precisamos de inova\u00e7\u00e3o, de previsibilidade e de investimentos. Quando voc\u00ea quebra a patente, voc\u00ea cria inseguran\u00e7a jur\u00eddica e afasta investimento\u201d, afirmou Alckmin, em entrevista coletiva.<\/p>\n<\/blockquote>\n<p>Os medicamentos citados s\u00e3o indicados para o tratamento do diabetes tipo 2 e da obesidade. O projeto altera a legisla\u00e7\u00e3o de propriedade intelectual para permitir a licen\u00e7a compuls\u00f3ria em casos de interesse p\u00fablico.<\/p>\n<p><strong>O vice-presidente tamb\u00e9m se posicionou contra propostas que preveem a prorroga\u00e7\u00e3o do prazo de patentes.<\/strong> Para ele, a extens\u00e3o al\u00e9m do per\u00edodo previsto em lei pode encarecer produtos e prejudicar diferentes setores da economia.<\/p>\n<blockquote>\n<p>\u201cNem quebrar patente, nem prorrogar prazo al\u00e9m do previsto. Prorrogar encarece o produto para o consumidor e afeta setores como sa\u00fade e agro. Precisamos de regras est\u00e1veis\u201d, disse.<\/p>\n<\/blockquote>\n<p>Alckmin destacou ainda a redu\u00e7\u00e3o do prazo m\u00e9dio de an\u00e1lise de pedidos no Instituto Nacional da Propriedade Industrial (Inpi), que, segundo ele, caiu de seis anos e dois meses, em janeiro de 2023, para quatro anos e quatro meses atualmente. A meta \u00e9 alcan\u00e7ar dois anos, padr\u00e3o considerado internacional.<\/p>\n<h2>Carne e China<\/h2>\n<p>O vice-presidente tamb\u00e9m comentou a decis\u00e3o da China de estabelecer uma cota anual de cerca de 1,1 milh\u00e3o de toneladas para a importa\u00e7\u00e3o de carne. Em 2025, o Brasil exportou aproximadamente 1,7 milh\u00e3o de toneladas ao mercado chin\u00eas.<\/p>\n<p>Segundo Alckmin, o governo brasileiro apresentou dois\u00a0pedidos\u00a0ao vice-presidente da China, Han Zheng, por meio da Comiss\u00e3o Sino-Brasileira de Alto N\u00edvel de Concerta\u00e7\u00e3o e Coopera\u00e7\u00e3o (Cosban).<\/p>\n<blockquote>\n<p>O primeiro \u00e9 a retirada da nova cota de embarques realizados antes de 1\u00ba de janeiro de 2026. O segundo \u00e9 a possibilidade de que eventuais volumes n\u00e3o usados por outros pa\u00edses possam ser remanejados ao Brasil.<\/p>\n<\/blockquote>\n<p>\u201cA demanda por carne \u00e9 grande. Se algum pa\u00eds n\u00e3o preencher a cota, queremos ocupar esse espa\u00e7o\u201d, afirmou.<\/p>\n<p>Alckmin disse que aguarda resposta das autoridades chinesas e classificou como positiva a retirada da carne brasileira da lista de produtos sujeitos a sobretaxa anunciada pelos Estados Unidos.<\/p>\n<p>      <!-- Relacionada --><\/p>\n<p>            <!-- Relacionada -->\n    <\/div>\n<p><br \/>\n<br \/>Fonte: <a href=\"https:\/\/agenciabrasil.ebc.com.br\/economia\/noticia\/2026-02\/alckmin-critica-quebra-de-patentes-de-canetas-emagrecedoras\">Gazeta do Povo<\/a><\/p>\n","protected":false},"excerpt":{"rendered":"<p>Os projetos em tramita\u00e7\u00e3o no Congresso que preveem a quebra ou a prorroga\u00e7\u00e3o de patentes de medicamentos, como canetas emagrecedoras, n\u00e3o t\u00eam apoio do governo, disse nesta quinta-feira (12) o vice-presidente da Rep\u00fablica e ministro do Desenvolvimento, Ind\u00fastria, Com\u00e9rcio e Servi\u00e7os (Mdic). Segundo ele, mudan\u00e7as nas regras de propriedade intelectual geram inseguran\u00e7a jur\u00eddica e afastam [&hellip;]<\/p>\n","protected":false},"author":5,"featured_media":62764,"comment_status":"open","ping_status":"open","sticky":false,"template":"","format":"standard","meta":{"_seopress_robots_primary_cat":"","_seopress_titles_title":"","_seopress_titles_desc":"","_seopress_robots_index":"","footnotes":""},"categories":[45],"tags":[],"class_list":["post-62763","post","type-post","status-publish","format-standard","has-post-thumbnail","hentry","category-economia"],"_links":{"self":[{"href":"https:\/\/mussicom.com\/noticias\/wp-json\/wp\/v2\/posts\/62763","targetHints":{"allow":["GET"]}}],"collection":[{"href":"https:\/\/mussicom.com\/noticias\/wp-json\/wp\/v2\/posts"}],"about":[{"href":"https:\/\/mussicom.com\/noticias\/wp-json\/wp\/v2\/types\/post"}],"author":[{"embeddable":true,"href":"https:\/\/mussicom.com\/noticias\/wp-json\/wp\/v2\/users\/5"}],"replies":[{"embeddable":true,"href":"https:\/\/mussicom.com\/noticias\/wp-json\/wp\/v2\/comments?post=62763"}],"version-history":[{"count":0,"href":"https:\/\/mussicom.com\/noticias\/wp-json\/wp\/v2\/posts\/62763\/revisions"}],"wp:featuredmedia":[{"embeddable":true,"href":"https:\/\/mussicom.com\/noticias\/wp-json\/wp\/v2\/media\/62764"}],"wp:attachment":[{"href":"https:\/\/mussicom.com\/noticias\/wp-json\/wp\/v2\/media?parent=62763"}],"wp:term":[{"taxonomy":"category","embeddable":true,"href":"https:\/\/mussicom.com\/noticias\/wp-json\/wp\/v2\/categories?post=62763"},{"taxonomy":"post_tag","embeddable":true,"href":"https:\/\/mussicom.com\/noticias\/wp-json\/wp\/v2\/tags?post=62763"}],"curies":[{"name":"wp","href":"https:\/\/api.w.org\/{rel}","templated":true}]}}