{"id":62740,"date":"2026-02-12T19:39:35","date_gmt":"2026-02-12T22:39:35","guid":{"rendered":"https:\/\/mussicom.com\/trump-ameaca-ira-com-fase-2-dura-se-nao-tiver-acordo-nuclear\/"},"modified":"2026-02-12T19:39:35","modified_gmt":"2026-02-12T22:39:35","slug":"trump-ameaca-ira-com-fase-2-dura-se-nao-tiver-acordo-nuclear","status":"publish","type":"post","link":"https:\/\/mussicom.com\/noticias\/trump-ameaca-ira-com-fase-2-dura-se-nao-tiver-acordo-nuclear\/","title":{"rendered":"Trump amea\u00e7a Ir\u00e3 com &#8220;fase 2 dura&#8221; se n\u00e3o tiver acordo nuclear"},"content":{"rendered":"<p> <br \/>\n<\/p>\n<div id=\"tp-post-content\">\n<p class=\"postParagraph_post-paragraph__juWZN postParagraph_post-paragraph-innerHtml__Q5vwc\">O presidente dos Estados Unidos, Donald Trump, amea\u00e7ou nesta quinta-feira (12) o regime do Ir\u00e3 ao afirmar que, caso n\u00e3o seja fechado um acordo sobre o programa nuclear iraniano, Washington ativar\u00e1 uma \u201cfase dois muito dura\u201d contra Teer\u00e3. A declara\u00e7\u00e3o foi feita durante entrevista coletiva na Casa Branca, ap\u00f3s reuni\u00e3o com o primeiro-ministro de Israel, Benjamin Netanyahu.<\/p>\n<p class=\"postParagraph_post-paragraph__juWZN postParagraph_post-paragraph-innerHtml__Q5vwc\">Questionado sobre o encontro com Netanyahu e se teria discutido a suspens\u00e3o das conversas com o regime iraniano, Trump afirmou que o tema n\u00e3o foi tratado.<\/p>\n<p class=\"postParagraph_post-paragraph__juWZN postParagraph_post-paragraph-innerHtml__Q5vwc\">\u201cVou conversar com eles (os iranianos) o quanto quiser e veremos se podemos chegar a um acordo com eles. E se n\u00e3o conseguirmos, teremos que passar para a fase dois. A fase dois ser\u00e1 muito dura para eles\u201d, declarou.<\/p>\n<p class=\"postParagraph_post-paragraph__juWZN postParagraph_post-paragraph-innerHtml__Q5vwc\">Segundo o presidente americano, a prioridade continua sendo a obten\u00e7\u00e3o de um acordo nuclear. Ele afirmou que, sem entendimento, o cen\u00e1rio poder\u00e1 ser \u201cmuito traum\u00e1tico\u201d para o Ir\u00e3.<\/p>\n<p class=\"postParagraph_post-paragraph__juWZN postParagraph_post-paragraph-innerHtml__Q5vwc\">\u201cN\u00e3o quero que isso aconte\u00e7a, mas temos que chegar a um acordo\u201d, acrescentou.<\/p>\n<p class=\"postParagraph_post-paragraph__juWZN postParagraph_post-paragraph-innerHtml__Q5vwc\">De acordo com Trump, o regime iraniano \u201cdeveria ter chegado a um acordo na primeira vez\u201d. Ele citou a opera\u00e7\u00e3o \u201cMidnight Hammer\u201d &#8211; chamada em portugu\u00eas de \u201cMartelo da Meia-Noite\u201d &#8211; na qual os Estados Unidos bombardearam tr\u00eas instala\u00e7\u00f5es nucleares iranianas em junho do ano passado, durante o conflito de 12 dias entre Ir\u00e3 e Israel.<\/p>\n<p class=\"postParagraph_post-paragraph__juWZN postParagraph_post-paragraph-innerHtml__Q5vwc\">O presidente tamb\u00e9m declarou que a decis\u00e3o final sobre a viabilidade do acordo caber\u00e1 a ele.<\/p>\n<p class=\"postParagraph_post-paragraph__juWZN postParagraph_post-paragraph-innerHtml__Q5vwc\">\u201cSe (os iranianos) n\u00e3o chegarem a um acordo, ser\u00e1 outra hist\u00f3ria. Mas ontem tivemos uma reuni\u00e3o muito boa com \u2018Bibi\u2019 Netanyahu, e ele entende isso, mas, em \u00faltima an\u00e1lise, cabe a mim decidir se o acordo \u00e9 justo\u201d, afirmou.<\/p>\n<p class=\"postParagraph_post-paragraph__juWZN postParagraph_post-paragraph-innerHtml__Q5vwc\">As negocia\u00e7\u00f5es entre Estados Unidos e Ir\u00e3 foram retomadas na semana passada, segundo informa\u00e7\u00f5es oficiais, na primeira reuni\u00e3o desde o conflito do ano passado. Israel exige que Teer\u00e3 limite o enriquecimento de ur\u00e2nio, reduza seu programa de m\u00edsseis bal\u00edsticos e encerre o apoio a grupos armados na regi\u00e3o. O regime iraniano, por sua vez, afirma que s\u00f3 aceitar\u00e1 restri\u00e7\u00f5es ao programa nuclear em troca de al\u00edvio nas san\u00e7\u00f5es internacionais.<\/p>\n<\/div>\n<p><br \/>\n<br \/>Fonte: <a href=\"https:\/\/www.gazetadopovo.com.br\/mundo\/trump-ameaca-ira-com-fase-2-muito-dura-se-nao-houver-acordo-nuclear\/\">Revista Oeste<\/a><\/p>\n","protected":false},"excerpt":{"rendered":"<p>O presidente dos Estados Unidos, Donald Trump, amea\u00e7ou nesta quinta-feira (12) o regime do Ir\u00e3 ao afirmar que, caso n\u00e3o seja fechado um acordo sobre o programa nuclear iraniano, Washington ativar\u00e1 uma \u201cfase dois muito dura\u201d contra Teer\u00e3. A declara\u00e7\u00e3o foi feita durante entrevista coletiva na Casa Branca, ap\u00f3s reuni\u00e3o com o primeiro-ministro de Israel, [&hellip;]<\/p>\n","protected":false},"author":5,"featured_media":62370,"comment_status":"open","ping_status":"open","sticky":false,"template":"","format":"standard","meta":{"_seopress_robots_primary_cat":"","_seopress_titles_title":"","_seopress_titles_desc":"","_seopress_robots_index":"","footnotes":""},"categories":[48],"tags":[],"class_list":["post-62740","post","type-post","status-publish","format-standard","has-post-thumbnail","hentry","category-internacional"],"_links":{"self":[{"href":"https:\/\/mussicom.com\/noticias\/wp-json\/wp\/v2\/posts\/62740","targetHints":{"allow":["GET"]}}],"collection":[{"href":"https:\/\/mussicom.com\/noticias\/wp-json\/wp\/v2\/posts"}],"about":[{"href":"https:\/\/mussicom.com\/noticias\/wp-json\/wp\/v2\/types\/post"}],"author":[{"embeddable":true,"href":"https:\/\/mussicom.com\/noticias\/wp-json\/wp\/v2\/users\/5"}],"replies":[{"embeddable":true,"href":"https:\/\/mussicom.com\/noticias\/wp-json\/wp\/v2\/comments?post=62740"}],"version-history":[{"count":0,"href":"https:\/\/mussicom.com\/noticias\/wp-json\/wp\/v2\/posts\/62740\/revisions"}],"wp:featuredmedia":[{"embeddable":true,"href":"https:\/\/mussicom.com\/noticias\/wp-json\/wp\/v2\/media\/62370"}],"wp:attachment":[{"href":"https:\/\/mussicom.com\/noticias\/wp-json\/wp\/v2\/media?parent=62740"}],"wp:term":[{"taxonomy":"category","embeddable":true,"href":"https:\/\/mussicom.com\/noticias\/wp-json\/wp\/v2\/categories?post=62740"},{"taxonomy":"post_tag","embeddable":true,"href":"https:\/\/mussicom.com\/noticias\/wp-json\/wp\/v2\/tags?post=62740"}],"curies":[{"name":"wp","href":"https:\/\/api.w.org\/{rel}","templated":true}]}}