{"id":62706,"date":"2026-02-12T16:35:19","date_gmt":"2026-02-12T19:35:19","guid":{"rendered":"https:\/\/mussicom.com\/governo-do-reino-unido-tem-terceira-saida-em-uma-semana\/"},"modified":"2026-02-12T16:35:19","modified_gmt":"2026-02-12T19:35:19","slug":"governo-do-reino-unido-tem-terceira-saida-em-uma-semana","status":"publish","type":"post","link":"https:\/\/mussicom.com\/noticias\/governo-do-reino-unido-tem-terceira-saida-em-uma-semana\/","title":{"rendered":"Governo do Reino Unido tem terceira sa\u00edda em uma semana"},"content":{"rendered":"<p> <br \/>\n<\/p>\n<div id=\"tp-post-content\">\n<p class=\"postParagraph_post-paragraph__juWZN postParagraph_post-paragraph-innerHtml__Q5vwc\">A crise que assola o governo do primeiro-ministro do Reino Unido, Keir Starmer, se aprofundou nesta quinta-feira (12), com a terceira sa\u00edda de um membro da gest\u00e3o em menos de uma semana.<\/p>\n<p class=\"postParagraph_post-paragraph__juWZN postParagraph_post-paragraph-innerHtml__Q5vwc\">Em comunicado, o governo trabalhista brit\u00e2nico informou que Chris Wormald deixar\u00e1 o cargo de secret\u00e1rio do gabinete e diretor do Servi\u00e7o Civil \u201cpor m\u00fatuo acordo a partir de hoje&#8221;.<\/p>\n<p class=\"postParagraph_post-paragraph__juWZN postParagraph_post-paragraph-innerHtml__Q5vwc\">\u201cSou muito grato a sir Chris por sua longa e distinta carreira no servi\u00e7o p\u00fablico, que abrange mais de 35 anos, e pelo apoio que me deu ao longo do \u00faltimo ano. Concordei com ele que deixar\u00e1 o cargo de secret\u00e1rio do gabinete hoje. Desejo-lhe tudo de bom para o futuro\u201d, afirmou Starmer.<\/p>\n<p class=\"postParagraph_post-paragraph__juWZN postParagraph_post-paragraph-innerHtml__Q5vwc\">Dessa forma, Wormald, que estava no cargo desde dezembro de 2024, se tornou o secret\u00e1rio de gabinete brit\u00e2nico que exerceu menos tempo a fun\u00e7\u00e3o na hist\u00f3ria do pa\u00eds. Sua sa\u00edda ocorre ap\u00f3s rumores na imprensa do Reino Unido de que o premi\u00ea estava insatisfeito com o trabalho dele.<\/p>\n<p class=\"postParagraph_post-paragraph__juWZN postParagraph_post-paragraph-innerHtml__Q5vwc\">No domingo (8) e na segunda-feira (9), respectivamente, Starmer j\u00e1 havia perdido dois nomes da sua gest\u00e3o: seu chefe de gabinete e principal assessor, Morgan McSweeney, e seu diretor de Comunica\u00e7\u00e3o, Tim Allan, renunciaram.<\/p>\n<p class=\"postParagraph_post-paragraph__juWZN postParagraph_post-paragraph-innerHtml__Q5vwc\">McSweeney admitiu que havia recomendado a nomea\u00e7\u00e3o, em fevereiro de 2025, de Peter Mandelson como embaixador do Reino Unido nos Estados Unidos.<\/p>\n<p class=\"postParagraph_post-paragraph__juWZN postParagraph_post-paragraph-innerHtml__Q5vwc\">Mandelson foi destitu\u00eddo em setembro, ap\u00f3s a revela\u00e7\u00e3o da extens\u00e3o de seus v\u00ednculos com o financista americano Jeffrey Epstein, que se suicidou na pris\u00e3o em 2019, enquanto aguardava julgamento por acusa\u00e7\u00f5es de tr\u00e1fico sexual de menores.<\/p>\n<p class=\"postParagraph_post-paragraph__juWZN postParagraph_post-paragraph-innerHtml__Q5vwc\">J\u00e1 Allan alegou na segunda-feira que deixava o cargo \u201cpara permitir que se construa uma nova equipe em Downing Street\u201d, em refer\u00eancia \u00e0 rua de Londres onde fica a resid\u00eancia oficial do premi\u00ea brit\u00e2nico.<\/p>\n<p class=\"postParagraph_post-paragraph__juWZN postParagraph_post-paragraph-innerHtml__Q5vwc\">Na semana passada, Starmer admitiu que tinha conhecimento das liga\u00e7\u00f5es de Mandelson com Epstein quando o indicou para o cargo diplom\u00e1tico em Washington, mas alegou que o aliado \u201cmentiu\u201d sobre a \u201cextens\u00e3o\u201d desse relacionamento.<\/p>\n<p class=\"postParagraph_post-paragraph__juWZN postParagraph_post-paragraph-innerHtml__Q5vwc\">Apesar da ren\u00fancia de McSweeney, a oposi\u00e7\u00e3o e at\u00e9 mesmo aliados do primeiro-ministro, como Anas Sarwar, l\u00edder do Partido Trabalhista Escoc\u00eas, est\u00e3o pedindo a ren\u00fancia de Starmer, que est\u00e1 no cargo desde 2024.<\/p>\n<p class=\"postParagraph_post-paragraph__juWZN postParagraph_post-paragraph-innerHtml__Q5vwc\">O premi\u00ea, entretanto, tem afirmado que n\u00e3o renunciar\u00e1, mesmo com pesquisas apontando altos \u00edndices de desaprova\u00e7\u00e3o ao seu trabalho.<\/p>\n<\/div>\n<p><br \/>\n<br \/>Fonte: <a href=\"https:\/\/www.gazetadopovo.com.br\/mundo\/crise-governo-trabalhista-reino-unido-aprofunda-terceira-saida-uma-semana\/\">Revista Oeste<\/a><\/p>\n","protected":false},"excerpt":{"rendered":"<p>A crise que assola o governo do primeiro-ministro do Reino Unido, Keir Starmer, se aprofundou nesta quinta-feira (12), com a terceira sa\u00edda de um membro da gest\u00e3o em menos de uma semana. Em comunicado, o governo trabalhista brit\u00e2nico informou que Chris Wormald deixar\u00e1 o cargo de secret\u00e1rio do gabinete e diretor do Servi\u00e7o Civil \u201cpor [&hellip;]<\/p>\n","protected":false},"author":5,"featured_media":62707,"comment_status":"open","ping_status":"open","sticky":false,"template":"","format":"standard","meta":{"_seopress_robots_primary_cat":"","_seopress_titles_title":"","_seopress_titles_desc":"","_seopress_robots_index":"","footnotes":""},"categories":[48],"tags":[],"class_list":["post-62706","post","type-post","status-publish","format-standard","has-post-thumbnail","hentry","category-internacional"],"_links":{"self":[{"href":"https:\/\/mussicom.com\/noticias\/wp-json\/wp\/v2\/posts\/62706","targetHints":{"allow":["GET"]}}],"collection":[{"href":"https:\/\/mussicom.com\/noticias\/wp-json\/wp\/v2\/posts"}],"about":[{"href":"https:\/\/mussicom.com\/noticias\/wp-json\/wp\/v2\/types\/post"}],"author":[{"embeddable":true,"href":"https:\/\/mussicom.com\/noticias\/wp-json\/wp\/v2\/users\/5"}],"replies":[{"embeddable":true,"href":"https:\/\/mussicom.com\/noticias\/wp-json\/wp\/v2\/comments?post=62706"}],"version-history":[{"count":0,"href":"https:\/\/mussicom.com\/noticias\/wp-json\/wp\/v2\/posts\/62706\/revisions"}],"wp:featuredmedia":[{"embeddable":true,"href":"https:\/\/mussicom.com\/noticias\/wp-json\/wp\/v2\/media\/62707"}],"wp:attachment":[{"href":"https:\/\/mussicom.com\/noticias\/wp-json\/wp\/v2\/media?parent=62706"}],"wp:term":[{"taxonomy":"category","embeddable":true,"href":"https:\/\/mussicom.com\/noticias\/wp-json\/wp\/v2\/categories?post=62706"},{"taxonomy":"post_tag","embeddable":true,"href":"https:\/\/mussicom.com\/noticias\/wp-json\/wp\/v2\/tags?post=62706"}],"curies":[{"name":"wp","href":"https:\/\/api.w.org\/{rel}","templated":true}]}}