{"id":62699,"date":"2026-02-12T15:37:49","date_gmt":"2026-02-12T18:37:49","guid":{"rendered":"https:\/\/mussicom.com\/sao-vicente-abre-80-vagas-para-curso-de-implantacao-de-ia-em-nuvem-na-area-continental\/"},"modified":"2026-02-12T15:37:49","modified_gmt":"2026-02-12T18:37:49","slug":"sao-vicente-abre-80-vagas-para-curso-de-implantacao-de-ia-em-nuvem-na-area-continental","status":"publish","type":"post","link":"https:\/\/mussicom.com\/noticias\/sao-vicente-abre-80-vagas-para-curso-de-implantacao-de-ia-em-nuvem-na-area-continental\/","title":{"rendered":"S\u00e3o Vicente abre 80 vagas para curso de implanta\u00e7\u00e3o de IA em nuvem na \u00c1rea Continental"},"content":{"rendered":"<p> <br \/>\n<\/p>\n<div id=\"texto\">\n<p>A prefeitura de S\u00e3o Vicente, por meio da Secretaria de Emprego, Trabalho e Renda (Setre), em pareceria com a Senai, abre 80 vagas para o Curso de Implanta\u00e7\u00e3o de Servi\u00e7os de Intelig\u00eancia Artificial em Nuvem, sendo 40 delas, por per\u00edodo.<br \/>&#13;<br \/>\n\u00a0<\/p>\n<p>A capacita\u00e7\u00e3o tem como objetivo desenvolver conhecimentos que possibilitem os alunos a implementar servi\u00e7os de IA utilizando as principais tecnologias da \u00e1rea em ambientes de computa\u00e7\u00e3o via nuvem.<br \/>&#13;<br \/>\n\u00a0<\/p>\n<p>As aulas acontecem de 5 a 18 de mar\u00e7o, de segunda a sexta-feira, das 8h \u00e0s 12h (turma da manh\u00e3), e das 13h30 as 17h30 (turma da tarde), no Centro de Capacita\u00e7\u00e3o da \u00c1rea Continental (Cecap), localizado na Avenida Ulisses Guimar\u00e3es, 181 &#8211; Rio Branco.<br \/>&#13;<br \/>\n\u00a0<\/p>\n<p>As inscri\u00e7\u00f5es est\u00e3o abertas at\u00e9 2 de mar\u00e7o e devem ser realizas presencialmente, no pr\u00f3prio local de realiza\u00e7\u00e3o curso. O atendimento \u00e9 de segunda a sexta-feira, das 9h \u00e0s 16h.<br \/>&#13;<br \/>\n\u00a0<\/p>\n<p>\u00c9 necess\u00e1rio apresentar as c\u00f3pias do RG, CPF e comprovante de resid\u00eancia. Caso o candidato seja menor de idade, tamb\u00e9m devem ser apresentados os respectivos documentos do respons\u00e1vel. Os candidatos devem ter 14 anos ou mais e possuir conhecimentos b\u00e1sicos em inform\u00e1tica.<br \/>&#13;<br \/>\n\u00a0<\/p>\n<p>Mais informa\u00e7\u00f5es podem ser obtidas pelo WhatsApp da Coordenadora de Curso da Setre: (13) 99786-0317.<\/p>\n<\/p><\/div>\n<p><script async defer crossorigin=\"anonymous\" src=\"https:\/\/connect.facebook.net\/pt_BR\/sdk.js#xfbml=1&#038;version=v12.0&#038;appId=&#038;autoLogAppEvents=1\" nonce=\"ou0fI1lo\"><\/script><br \/>\n<br \/><br \/>\n<br \/>Fonte: <a href=\"https:\/\/www.bs9.com.br\/litoral\/sao-vicente-abre-80-vagas-para-curso-de-implantacao-de-ia-em-nuvem-na\/37670\/\">BS9<\/a><\/p>\n","protected":false},"excerpt":{"rendered":"<p>A prefeitura de S\u00e3o Vicente, por meio da Secretaria de Emprego, Trabalho e Renda (Setre), em pareceria com a Senai, abre 80 vagas para o Curso de Implanta\u00e7\u00e3o de Servi\u00e7os de Intelig\u00eancia Artificial em Nuvem, sendo 40 delas, por per\u00edodo.&#13; \u00a0 A capacita\u00e7\u00e3o tem como objetivo desenvolver conhecimentos que possibilitem os alunos a implementar servi\u00e7os [&hellip;]<\/p>\n","protected":false},"author":5,"featured_media":62700,"comment_status":"open","ping_status":"open","sticky":false,"template":"","format":"standard","meta":{"_seopress_robots_primary_cat":"","_seopress_titles_title":"","_seopress_titles_desc":"","_seopress_robots_index":"","footnotes":""},"categories":[52],"tags":[],"class_list":["post-62699","post","type-post","status-publish","format-standard","has-post-thumbnail","hentry","category-santoseregiao"],"_links":{"self":[{"href":"https:\/\/mussicom.com\/noticias\/wp-json\/wp\/v2\/posts\/62699","targetHints":{"allow":["GET"]}}],"collection":[{"href":"https:\/\/mussicom.com\/noticias\/wp-json\/wp\/v2\/posts"}],"about":[{"href":"https:\/\/mussicom.com\/noticias\/wp-json\/wp\/v2\/types\/post"}],"author":[{"embeddable":true,"href":"https:\/\/mussicom.com\/noticias\/wp-json\/wp\/v2\/users\/5"}],"replies":[{"embeddable":true,"href":"https:\/\/mussicom.com\/noticias\/wp-json\/wp\/v2\/comments?post=62699"}],"version-history":[{"count":0,"href":"https:\/\/mussicom.com\/noticias\/wp-json\/wp\/v2\/posts\/62699\/revisions"}],"wp:featuredmedia":[{"embeddable":true,"href":"https:\/\/mussicom.com\/noticias\/wp-json\/wp\/v2\/media\/62700"}],"wp:attachment":[{"href":"https:\/\/mussicom.com\/noticias\/wp-json\/wp\/v2\/media?parent=62699"}],"wp:term":[{"taxonomy":"category","embeddable":true,"href":"https:\/\/mussicom.com\/noticias\/wp-json\/wp\/v2\/categories?post=62699"},{"taxonomy":"post_tag","embeddable":true,"href":"https:\/\/mussicom.com\/noticias\/wp-json\/wp\/v2\/tags?post=62699"}],"curies":[{"name":"wp","href":"https:\/\/api.w.org\/{rel}","templated":true}]}}