{"id":62690,"date":"2026-02-12T15:28:05","date_gmt":"2026-02-12T18:28:05","guid":{"rendered":"https:\/\/mussicom.com\/corte-italiana-conclui-audiencias-sobre-extradicao-de-zambelli\/"},"modified":"2026-02-12T15:28:05","modified_gmt":"2026-02-12T18:28:05","slug":"corte-italiana-conclui-audiencias-sobre-extradicao-de-zambelli","status":"publish","type":"post","link":"https:\/\/mussicom.com\/noticias\/corte-italiana-conclui-audiencias-sobre-extradicao-de-zambelli\/","title":{"rendered":"Corte italiana conclui audi\u00eancias sobre extradi\u00e7\u00e3o de Zambelli"},"content":{"rendered":"<p> <br \/>\n<\/p>\n<div id=\"tp-post-content\">\n<p class=\"postParagraph_post-paragraph__juWZN postParagraph_post-paragraph-innerHtml__Q5vwc\">A Corte de Apela\u00e7\u00e3o de Roma encerrou, nesta quinta-feira (12), a fase de audi\u00eancias no caso que discute a extradi\u00e7\u00e3o da ex-deputada federal Carla Zambelli. Agora, os ju\u00edzes t\u00eam cinco dias para decidir se acatam o pedido da Justi\u00e7a brasileira ou se mant\u00eam Zambelli no pa\u00eds europeu.<\/p>\n<p class=\"postParagraph_post-paragraph__juWZN postParagraph_post-paragraph-innerHtml__Q5vwc\">Na sess\u00e3o de hoje, foram ouvidos os argumentos da defesa, da acusa\u00e7\u00e3o italiana, representada por Erminio Amelio, e do advogado Gentiloni Silveri, contratado pela Advocacia-Geral da Uni\u00e3o (AGU) para representar o Brasil no caso. A defesa j\u00e1 trabalha em um poss\u00edvel recurso ao Tribunal de Cassa\u00e7\u00e3o.<\/p>\n<p class=\"postParagraph_post-paragraph__juWZN postParagraph_post-paragraph-innerHtml__Q5vwc\">Os ju\u00edzes se negaram a ouvir o testemunho do perito Eduardo Tagliaferro. A ideia da defesa era de que o depoimento dele refor\u00e7asse a argumenta\u00e7\u00e3o de que Zambelli sofre persegui\u00e7\u00e3o pol\u00edtica por parte do ministro do Supremo Tribunal Federal (STF) Alexandre de Moraes. Os magistrados, por\u00e9m, n\u00e3o descartam ouvir o ex-assessor posteriormente, caso necess\u00e1rio.<\/p>\n<div class=\"postViewMore_post-view-more-container___5wai\" data-mrf-recirculation=\"Post - Veja tamb\u00e9m\">\n<p class=\"gp-styles-module-size-small-afeYRa gp-styles-module-font-family2-afeYRa gp-styles-module-color-secondary-afeYRa gp-styles-module-weight-bold-afeYRa\">VEJA TAMB\u00c9M:<\/p>\n<ul class=\"postViewMore_post-view-more-list__CU_CE\">\n<li class=\"postViewMore_post-view-more-item__2MzRb\"><span class=\"postViewMore_post-view-more-link-icon___stPC\"><svg xmlns=\"http:\/\/www.w3.org\/2000\/svg\" width=\"16\" height=\"16\" viewbox=\"0 0 16 16\"><rect width=\"16\" height=\"16\" fill=\"none\"\/><g transform=\"translate(3 3)\"><path d=\"M22.5,15l3.4,3.4-3.4,3.4\" transform=\"translate(-15.896 -11.793)\" fill=\"none\" stroke=\"#717171\" stroke-linecap=\"round\" stroke-width=\"1.4\"\/><path d=\"M6,6v4.2a2.452,2.452,0,0,0,2.5,2.4H16\" transform=\"translate(-6 -6)\" fill=\"none\" stroke=\"#717171\" stroke-linecap=\"round\" stroke-width=\"1.4\"\/><\/g><\/svg><\/span><span class=\"postViewMore_post-view-more-link-text__hO_kM\">Promotor italiano contesta cidadania de Zambelli em processo de extradi\u00e7\u00e3o<\/span><\/li>\n<li class=\"postViewMore_post-view-more-item__2MzRb\"><span class=\"postViewMore_post-view-more-link-icon___stPC\"><svg xmlns=\"http:\/\/www.w3.org\/2000\/svg\" width=\"16\" height=\"16\" viewbox=\"0 0 16 16\"><rect width=\"16\" height=\"16\" fill=\"none\"\/><g transform=\"translate(3 3)\"><path d=\"M22.5,15l3.4,3.4-3.4,3.4\" transform=\"translate(-15.896 -11.793)\" fill=\"none\" stroke=\"#717171\" stroke-linecap=\"round\" stroke-width=\"1.4\"\/><path d=\"M6,6v4.2a2.452,2.452,0,0,0,2.5,2.4H16\" transform=\"translate(-6 -6)\" fill=\"none\" stroke=\"#717171\" stroke-linecap=\"round\" stroke-width=\"1.4\"\/><\/g><\/svg><\/span><span class=\"postViewMore_post-view-more-link-text__hO_kM\">Julgamento de extradi\u00e7\u00e3o de Zambelli \u00e9 suspenso ap\u00f3s cinco horas<\/span><\/li>\n<\/ul>\n<\/div>\n<p class=\"postParagraph_post-paragraph__juWZN postParagraph_post-paragraph-innerHtml__Q5vwc\">O \u00faltimo dia da fase de depoimentos foi marcado por uma tens\u00e3o entre Pieremilio Sammarco, advogado que cuida das quest\u00f5es de extradi\u00e7\u00e3o, e o procurador Erminio Amelio.<\/p>\n<p class=\"postParagraph_post-paragraph__juWZN postParagraph_post-paragraph-innerHtml__Q5vwc\">&#8220;Ele disse textualmente que a cidadania italiana de Zambelli \u00e9 &#8216;apenas uma fachada&#8217; e que, formalmente, ela \u00e9 italiana, mas substancialmente n\u00e3o. \u00c9 uma absurdidade jur\u00eddica que contestei duramente em audi\u00eancia logo em seguida, quando ontem tomei a palavra&#8221;, revelou Sammarco.<\/p>\n<p class=\"postParagraph_post-paragraph__juWZN postParagraph_post-paragraph-innerHtml__Q5vwc\">Zambelli possui ascend\u00eancia italiana e, por isso, obteve a cidadania <em>jus sanguinis<\/em> (por direito de sangue). O tema, por\u00e9m, \u00e9 alvo de controv\u00e9rsias no pa\u00eds, que tem discutido a restri\u00e7\u00e3o ao direito de dupla cidadania.<\/p>\n<p class=\"postParagraph_post-paragraph__juWZN postParagraph_post-paragraph-innerHtml__Q5vwc\">O hacker Walter Delgatti Neto, conhecido como &#8220;hacker de Araraquara&#8221;, est\u00e1 no centro da a\u00e7\u00e3o que condenou Zambelli a 10 anos de pris\u00e3o. A acusa\u00e7\u00e3o \u00e9 de que a ex-deputada pagou ao criminoso para invadir os sistemas do Conselho Nacional de Justi\u00e7a (CNJ). A invas\u00e3o resultou em um mandado de pris\u00e3o de Moraes contra si pr\u00f3prio.<\/p>\n<\/div>\n<p><br \/>\n<br \/>Fonte: <a href=\"https:\/\/www.gazetadopovo.com.br\/republica\/corte-italiana-encerra-audiencias-sobre-extradicao-de-zambelli\/\">Revista Oeste<\/a><\/p>\n","protected":false},"excerpt":{"rendered":"<p>A Corte de Apela\u00e7\u00e3o de Roma encerrou, nesta quinta-feira (12), a fase de audi\u00eancias no caso que discute a extradi\u00e7\u00e3o da ex-deputada federal Carla Zambelli. Agora, os ju\u00edzes t\u00eam cinco dias para decidir se acatam o pedido da Justi\u00e7a brasileira ou se mant\u00eam Zambelli no pa\u00eds europeu. Na sess\u00e3o de hoje, foram ouvidos os argumentos [&hellip;]<\/p>\n","protected":false},"author":5,"featured_media":62691,"comment_status":"open","ping_status":"open","sticky":false,"template":"","format":"standard","meta":{"_seopress_robots_primary_cat":"","_seopress_titles_title":"","_seopress_titles_desc":"","_seopress_robots_index":"","footnotes":""},"categories":[1],"tags":[],"class_list":["post-62690","post","type-post","status-publish","format-standard","has-post-thumbnail","hentry","category-ultimas-noticias"],"_links":{"self":[{"href":"https:\/\/mussicom.com\/noticias\/wp-json\/wp\/v2\/posts\/62690","targetHints":{"allow":["GET"]}}],"collection":[{"href":"https:\/\/mussicom.com\/noticias\/wp-json\/wp\/v2\/posts"}],"about":[{"href":"https:\/\/mussicom.com\/noticias\/wp-json\/wp\/v2\/types\/post"}],"author":[{"embeddable":true,"href":"https:\/\/mussicom.com\/noticias\/wp-json\/wp\/v2\/users\/5"}],"replies":[{"embeddable":true,"href":"https:\/\/mussicom.com\/noticias\/wp-json\/wp\/v2\/comments?post=62690"}],"version-history":[{"count":0,"href":"https:\/\/mussicom.com\/noticias\/wp-json\/wp\/v2\/posts\/62690\/revisions"}],"wp:featuredmedia":[{"embeddable":true,"href":"https:\/\/mussicom.com\/noticias\/wp-json\/wp\/v2\/media\/62691"}],"wp:attachment":[{"href":"https:\/\/mussicom.com\/noticias\/wp-json\/wp\/v2\/media?parent=62690"}],"wp:term":[{"taxonomy":"category","embeddable":true,"href":"https:\/\/mussicom.com\/noticias\/wp-json\/wp\/v2\/categories?post=62690"},{"taxonomy":"post_tag","embeddable":true,"href":"https:\/\/mussicom.com\/noticias\/wp-json\/wp\/v2\/tags?post=62690"}],"curies":[{"name":"wp","href":"https:\/\/api.w.org\/{rel}","templated":true}]}}